{"id":384603,"date":"2025-09-12T06:09:11","date_gmt":"2025-09-12T06:09:11","guid":{"rendered":"https:\/\/www.europesays.com\/fr\/384603\/"},"modified":"2025-09-12T06:09:11","modified_gmt":"2025-09-12T06:09:11","slug":"le-gazaoui-sauve-du-suicide-a-lyon-temoigne","status":"publish","type":"post","link":"https:\/\/www.europesays.com\/fr\/384603\/","title":{"rendered":"le Gazaoui sauv\u00e9 du suicide \u00e0 Lyon t\u00e9moigne"},"content":{"rendered":"<p>Sabreen Raed Ahmad Mohd Wadi, 22 ans, demande une chose, une seule\u00a0: que sa famille puisse quitter la bande de Gaza et \u00eatre rapatri\u00e9e en France.<\/p>\n<p>Dimanche 7\u00a0septembre, un peu avant de menacer de <a href=\"https:\/\/www.leprogres.fr\/faits-divers-justice\/2025\/09\/07\/un-refugie-palestinien-menace-de-se-jeter-dans-le-vide-depuis-le-parking-des-halles-de-lyon\" target=\"_blank\" rel=\"nofollow noopener\">se jeter du 5e\u00a0 \u00e9tage du parking des Halles \u00e0 Lyon<\/a>, le jeune homme avait re\u00e7u une vid\u00e9o tourn\u00e9e dans les ruines de sa maison victime d\u2019un bombardement. L\u2019un de ses petits fr\u00e8res y appara\u00eet recouvert de poussi\u00e8re. Tout autour, on per\u00e7oit le chaos. Sabreen Raed Mohd Wadi n\u2019a pas support\u00e9.<\/p>\n<p>D\u2019autant moins qu\u2019il n\u2019est plus en capacit\u00e9 d\u2019aider les siens. Il y a moins de deux semaines encore, le jeune homme vivait et surtout travaillait outre-Rhin chez le transporteur Hermes. \u00ab\u00a0Ce qui me permettait d\u2019envoyer chaque mois de&#8230;<\/p>\n","protected":false},"excerpt":{"rendered":"Sabreen Raed Ahmad Mohd Wadi, 22 ans, demande une chose, une seule\u00a0: que sa famille puisse quitter la&hellip;\n","protected":false},"author":2,"featured_media":384604,"comment_status":"","ping_status":"","sticky":false,"template":"","format":"standard","meta":{"footnotes":""},"categories":[1889],"tags":[1111,11,2430,2757,1777,674,274,107,1011,27,2428,2756,12,316,25,2429],"class_list":{"0":"post-384603","1":"post","2":"type-post","3":"status-publish","4":"format-standard","5":"has-post-thumbnail","7":"category-lyon","8":"tag-actu","9":"tag-actualites","10":"tag-auvergne-rhone-alpes","11":"tag-edition-lyon-villeurbanne","12":"tag-eu","13":"tag-europe","14":"tag-faits-divers-justice","15":"tag-fil-info","16":"tag-fr","17":"tag-france","18":"tag-lyon","19":"tag-lyon-bassin","20":"tag-news","21":"tag-politique","22":"tag-republique-francaise","23":"tag-rhone"},"share_on_mastodon":{"url":"https:\/\/pubeurope.com\/@fr\/115189839552144501","error":""},"_links":{"self":[{"href":"https:\/\/www.europesays.com\/fr\/wp-json\/wp\/v2\/posts\/384603","targetHints":{"allow":["GET"]}}],"collection":[{"href":"https:\/\/www.europesays.com\/fr\/wp-json\/wp\/v2\/posts"}],"about":[{"href":"https:\/\/www.europesays.com\/fr\/wp-json\/wp\/v2\/types\/post"}],"author":[{"embeddable":true,"href":"https:\/\/www.europesays.com\/fr\/wp-json\/wp\/v2\/users\/2"}],"replies":[{"embeddable":true,"href":"https:\/\/www.europesays.com\/fr\/wp-json\/wp\/v2\/comments?post=384603"}],"version-history":[{"count":0,"href":"https:\/\/www.europesays.com\/fr\/wp-json\/wp\/v2\/posts\/384603\/revisions"}],"wp:featuredmedia":[{"embeddable":true,"href":"https:\/\/www.europesays.com\/fr\/wp-json\/wp\/v2\/media\/384604"}],"wp:attachment":[{"href":"https:\/\/www.europesays.com\/fr\/wp-json\/wp\/v2\/media?parent=384603"}],"wp:term":[{"taxonomy":"category","embeddable":true,"href":"https:\/\/www.europesays.com\/fr\/wp-json\/wp\/v2\/categories?post=384603"},{"taxonomy":"post_tag","embeddable":true,"href":"https:\/\/www.europesays.com\/fr\/wp-json\/wp\/v2\/tags?post=384603"}],"curies":[{"name":"wp","href":"https:\/\/api.w.org\/{rel}","templated":true}]}}