{"id":384613,"date":"2025-09-12T06:15:12","date_gmt":"2025-09-12T06:15:12","guid":{"rendered":"https:\/\/www.europesays.com\/fr\/384613\/"},"modified":"2025-09-12T06:15:12","modified_gmt":"2025-09-12T06:15:12","slug":"affaire-cohen-legrand-les-patronnes-de-laudiovisuel-public-sommees-par-larcom-de-sexpliquer","status":"publish","type":"post","link":"https:\/\/www.europesays.com\/fr\/384613\/","title":{"rendered":"Affaire Cohen-Legrand : les patronnes de l&rsquo;audiovisuel public somm\u00e9es par l&rsquo;Arcom de s&rsquo;expliquer"},"content":{"rendered":"<p class=\"p1\">Un nouveau rebondissement dans l\u2019affaire Cohen-Legrand. Alors que la s\u00e9quence film\u00e9e dans un restaurant parisien, dans laquelle les journalistes du service public Thomas Legrand et <a href=\"https:\/\/www.valeursactuelles.com\/clubvaleurs\/societe\/affaire-legrand-cohen-patrick-cohen-face-a-ses-contradictions\" target=\"_blank\" rel=\"noopener nofollow\">Patrick Cohen<\/a> discutent avec des responsables du Parti socialiste, l\u2019Arcom a annonc\u00e9 vouloir auditionner les dirigeantes de <a href=\"https:\/\/www.valeursactuelles.com\/clubvaleurs\/societe\/affaire-thomas-legrand-patrick-cohen-le-vrai-visage-du-service-public\" rel=\"nofollow noopener\" target=\"_blank\">France T\u00e9l\u00e9visions et de Radio France<\/a>. \u00ab\u00a0Le coll\u00e8ge de l\u2019Arcom\u00a0[\u2026]\u00a0a d\u00e9cid\u00e9 de recevoir en audition successivement, dans les prochains jours, les pr\u00e9sidentes de France T\u00e9l\u00e9visions et Radio France, afin de recueillir leurs explications et observations\u00a0\u00bb, explique\u00a0le r\u00e9gulateur de l\u2019audiovisuel, jeudi 11 septembre.<\/p>\n<p><a href=\"https:\/\/www.valeursactuelles.com\/clubvaleurs\/culture\/legrand-et-cohen-ou-la-deontologie-a-geometrie-variable\" class=\"h-flex h-align-items-center h-border-tb h-ptb-15\" rel=\"nofollow noopener\" target=\"_blank\">A\u00a0LIRE\u00a0Thomas Legrand et Patrick Cohen ou la d\u00e9ontologie \u00e0 g\u00e9om\u00e9trie variable<\/a>                    <img class=\"lazy\" decoding=\"async\" src=\"https:\/\/www.europesays.com\/fr\/wp-content\/uploads\/2025\/09\/1757657712_488_maxresdefault.jpg\" alt=\"Vid\u00e9o YouTube\" style=\"width: 100%; height: auto; display: block;\"\/><\/p>\n<p>                        Chargement\u2026                    <\/p>\n<p class=\"p1\">Apr\u00e8s la diffusion le 5\u00a0septembre par le m\u00e9dia\u00a0L\u2019Incorrect, l\u2019autorit\u00e9 avait \u00e9t\u00e9 saisie \u00e0 de nombreuses reprises. Lors de la conversation m\u00ealant Thomas Legrand, chroniqueur \u00e0\u00a0Lib\u00e9ration\u00a0et sur France Inter, Patrick Cohen, journaliste sur France Inter et sur\u00a0C \u00e0 vous\u00a0(France 5), Pierre Jouvet, secr\u00e9taire g\u00e9n\u00e9ral du PS, ainsi que Luc Broussy, pr\u00e9sident du conseil national du parti, le premier avait d\u00e9clar\u00e9 : \u00ab\u00a0Nous, on fait ce qu\u2019il faut pour (Rachida) Dati, Patrick (Cohen) et moi\u00a0\u00bb.<\/p>\n<p>\u00ab\u00a0L\u2019exigence d\u2019ind\u00e9pendance et d\u2019impartialit\u00e9 du secteur public\u00a0\u00bb<\/p>\n<p class=\"p1\">Des propos qui avaient fait vivement r\u00e9agir du c\u00f4t\u00e9 du Rassemblement national et chez les R\u00e9publicains. Dans le <a href=\"https:\/\/www.lejdd.fr\/medias\/affaire-cohen-legrand-le-senateur-max-brisson-appelle-larcom-a-des-sanctions-claires-161701\" target=\"_blank\" rel=\"nofollow noopener\">JDD<\/a>, le collectif de s\u00e9nateurs LR a publi\u00e9 une lettre ouverte pour r\u00e9clamer au pr\u00e9sident de l\u2019Arcom des\u00a0\u00ab\u00a0sanctions claires\u00a0\u00bb. Selon eux, cette pol\u00e9mique \u00ab\u00a0r\u00e9v\u00e8le un syst\u00e8me d\u2019entre-soi m\u00e9diatico-politique qui brouille les fronti\u00e8res entre information et militantisme\u00a0\u00bb.<\/p>\n<p class=\"p1\">L\u2019Arcom a ainsi \u00ab\u00a0d\u00e9cid\u00e9 d\u2019engager une r\u00e9flexion plus large sur l\u2019exigence d\u2019ind\u00e9pendance et d\u2019impartialit\u00e9 du secteur public de la communication audiovisuelle\u00a0\u00bb. Quant au Comit\u00e9 d\u2019\u00e9thique de France T\u00e9l\u00e9visions, il \u00ab\u00a0a d\u00e9cid\u00e9 de se saisir de cette affaire et publiera prochainement son avis\u00a0\u00bb. L\u2019audition des deux pr\u00e9sidentes par\u00a0le r\u00e9gulateur de l\u2019audiovisuel se d\u00e9roulera \u00e0 huis clos.<\/p>\n","protected":false},"excerpt":{"rendered":"Un nouveau rebondissement dans l\u2019affaire Cohen-Legrand. Alors que la s\u00e9quence film\u00e9e dans un restaurant parisien, dans laquelle les&hellip;\n","protected":false},"author":2,"featured_media":384614,"comment_status":"","ping_status":"","sticky":false,"template":"","format":"standard","meta":{"footnotes":""},"categories":[1888],"tags":[11,4690,18944,1777,674,1011,27,8299,12,626,3541,13960,25],"class_list":{"0":"post-384613","1":"post","2":"type-post","3":"status-publish","4":"format-standard","5":"has-post-thumbnail","7":"category-paris","8":"tag-actualites","9":"tag-arcom","10":"tag-audition","11":"tag-eu","12":"tag-europe","13":"tag-fr","14":"tag-france","15":"tag-journalistes","16":"tag-news","17":"tag-paris","18":"tag-parti-socialiste","19":"tag-patrick-cohen","20":"tag-republique-francaise"},"share_on_mastodon":{"url":"https:\/\/pubeurope.com\/@fr\/115189863191558238","error":""},"_links":{"self":[{"href":"https:\/\/www.europesays.com\/fr\/wp-json\/wp\/v2\/posts\/384613","targetHints":{"allow":["GET"]}}],"collection":[{"href":"https:\/\/www.europesays.com\/fr\/wp-json\/wp\/v2\/posts"}],"about":[{"href":"https:\/\/www.europesays.com\/fr\/wp-json\/wp\/v2\/types\/post"}],"author":[{"embeddable":true,"href":"https:\/\/www.europesays.com\/fr\/wp-json\/wp\/v2\/users\/2"}],"replies":[{"embeddable":true,"href":"https:\/\/www.europesays.com\/fr\/wp-json\/wp\/v2\/comments?post=384613"}],"version-history":[{"count":0,"href":"https:\/\/www.europesays.com\/fr\/wp-json\/wp\/v2\/posts\/384613\/revisions"}],"wp:featuredmedia":[{"embeddable":true,"href":"https:\/\/www.europesays.com\/fr\/wp-json\/wp\/v2\/media\/384614"}],"wp:attachment":[{"href":"https:\/\/www.europesays.com\/fr\/wp-json\/wp\/v2\/media?parent=384613"}],"wp:term":[{"taxonomy":"category","embeddable":true,"href":"https:\/\/www.europesays.com\/fr\/wp-json\/wp\/v2\/categories?post=384613"},{"taxonomy":"post_tag","embeddable":true,"href":"https:\/\/www.europesays.com\/fr\/wp-json\/wp\/v2\/tags?post=384613"}],"curies":[{"name":"wp","href":"https:\/\/api.w.org\/{rel}","templated":true}]}}