{"id":384619,"date":"2025-09-12T06:18:11","date_gmt":"2025-09-12T06:18:11","guid":{"rendered":"https:\/\/www.europesays.com\/fr\/384619\/"},"modified":"2025-09-12T06:18:11","modified_gmt":"2025-09-12T06:18:11","slug":"un-peu-moins-de-la-moitie-des-francais-soutiennent-la-coalition-des-volontaires-selon-un-sondage","status":"publish","type":"post","link":"https:\/\/www.europesays.com\/fr\/384619\/","title":{"rendered":"un peu moins de la moiti\u00e9 des Fran\u00e7ais soutiennent la \u00abcoalition des volontaires\u00bb, selon un sondage"},"content":{"rendered":"<p>L\u2019\u00e9tude de l\u2019IFOP montre \u00e9galement que 75% des Fran\u00e7ais soutiennent des \u00abgaranties de s\u00e9curit\u00e9 fortes\u00bb et que 72% d\u2019entre eux consid\u00e8rent la Russie comme une menace.<\/p>\n<p class=\"fig-paragraph\">Une petite moiti\u00e9. 47% des Fran\u00e7ais \u00absouhaitent que la France fasse partie des pays volontaires charg\u00e9s de faire respecter le cessez-le-feu\u00bb, selon un sondage de l\u2019Institut fran\u00e7ais d\u2019opinion publique (IFOP), paru ce vendredi 12 septembre. Dans le m\u00eame temps, 36% s\u2019y opposent et 17% ne savent pas. Cette \u00abcoalition des volontaires\u00bb,\u00a0<a href=\"http:\/\/www.lefigaro.fr\/vox\/monde\/guerre-en-ukraine-coalition-des-volontaires-ou-coalition-des-impuissants-20250907\" data-fig-type=\"Article\" data-gtm-custom-categorie=\"navigation\" data-gtm-custom-action=\"crossclick\" data-gtm-custom-label=\"Contextuel\" data-gtm-event=\"customEventSPE\" data-fig-domain=\"LEFIGARO\" rel=\"nofollow noopener\" target=\"_blank\">port\u00e9e par Paris et Londres<\/a>, a \u00e9t\u00e9 cr\u00e9\u00e9 en mars 2025 regroupe vingt-six pays, principalement europ\u00e9ens. Emmanuel Macron, au cours\u00a0<a href=\"http:\/\/www.lefigaro.fr\/international\/la-coalition-des-volontaires-cherche-toujours-a-confirmer-le-soutien-de-donald-trump-20250904\" data-fig-type=\"Article\" data-gtm-custom-categorie=\"navigation\" data-gtm-custom-action=\"crossclick\" data-gtm-custom-label=\"Contextuel\" data-gtm-event=\"customEventSPE\" data-fig-domain=\"LEFIGARO\" rel=\"nofollow noopener\" target=\"_blank\">d\u2019une visite de Volodymyr Zelensky le 4 septembre<\/a>, a annonc\u00e9 que les \u00e9tats-majors de ces pays se \u00abcoordonnent\u00bb pour \u00abd\u00e9ployer des garanties de s\u00e9curit\u00e9 pour l\u2019Ukraine\u00bb d\u00e8s \u00able cessez-le-feu\u00bb.<\/p>\n<p class=\"fig-paragraph\">\u00abJe ne donnerai pas le d\u00e9tail des forces de r\u00e9assurance pour ne pas nous d\u00e9couvrir. C\u2019est notre ligne de d\u00e9fense et celle de l\u2019Ukraine. Nous n\u2019allons pas montrer notre plan \u00e0 la Russie de Monsieur Poutine\u00bb, avait justifi\u00e9 le pr\u00e9sident de la R\u00e9publique.\u00a0En mars dernier, un pr\u00e9c\u00e9dent sondage de l\u2019IFOP montrait que 36% seulement des Fran\u00e7ais \u00e9taient favorables \u00e0 \u00abl\u2019envoi de troupes europ\u00e9ennes en Ukraine dans le cadre d\u2019une intervention militaire terrestre\u00bb. \u00abLa tendance semble positive quant \u00e0 l\u2019envoi de troupes. Toutefois, il faut pr\u00e9ciser que la question n\u2019\u00e9tait pas absolument\u00a0<br \/>identique\u00bb, pr\u00e9cise aujourd\u2019hui l\u2019IFOP.<\/p>\n<p>                                    <a class=\"fig-a11y-skip a11y-hidden\" href=\"#fig-a11y-skip-main-inarticle\"><br \/>\n        Passer la publicit\u00e9<br \/>\n    <\/a><\/p>\n<p class=\"fig-paragraph\">Le Rassemblement national se distingue en \u00e9tant le seul parti largement d\u00e9favorable \u00e0 cette participation avec 35% de ses sympathisants qui s\u2019y opposent. Renaissance et les R\u00e9publicains y sont respectivement favorables \u00e0 75% et 70%. \u00c0 gauche, la majorit\u00e9 est faible avec 60% pour les \u00e9cologistes et le Parti socialiste et 57% pour les proches de La France Insoumise. Plus g\u00e9n\u00e9ralement, la fracture est moins politique que professionnelle. Les cat\u00e9gories sociales les plus favoris\u00e9es soutiennent davantage l\u2019initiative que celles d\u00e9favoris\u00e9es. \u00abPlus le revenu est faible, plus on craint pour soi-m\u00eame et moins on est favorable \u00e0 ce qui s\u2019apparente \u00e0 un risque\u00bb, analyse l\u2019IFP.<\/p>\n<p class=\"fig-body-link\">\n            \u00c0 lire aussi<br \/>\n        <a class=\"fig-body-link__link fig-premium-mark\" href=\"http:\/\/www.lefigaro.fr\/vox\/monde\/guerre-en-ukraine-coalition-des-volontaires-ou-coalition-des-impuissants-20250907\" target=\"_blank\" data-fig-type=\"Article\" rel=\"noopener nofollow\" data-gtm-custom-categorie=\"navigation\" data-gtm-custom-action=\"crossclick\" data-gtm-custom-label=\"Contextuel\" data-gtm-event=\"customEventSPE\" data-fig-domain=\"LEFIGARO\">Guerre en Ukraine\u00a0: \u00abCoalition des volontaires ou coalition des impuissants\u00a0?\u00a0\u00bb<br \/>\n    <\/a>\n<\/p>\n<p class=\"fig-paragraph\">75% des Fran\u00e7ais soutiennent des \u00abgaranties de s\u00e9curit\u00e9 fortes\u00bb pour qu\u2019un \u00e9ventuel cessez-le-feu soit respect\u00e9. Tous les partis politiques, \u00e0 l\u2019exception du Rassemblement national (67%), les jugent n\u00e9cessaires \u00e0 plus de 80%. Toutefois, la forme que pourraient prendre celles-ci est diff\u00e9rente. 61% des sond\u00e9s souhaitent que l\u2019Ukraine \u00abint\u00e8gre progressivement l\u2019Otan\u00bb, 59% que se poursuive la fourniture \u00abd\u2019armes et d\u2019\u00e9quipements militaires pour assurer sa s\u00e9curit\u00e9\u00bb, 56% qu\u2019elle \u00abint\u00e8gre progressivement l\u2019Union europ\u00e9enne\u00bb. En revanche, une majorit\u00e9 (53%) rejette \u00abl\u2019envoi de troupes occidentales ou europ\u00e9ennes en Ukraine comme l\u2019ont fait les \u00c9tats-Unis en Cor\u00e9e du Sud\u00bb.<\/p>\n<p>La Russie consid\u00e9r\u00e9e comme une menace pour la souverainet\u00e9 des \u00e9tats de l\u2019Union europ\u00e9enne<\/p>\n<p class=\"fig-paragraph\">Pour l\u2019heure, aucune chancellerie n\u2019a formul\u00e9 pr\u00e9cis\u00e9ment la forme que pourraient prendre des garanties de s\u00e9curit\u00e9 \u00e0 l\u2019issue du conflit. Emmanuel Macron avait provoqu\u00e9 une bronca en f\u00e9vrier 2024 en affirmant \u00abqu\u2019il n\u2019y a pas de consensus aujourd\u2019hui pour envoyer de mani\u00e8re officielle, assum\u00e9e et endoss\u00e9e des troupes au sol. Mais en dynamique, rien ne doit \u00eatre exclu\u00bb. D\u2019autant que l\u2019Ukraine avait d\u00e9j\u00e0 re\u00e7u des garanties de s\u00e9curit\u00e9 en 1994. La Russie s\u2019\u00e9tait engag\u00e9e, via\u00a0le m\u00e9morandum\u00a0de Budapest,\u00a0\u00e0 respecter les fronti\u00e8res ukrainiennes en \u00e9change du d\u00e9sarmement nucl\u00e9aire de Kiev. Le Royaume-Uni et les \u00c9tats-Unis \u00e9taient garants de l\u2019accord. Ce qui n\u2019a pas emp\u00each\u00e9 Vladimir Poutine de conqu\u00e9rir 20% de l\u2019Ukraine vingt ans plus tard.<\/p>\n<p class=\"fig-paragraph\">Les Fran\u00e7ais, d\u2019apr\u00e8s le sondage de l\u2019IFOP, consid\u00e8re \u00e0 72% la Russie comme \u00abune menace pour la souverainet\u00e9 des \u00c9tats de l\u2019Union europ\u00e9enne\u00bb. Un taux qui s\u2019\u00e9l\u00e8ve \u00e0 90% pour les \u00e9lecteurs du Parti socialiste, mais \u00e0 54% au Rassemblement national. \u00abLa Russie est un grand comp\u00e9titeur qui a ouvertement d\u00e9sign\u00e9 la France comme son premier adversaire en Europe\u00bb, avait alert\u00e9, mi-juillet, l\u2019ancien chef d\u2019\u00e9tat-major des Arm\u00e9es, le g\u00e9n\u00e9ral Thierry Burkhard. \u00abC\u2019est assum\u00e9\u00a0: la Russie est construite sur son syst\u00e8me de force et qui y consacre aujourd\u2019hui encore des efforts colossaux, qu\u2019on a du mal \u00e0 imaginer\u00bb, avait-il ajout\u00e9.<\/p>\n<p class=\"fig-body-link\">\n            \u00c0 lire aussi<br \/>\n        <a class=\"fig-body-link__link\" href=\"http:\/\/www.lefigaro.fr\/international\/la-russie-a-designe-la-france-comme-son-principal-adversaire-en-europe-selon-le-chef-d-etat-major-thierry-burkhard-20250711\" target=\"_blank\" data-fig-type=\"NewsFlash\" rel=\"noopener nofollow\" data-gtm-custom-categorie=\"navigation\" data-gtm-custom-action=\"crossclick\" data-gtm-custom-label=\"Contextuel\" data-gtm-event=\"customEventSPE\" data-fig-domain=\"LEFIGARO\">Pour le g\u00e9n\u00e9ral Burkhard, la Russie \u00aba d\u00e9sign\u00e9 la France comme son premier adversaire en Europe\u00bb<br \/>\n    <\/a>\n<\/p>\n<p class=\"fig-paragraph\">Dans la nuit de mardi \u00e0 mercredi, Emmanuel Macron a d\u00e9nonc\u00e9 \u00abl\u2019incursion de drones russes dans l\u2019espace a\u00e9rien polonais au cours d\u2019une attaque conduite par la Russie contre l\u2019Ukraine est tout simplement inacceptable\u00bb. Dix-neuf violations de l\u2019espace a\u00e9rien polonais, fervent soutien de l\u2019Ukraine, ont\u00a0<a href=\"http:\/\/www.lefigaro.fr\/international\/guerre-en-ukraine-qu-est-ce-que-l-article-4-de-l-otan-invoque-par-plusieurs-pays-europeens-20220224\" target=\"_blank\" data-fig-type=\"Article\" rel=\"noopener nofollow\" data-gtm-custom-categorie=\"navigation\" data-gtm-custom-action=\"crossclick\" data-gtm-custom-label=\"Contextuel\" data-gtm-event=\"customEventSPE\" data-fig-domain=\"LEFIGARO\">\u00e9t\u00e9 enregistr\u00e9es<\/a>. La Pologne, membre de l\u2019Otan et de l\u2019Union europ\u00e9enne, a demand\u00e9 \u00e0 l\u2019Otan d\u2019activer l\u2019Article 4 du trait\u00e9 Atlantique qui pr\u00e9voit des consultations entre alli\u00e9s en cas de menace contre l\u2019un de ses membres.<\/p>\n","protected":false},"excerpt":{"rendered":"L\u2019\u00e9tude de l\u2019IFOP montre \u00e9galement que 75% des Fran\u00e7ais soutiennent des \u00abgaranties de s\u00e9curit\u00e9 fortes\u00bb et que 72%&hellip;\n","protected":false},"author":2,"featured_media":384620,"comment_status":"","ping_status":"","sticky":false,"template":"","format":"standard","meta":{"footnotes":""},"categories":[1590],"tags":[11,1777,674,131,12,220],"class_list":{"0":"post-384619","1":"post","2":"type-post","3":"status-publish","4":"format-standard","5":"has-post-thumbnail","7":"category-ukraine","8":"tag-actualites","9":"tag-eu","10":"tag-europe","11":"tag-guerre-en-ukraine","12":"tag-news","13":"tag-ukraine"},"share_on_mastodon":{"url":"https:\/\/pubeurope.com\/@fr\/115189875048118705","error":""},"_links":{"self":[{"href":"https:\/\/www.europesays.com\/fr\/wp-json\/wp\/v2\/posts\/384619","targetHints":{"allow":["GET"]}}],"collection":[{"href":"https:\/\/www.europesays.com\/fr\/wp-json\/wp\/v2\/posts"}],"about":[{"href":"https:\/\/www.europesays.com\/fr\/wp-json\/wp\/v2\/types\/post"}],"author":[{"embeddable":true,"href":"https:\/\/www.europesays.com\/fr\/wp-json\/wp\/v2\/users\/2"}],"replies":[{"embeddable":true,"href":"https:\/\/www.europesays.com\/fr\/wp-json\/wp\/v2\/comments?post=384619"}],"version-history":[{"count":0,"href":"https:\/\/www.europesays.com\/fr\/wp-json\/wp\/v2\/posts\/384619\/revisions"}],"wp:featuredmedia":[{"embeddable":true,"href":"https:\/\/www.europesays.com\/fr\/wp-json\/wp\/v2\/media\/384620"}],"wp:attachment":[{"href":"https:\/\/www.europesays.com\/fr\/wp-json\/wp\/v2\/media?parent=384619"}],"wp:term":[{"taxonomy":"category","embeddable":true,"href":"https:\/\/www.europesays.com\/fr\/wp-json\/wp\/v2\/categories?post=384619"},{"taxonomy":"post_tag","embeddable":true,"href":"https:\/\/www.europesays.com\/fr\/wp-json\/wp\/v2\/tags?post=384619"}],"curies":[{"name":"wp","href":"https:\/\/api.w.org\/{rel}","templated":true}]}}