{"id":384621,"date":"2025-09-12T06:19:10","date_gmt":"2025-09-12T06:19:10","guid":{"rendered":"https:\/\/www.europesays.com\/fr\/384621\/"},"modified":"2025-09-12T06:19:10","modified_gmt":"2025-09-12T06:19:10","slug":"les-etats-unis-ralentissent-alors-que-leurope-accelere","status":"publish","type":"post","link":"https:\/\/www.europesays.com\/fr\/384621\/","title":{"rendered":"les \u00c9tats-Unis ralentissent alors que l\u2019Europe acc\u00e9l\u00e8re"},"content":{"rendered":"<p>    Apr\u00e8s les \u00e9clats de voix de Donald Trump vient l\u2019heure de faire les comptes\u00a0: en ces premiers jours de septembre, l\u2019\u00e9conomie US ralentit. Peut-\u00eatre car pour les Am\u00e9ricains, les droits de douane ne sont rien d\u2019autre que des imp\u00f4ts suppl\u00e9mentaires.<br \/>\n                kirill_makarov &#8211; stock.adobe.com &#8211; Figaro Patrimoine et Bourse<\/p>\n<p>Voil\u00e0 maintenant 5 mois que Donald Trump a proclam\u00e9 son \u00abLiberation Day\u00bb. Mais aux \u00c9tats-Unis o\u00f9 des hausses massives de droits de douane se sont concr\u00e9tis\u00e9es, la croissance ralentit. Comment se porte l\u2019Europe, puissance exportatrice s\u2019il en est\u00a0? Mieux\u00a0! Nos explications.<\/p>\n<p class=\"fig-paragraph\">Et si malgr\u00e9 un environnement politique encombr\u00e9 en ces premiers jours de septembre, la visibilit\u00e9 \u00e9conomique se d\u00e9gageait\u00a0? Depuis le d\u00e9but de l\u2019ann\u00e9e aux \u00c9tats-Unis, les multiples annonces de l\u2019Administration Trump sur les droits de douane et les expulsions de ressortissants \u00e9trangers ont brouill\u00e9 les pistes, mais la poussi\u00e8re semble retomber.<\/p>\n<p>Toujours de l\u2019inflation dans l\u2019air aux \u00c9tats-Unis&#8230;<\/p>\n<p class=\"fig-paragraph\">Outre-Atlantique, les derniers indicateurs d\u2019activit\u00e9 manufacturi\u00e8re (<a href=\"https:\/\/www.pmi.spglobal.com\/Public\/Home\/PressRelease\/df168689391f4870866542d4d83626f2\" target=\"_blank\" rel=\"sponsored noopener\" data-gtm-custom-categorie=\"navigation\" data-gtm-custom-action=\"crossclick\" data-gtm-custom-label=\"Contextuel\" data-gtm-event=\"customEventSPE\">PMI<\/a>\u00a0et\u00a0<a href=\"https:\/\/www.ismworld.org\/supply-management-news-and-reports\/reports\/ism-pmi-reports\/pmi\/august\/\" target=\"_blank\" rel=\"sponsored noopener\" data-gtm-custom-categorie=\"navigation\" data-gtm-custom-action=\"crossclick\" data-gtm-custom-label=\"Contextuel\" data-gtm-event=\"customEventSPE\">ISM<\/a>) \u00e9taient contrast\u00e9s mais s\u2019accordent sur les hausses de prix cons\u00e9cutives aux tariffs, ce qui vaut aussi\u00a0<a href=\"https:\/\/www.ismworld.org\/supply-management-news-and-reports\/reports\/ism-pmi-reports\/services\/august\/\" target=\"_blank\" rel=\"sponsored noopener\" data-gtm-custom-categorie=\"navigation\" data-gtm-custom-action=\"crossclick\" data-gtm-custom-label=\"Contextuel\" data-gtm-event=\"customEventSPE\">dans les services<\/a>. Gare \u00e0 la persistance de l\u2019inflation am\u00e9ricaine.<\/p>\n<p class=\"fig-paragraph\">Quant au dernier rapport mensuel sur l\u2019emploi du Bureau of Labor Statistics (BLS), la \u00abreine des statistiques\u00bb US,\u00a0<a href=\"https:\/\/docs.google.com\/spreadsheets\/d\/1LxHMq8cc7pJTIwEhN7Bpv1skI7Moq28iBmVtcfTf_iY\/edit?usp=sharing\" target=\"_blank\" rel=\"sponsored noopener\" data-gtm-custom-categorie=\"navigation\" data-gtm-custom-action=\"crossclick\" data-gtm-custom-label=\"Contextuel\" data-gtm-event=\"customEventSPE\">il \u00e9tait franchement mauvais<\/a>\u00a0: pour le quatri\u00e8me mois de suite en ao\u00fbt, les cr\u00e9ations de postes (22.000 contre 75.000 attendues) ont \u00e9t\u00e9 basses, d\u2019autant plus que selon Goldman Sachs, il en faut au moins 80.000 pour stabiliser un ch\u00f4mage d\u2019ailleurs remont\u00e9 \u00e0 4,3%, au plus haut\u2026<\/p>\n<p class=\"fig-premium-paywall__infos\">\n        Cet article est r\u00e9serv\u00e9 aux abonn\u00e9s.        Il vous reste 61% \u00e0 d\u00e9couvrir.\n    <\/p>\n<p class=\"fig-premium-paywall__title\">Vous avez envie de lire la suite ?<\/p>\n<p class=\"fig-premium-paywall__subtitle\">D\u00e9bloquez tous les articles imm\u00e9diatement.<\/p>\n<p class=\"fig-premium-paywall__connect\">\n                D\u00e9j\u00e0 abonn\u00e9 ?                <a class=\"fig-premium-paywall__connect-link\" href=\"https:\/\/connect.lefigaro.fr\/login?client=bourse_web&amp;type=main&amp;redirect_uri=https%3A%2F%2Fbourse.lefigaro.fr%2Factu-conseils%2Fle-paradoxe-trump-les-etats-unis-ralentissent-alors-que-l-europe-accelere-20250912\" data-js-gtm=\"{&quot;customCategorie&quot;: &quot;conversion&quot;, &quot;customAction&quot;: &quot;before_Landing_Connexion_paywall_auto&quot;, &quot;customLabel&quot;: &quot;Ym91cnNlLmxlZmlnYXJvLmZyX18xZjA4ZjA5Ni1iNzMwLTZlYTYtYTdmZC1iMzNhNzc2YzUxYzNfX0FydGljbGU=_Le \u00abparadoxe Trump\u00bb\u00a0: les \u00c9tats-Unis ralentissent alors que l\u2019Europe acc\u00e9l\u00e8re_395&quot;, &quot;customIDSPE&quot;: &quot;Ym91cnNlLmxlZmlnYXJvLmZyX18xZjA4ZjA5Ni1iNzMwLTZlYTYtYTdmZC1iMzNhNzc2YzUxYzNfX0FydGljbGU=&quot;, &quot;event&quot;: &quot;customEventSPE&quot;}\" target=\"_blank\" rel=\"noopener\"><br \/>\n                    Connectez-vous<br \/>\n                <\/a>\n            <\/p>\n","protected":false},"excerpt":{"rendered":"Apr\u00e8s les \u00e9clats de voix de Donald Trump vient l\u2019heure de faire les comptes\u00a0: en ces premiers jours&hellip;\n","protected":false},"author":2,"featured_media":384622,"comment_status":"","ping_status":"","sticky":false,"template":"","format":"standard","meta":{"footnotes":""},"categories":[1589],"tags":[11,340,73,1866,399,12,2551,7879,1864,1865,1863,308],"class_list":{"0":"post-384621","1":"post","2":"type-post","3":"status-publish","4":"format-standard","5":"has-post-thumbnail","7":"category-etats-unis","8":"tag-actualites","9":"tag-bourse","10":"tag-etats-unis","11":"tag-etats-unis-damerique","12":"tag-investissement","13":"tag-news","14":"tag-patrimoine","15":"tag-pea","16":"tag-united-states","17":"tag-united-states-of-america","18":"tag-us","19":"tag-usa"},"share_on_mastodon":{"url":"https:\/\/pubeurope.com\/@fr\/115189878822500835","error":""},"_links":{"self":[{"href":"https:\/\/www.europesays.com\/fr\/wp-json\/wp\/v2\/posts\/384621","targetHints":{"allow":["GET"]}}],"collection":[{"href":"https:\/\/www.europesays.com\/fr\/wp-json\/wp\/v2\/posts"}],"about":[{"href":"https:\/\/www.europesays.com\/fr\/wp-json\/wp\/v2\/types\/post"}],"author":[{"embeddable":true,"href":"https:\/\/www.europesays.com\/fr\/wp-json\/wp\/v2\/users\/2"}],"replies":[{"embeddable":true,"href":"https:\/\/www.europesays.com\/fr\/wp-json\/wp\/v2\/comments?post=384621"}],"version-history":[{"count":0,"href":"https:\/\/www.europesays.com\/fr\/wp-json\/wp\/v2\/posts\/384621\/revisions"}],"wp:featuredmedia":[{"embeddable":true,"href":"https:\/\/www.europesays.com\/fr\/wp-json\/wp\/v2\/media\/384622"}],"wp:attachment":[{"href":"https:\/\/www.europesays.com\/fr\/wp-json\/wp\/v2\/media?parent=384621"}],"wp:term":[{"taxonomy":"category","embeddable":true,"href":"https:\/\/www.europesays.com\/fr\/wp-json\/wp\/v2\/categories?post=384621"},{"taxonomy":"post_tag","embeddable":true,"href":"https:\/\/www.europesays.com\/fr\/wp-json\/wp\/v2\/tags?post=384621"}],"curies":[{"name":"wp","href":"https:\/\/api.w.org\/{rel}","templated":true}]}}