{"id":384632,"date":"2025-09-12T06:25:12","date_gmt":"2025-09-12T06:25:12","guid":{"rendered":"https:\/\/www.europesays.com\/fr\/384632\/"},"modified":"2025-09-12T06:25:12","modified_gmt":"2025-09-12T06:25:12","slug":"le-comedien-emmanuel-karsen-la-voix-francaise-de-sean-penn-et-brad-pitt-seteint-a-62-ans","status":"publish","type":"post","link":"https:\/\/www.europesays.com\/fr\/384632\/","title":{"rendered":"Le com\u00e9dien Emmanuel Karsen, la voix fran\u00e7aise de Sean Penn et Brad Pitt s\u2019\u00e9teint \u00e0 62 ans"},"content":{"rendered":"<p>Le monde du <a href=\"https:\/\/www.20minutes.fr\/dossier\/doublage\" class=\"c-link c-link--is-underlined\" target=\"_blank\" rel=\"noopener\">doublage<\/a> est en deuil. Emmanuel Karsen, c\u00e9l\u00e8bre voix fran\u00e7aise de <a href=\"https:\/\/www.20minutes.fr\/dossier\/sean_penn\" class=\"c-link c-link--is-underlined\" target=\"_blank\" rel=\"noopener\">Sean Penn<\/a>, Brad Pitt et Norman Reedus, est d\u00e9c\u00e9d\u00e9 jeudi \u00e0 l\u2019\u00e2ge de 62 ans des suites d\u2019une maladie, a annonc\u00e9 son agente Audrey P\u00e9c\u00f4me \u00e0 l\u2019AFP.<\/p>\n<p>Figure incontournable du doublage, il avait dirig\u00e9 et particip\u00e9 \u00e0 plus de 250 films, s\u00e9ries et jeux vid\u00e9o. On lui doit \u00e9galement les voix d\u2019acteurs comme Ian Tracey ou John Leguizamo, ainsi que celle de nombreux personnages de jeux vid\u00e9o, dont la saga culte <a href=\"https:\/\/www.20minutes.fr\/dossier\/call_of_duty\" class=\"c-link c-link--is-underlined\" target=\"_blank\" rel=\"noopener\">Call of Duty<\/a>.<\/p>\n<\/p>\n<p>Le doublage\u00a0: une affaire de famille<\/p>\n<p>\u00c9galement musicien et chanteur, Emmanuel Karsen s\u2019\u00e9tait produit plusieurs ann\u00e9es avec son groupe \u00ab\u00a0Les Heroics\u00a0\u00bb. Passionn\u00e9 de sc\u00e8ne, il avait aussi foul\u00e9 les planches dans plusieurs pi\u00e8ces de th\u00e9\u00e2tre.<\/p>\n<p><a href=\"https:\/\/www.20minutes.fr\/arts-stars\/cinema\/\" class=\"c-link c-btn c-btn--primary\" target=\"_blank\" rel=\"noopener\">Plus d&rsquo;articles cin\u00e9ma<\/a><\/p>\n<p>De son vrai nom Emmanuel Bourdeaux, il \u00e9tait le neveu du com\u00e9dien Dominique Collignon-Maurin, voix mythique de <a href=\"https:\/\/www.20minutes.fr\/dossier\/luke_skywalker\" class=\"c-link c-link--is-underlined\" target=\"_blank\" rel=\"noopener\">Luke Skywalker<\/a> dans <a href=\"https:\/\/www.20minutes.fr\/cinema\/star_wars\/\" class=\"c-link c-link--is-underlined\" target=\"_blank\" rel=\"noopener\">Star Wars<\/a>, d\u00e9c\u00e9d\u00e9 d\u00e9but ao\u00fbt \u00e0 l\u2019\u00e2ge de 76 ans. Dominique Collignon-Maurin \u00e9tait le fils de la com\u00e9dienne Mado Maurin et le demi-fr\u00e8re de l\u2019acteur Patrick Dewaere.<\/p>\n","protected":false},"excerpt":{"rendered":"Le monde du doublage est en deuil. Emmanuel Karsen, c\u00e9l\u00e8bre voix fran\u00e7aise de Sean Penn, Brad Pitt et&hellip;\n","protected":false},"author":2,"featured_media":384633,"comment_status":"","ping_status":"","sticky":false,"template":"","format":"standard","meta":{"footnotes":""},"categories":[2],"tags":[11,2134,51737,650,58,24370,1011,27,12,25,15939,133],"class_list":{"0":"post-384632","1":"post","2":"type-post","3":"status-publish","4":"format-standard","5":"has-post-thumbnail","7":"category-actualites","8":"tag-actualites","9":"tag-brad-pitt","10":"tag-call-of-duty","11":"tag-cinema","12":"tag-divertissement","13":"tag-doublage","14":"tag-fr","15":"tag-france","16":"tag-news","17":"tag-republique-francaise","18":"tag-sean-penn","19":"tag-video"},"share_on_mastodon":{"url":"https:\/\/pubeurope.com\/@fr\/115189902423071949","error":""},"_links":{"self":[{"href":"https:\/\/www.europesays.com\/fr\/wp-json\/wp\/v2\/posts\/384632","targetHints":{"allow":["GET"]}}],"collection":[{"href":"https:\/\/www.europesays.com\/fr\/wp-json\/wp\/v2\/posts"}],"about":[{"href":"https:\/\/www.europesays.com\/fr\/wp-json\/wp\/v2\/types\/post"}],"author":[{"embeddable":true,"href":"https:\/\/www.europesays.com\/fr\/wp-json\/wp\/v2\/users\/2"}],"replies":[{"embeddable":true,"href":"https:\/\/www.europesays.com\/fr\/wp-json\/wp\/v2\/comments?post=384632"}],"version-history":[{"count":0,"href":"https:\/\/www.europesays.com\/fr\/wp-json\/wp\/v2\/posts\/384632\/revisions"}],"wp:featuredmedia":[{"embeddable":true,"href":"https:\/\/www.europesays.com\/fr\/wp-json\/wp\/v2\/media\/384633"}],"wp:attachment":[{"href":"https:\/\/www.europesays.com\/fr\/wp-json\/wp\/v2\/media?parent=384632"}],"wp:term":[{"taxonomy":"category","embeddable":true,"href":"https:\/\/www.europesays.com\/fr\/wp-json\/wp\/v2\/categories?post=384632"},{"taxonomy":"post_tag","embeddable":true,"href":"https:\/\/www.europesays.com\/fr\/wp-json\/wp\/v2\/tags?post=384632"}],"curies":[{"name":"wp","href":"https:\/\/api.w.org\/{rel}","templated":true}]}}