{"id":384648,"date":"2025-09-12T06:34:23","date_gmt":"2025-09-12T06:34:23","guid":{"rendered":"https:\/\/www.europesays.com\/fr\/384648\/"},"modified":"2025-09-12T06:34:23","modified_gmt":"2025-09-12T06:34:23","slug":"maeva-squiban-le-nouveau-phenomene-du-velo-francais-fan-des-routes-du-verdon","status":"publish","type":"post","link":"https:\/\/www.europesays.com\/fr\/384648\/","title":{"rendered":"Ma\u00ebva Squiban, le nouveau ph\u00e9nom\u00e8ne du v\u00e9lo fran\u00e7ais fan des routes du Verdon"},"content":{"rendered":"<p>Depuis quelques jours, Ma\u00ebva Squiban touche du doigt cette chose encore abstraite pour elle jusque-l\u00e0. \u00ab\u00a0Parfois c\u2019est un peu g\u00eanant quand tu vois une photo de toi au supermarch\u00e9\u00a0\u00bb, glisse l\u2019int\u00e9ress\u00e9e dans un demi-sourire. Cet \u00e9t\u00e9, sur les routes du Tour de France Femmes, il y a certes eu Pauline Ferrand-Pr\u00e9vot, victorieuse du classement g\u00e9n\u00e9ral et idole du sport fran\u00e7ais, mais il y a aussi eu la Bretonne de 23\u00a0ans. Car, avant le festin de \u00ab\u00a0PFP\u00a0\u00bb, il y a eu le feu d\u2019artifice Squiban. <a href=\"https:\/\/www.laprovence.com\/article\/france-monde\/3943383105886514\/tour-de-france-le-phenomene-squiban-recidive-a-chambery\" target=\"_blank\" rel=\"noopener\">En remportant les 6e et 7e \u00e9tapes de la Grande Boucle, la coureuse de l\u2019\u00e9quipe UAE Team ADQ s\u2019est r\u00e9v\u00e9l\u00e9e aux yeux du grand public, la faisant entrer par la m\u00eame occasion dans une autre dimension.<\/a><\/p>\n<p>Celle qui la conduit \u00e0 d\u00e9couvrir sa notori\u00e9t\u00e9 naissante alors qu\u2019elle reprend cette semaine la comp\u00e9tition, apr\u00e8s plus d\u2019un mois d\u2019arr\u00eat, sur les routes du Tour f\u00e9minin international de l\u2019Ard\u00e8che qui sont pass\u00e9es par le Vaucluse hier (3e \u00e9tape, Avignon &#8211; Pernes-les-Fontaines victoire de la N\u00e9erlandaise Mischa Bredewold, Squiban a termin\u00e9 12e). \u00ab\u00a0C\u2019est le d\u00e9but, mais je pense que la folie va s\u2019arr\u00eater, tente-t-elle de se rassurer. Il faut juste savourer et profiter de ces moments qui n\u2019arrivent pas tout le temps.\u00a0\u00bb<\/p>\n","protected":false},"excerpt":{"rendered":"Depuis quelques jours, Ma\u00ebva Squiban touche du doigt cette chose encore abstraite pour elle jusque-l\u00e0. \u00ab\u00a0Parfois c\u2019est un&hellip;\n","protected":false},"author":2,"featured_media":384649,"comment_status":"","ping_status":"","sticky":false,"template":"","format":"standard","meta":{"footnotes":""},"categories":[1411],"tags":[17,1154,207,1011,3844,27,42658,4565,29364,60,42659,208],"class_list":{"0":"post-384648","1":"post","2":"type-post","3":"status-publish","4":"format-standard","5":"has-post-thumbnail","7":"category-cyclisme","8":"tag-17","9":"tag-cycling","10":"tag-cyclisme","11":"tag-fr","12":"tag-francais","13":"tag-france","14":"tag-maeva","15":"tag-nouveau","16":"tag-phenomene","17":"tag-sports","18":"tag-squiban","19":"tag-velo"},"share_on_mastodon":{"url":"https:\/\/pubeurope.com\/@fr\/115189937889304129","error":""},"_links":{"self":[{"href":"https:\/\/www.europesays.com\/fr\/wp-json\/wp\/v2\/posts\/384648","targetHints":{"allow":["GET"]}}],"collection":[{"href":"https:\/\/www.europesays.com\/fr\/wp-json\/wp\/v2\/posts"}],"about":[{"href":"https:\/\/www.europesays.com\/fr\/wp-json\/wp\/v2\/types\/post"}],"author":[{"embeddable":true,"href":"https:\/\/www.europesays.com\/fr\/wp-json\/wp\/v2\/users\/2"}],"replies":[{"embeddable":true,"href":"https:\/\/www.europesays.com\/fr\/wp-json\/wp\/v2\/comments?post=384648"}],"version-history":[{"count":0,"href":"https:\/\/www.europesays.com\/fr\/wp-json\/wp\/v2\/posts\/384648\/revisions"}],"wp:featuredmedia":[{"embeddable":true,"href":"https:\/\/www.europesays.com\/fr\/wp-json\/wp\/v2\/media\/384649"}],"wp:attachment":[{"href":"https:\/\/www.europesays.com\/fr\/wp-json\/wp\/v2\/media?parent=384648"}],"wp:term":[{"taxonomy":"category","embeddable":true,"href":"https:\/\/www.europesays.com\/fr\/wp-json\/wp\/v2\/categories?post=384648"},{"taxonomy":"post_tag","embeddable":true,"href":"https:\/\/www.europesays.com\/fr\/wp-json\/wp\/v2\/tags?post=384648"}],"curies":[{"name":"wp","href":"https:\/\/api.w.org\/{rel}","templated":true}]}}