{"id":384654,"date":"2025-09-12T06:37:12","date_gmt":"2025-09-12T06:37:12","guid":{"rendered":"https:\/\/www.europesays.com\/fr\/384654\/"},"modified":"2025-09-12T06:37:12","modified_gmt":"2025-09-12T06:37:12","slug":"avec-urban-sketchers-lorient-on-taime-on-te-croque","status":"publish","type":"post","link":"https:\/\/www.europesays.com\/fr\/384654\/","title":{"rendered":"Avec Urban Sketchers, \u00ab\u00a0Lorient, on t\u2019aime, on te croque\u00a0!\u00a0\u00bb"},"content":{"rendered":"<p>38 artistes et 115 \u0153uvres\u00a0! <a href=\"https:\/\/www.letelegramme.fr\/morbihan\/lorient-56100\/donner-une-ame-a-lorient-a-partir-de-septembre-des-artistes-du-territoire-exposeront-a-la-villa-la-fregate-6871458.php\" target=\"_blank\" rel=\"noopener\">La Villa Le Fr\u00e9gate<\/a>, nouveau lieu culturel lorientais, a vu grand pour sa toute premi\u00e8re exposition. L\u2019honneur revient au collectif Urban Sketchers qui pr\u00e9sente \u00e0 partir du 13 septembre et jusqu\u2019au 5 octobre, au P\u00e9ristyle, son exposition \u00ab\u00a0Lorient, on t\u2019aime, on te croque\u00a0!\u00a0\u00bb Des croquis de Lorient, saisis sur le vif (in situ et en moins de deux heures) par des artistes passionn\u00e9s du dessin urbain. \u00ab\u00a0La promesse d\u2019ouvrir un lieu pour tous les artistes non professionnels \u00e0 Lorient, a \u00e9t\u00e9 tenue\u00a0\u00bb, se f\u00e9licite Elyette Guiol au nom des Urban Sketchers.<\/p>\n<p>Pratique<\/p>\n<p class=\"note\">Exposition visible \u00e0 la Villa La Fr\u00e9gate, au P\u00e9ristyle \u00e0 Lorient, les mercredis, samedis et dimanches de 15\u00a0h \u00e0 19\u00a0h.<\/p>\n<p><img decoding=\"async\" src=\"https:\/\/www.europesays.com\/fr\/wp-content\/uploads\/2025\/09\/68c30477261c49a8e80de873.1.jpeg\" width=\"480\" height=\"300\" class=\"web_golden_m\" loading=\"lazy\" alt=\"La Villa La Fr\u00e9gate au P\u00e9ristyle accueille sa toute premi\u00e8re exposition.\"\/>La Villa La Fr\u00e9gate au P\u00e9ristyle accueille sa toute premi\u00e8re exposition. (Katell Br\u00e9livet\/Le T\u00e9l\u00e9gramme)<\/p>\n","protected":false},"excerpt":{"rendered":"38 artistes et 115 \u0153uvres\u00a0! La Villa Le Fr\u00e9gate, nouveau lieu culturel lorientais, a vu grand pour sa&hellip;\n","protected":false},"author":2,"featured_media":384655,"comment_status":"","ping_status":"","sticky":false,"template":"","format":"standard","meta":{"footnotes":""},"categories":[1358],"tags":[1348,1384,1385,1386,58,59,1011,27,1781],"class_list":{"0":"post-384654","1":"post","2":"type-post","3":"status-publish","4":"format-standard","5":"has-post-thumbnail","7":"category-arts-et-design","8":"tag-arts","9":"tag-arts-and-design","10":"tag-arts-et-design","11":"tag-design","12":"tag-divertissement","13":"tag-entertainment","14":"tag-fr","15":"tag-france","16":"tag-lorient"},"share_on_mastodon":{"url":"https:\/\/pubeurope.com\/@fr\/115189949715813463","error":""},"_links":{"self":[{"href":"https:\/\/www.europesays.com\/fr\/wp-json\/wp\/v2\/posts\/384654","targetHints":{"allow":["GET"]}}],"collection":[{"href":"https:\/\/www.europesays.com\/fr\/wp-json\/wp\/v2\/posts"}],"about":[{"href":"https:\/\/www.europesays.com\/fr\/wp-json\/wp\/v2\/types\/post"}],"author":[{"embeddable":true,"href":"https:\/\/www.europesays.com\/fr\/wp-json\/wp\/v2\/users\/2"}],"replies":[{"embeddable":true,"href":"https:\/\/www.europesays.com\/fr\/wp-json\/wp\/v2\/comments?post=384654"}],"version-history":[{"count":0,"href":"https:\/\/www.europesays.com\/fr\/wp-json\/wp\/v2\/posts\/384654\/revisions"}],"wp:featuredmedia":[{"embeddable":true,"href":"https:\/\/www.europesays.com\/fr\/wp-json\/wp\/v2\/media\/384655"}],"wp:attachment":[{"href":"https:\/\/www.europesays.com\/fr\/wp-json\/wp\/v2\/media?parent=384654"}],"wp:term":[{"taxonomy":"category","embeddable":true,"href":"https:\/\/www.europesays.com\/fr\/wp-json\/wp\/v2\/categories?post=384654"},{"taxonomy":"post_tag","embeddable":true,"href":"https:\/\/www.europesays.com\/fr\/wp-json\/wp\/v2\/tags?post=384654"}],"curies":[{"name":"wp","href":"https:\/\/api.w.org\/{rel}","templated":true}]}}