{"id":384662,"date":"2025-09-12T06:42:04","date_gmt":"2025-09-12T06:42:04","guid":{"rendered":"https:\/\/www.europesays.com\/fr\/384662\/"},"modified":"2025-09-12T06:42:04","modified_gmt":"2025-09-12T06:42:04","slug":"a-coeur-ouvert-de-marion-laine-un-drame-a-haut-potentiel-mais-ou-la-fadeur-regne-telerama","status":"publish","type":"post","link":"https:\/\/www.europesays.com\/fr\/384662\/","title":{"rendered":"\u201c\u00c0 c\u0153ur ouvert\u201d, de Marion Laine : un drame \u00e0 haut potentiel mais o\u00f9 la fadeur r\u00e8gne &#8211; T\u00e9l\u00e9rama"},"content":{"rendered":"<ol>\n<li><a href=\"https:\/\/news.google.com\/rss\/articles\/CBMixAFBVV95cUxOUm1VWk03OGpmSWNrbmdBbW9fSXBDZE9ZZWhTNkVLRTRPY3J5bC03TWVjbUdQMTByYTIyMmxRVmNQYW1SZDhlV0pOc0tGV0VweFRVWk56MFBHeGhHczNqY3ZBRF9SY1d4Vno1ZVhfYmhLcUtpZXd4SU8xQTlJdnQ2Yk5LSHItdEJrNko3WG9RdHczMXh0OGl6QWUzZlE4aTlYLWUzZWNMdTFiQlN5TGdwWnQyQTN1ZjdiN1RrTkUxOEtUTHBm?oc=5\" target=\"_blank\" rel=\"nofollow noopener\">\u201c\u00c0 c\u0153ur ouvert\u201d, de Marion Laine : un drame \u00e0 haut potentiel mais o\u00f9 la fadeur r\u00e8gne<\/a>&nbsp;&nbsp;T\u00e9l\u00e9rama<\/li>\n<li><a href=\"https:\/\/news.google.com\/rss\/articles\/CBMidkFVX3lxTE96dnFqRUN1aWZsd08tbjNGWTc5MnFQejVQRmhUVGkzYXEyb0pkMnNRZnN0LXZCWi1YSkdVNVlyQ3pCSkxBcEJTLTN6Zl9GbzMtSFFqb3dUbDZvN291OHRpX0daMWpQLWVRUlliLWMtWE1QSWVoRWc?oc=5\" target=\"_blank\" rel=\"nofollow noopener\">A coeur ouvert en streaming<\/a>&nbsp;&nbsp;France TV<\/li>\n<li><a href=\"https:\/\/news.google.com\/rss\/articles\/CBMivAFBVV95cUxNSFpsb3dxaG1ZeWEzNVFTLU5OYXBMZDBnTzZGR1hZcFBDcWJEOFhrdXdaR2ZEVzQ5Tm5GTzY2V044cDNsRnk2NmMzMjRSQXpOTHZub3FLZjBwMndTWEZodE9QUlgtNWNuMGZ2em9acTR4VXVnWURLaUhYTzFtWGN6NUJad3I3YllubEk0NkdqSWQ4T1RXT2hRV2N3ejladFgyQW9lUWs3YnNfMXUzY3plZkJkaXFHYkhNM1VoUw?oc=5\" target=\"_blank\" rel=\"nofollow noopener\">\u00c0 c\u0153ur ouvert ce soir sur France 4 : de quoi parle le film avec Juliette Binoche ?<\/a>&nbsp;&nbsp;Diverto<\/li>\n<li><a href=\"https:\/\/news.google.com\/rss\/articles\/CBMi7gFBVV95cUxNejBJZGxpcXE5YnZGUkZ4OVctZ3BnZ1RqQW81a2lyRmx2Y3A1cWl2YV9ydEM3UUhXUUl6U29LSnM2ZFNTUHZaTWlVUzFUTklXRnJpTGdKdk9UN3FseFB2eDdLVTJadGRJYTlIMU9heGFYenlRczJ2QV9rdl9nT2E3T2RocmNBTHRubFR0M0ZwZHd5NG1TMjZYaDhjUl9IeDdQSU5PSFZ5bF9FRF9ob2QzTklfdF9sSk1OaXlDZHRvX2pybTBSVWIxdlR0dWhWUTdqcEhhYUZhN01oYjhabDA2R1RiVFgyQzRlMW5VRHF3?oc=5\" target=\"_blank\" rel=\"nofollow noopener\">\u00ab\u00a0\u00c0 c\u0153ur ouvert\u00a0\u00bb avec Juliette Binoche \u00e0 revoir sur France 4 jeudi 11 septembre 2025<\/a>&nbsp;&nbsp;Les coulisses de la T\u00e9l\u00e9vision<\/li>\n<\/ol>\n","protected":false},"excerpt":{"rendered":"\u201c\u00c0 c\u0153ur ouvert\u201d, de Marion Laine : un drame \u00e0 haut potentiel mais o\u00f9 la fadeur r\u00e8gne&nbsp;&nbsp;T\u00e9l\u00e9rama A&hellip;\n","protected":false},"author":2,"featured_media":384663,"comment_status":"","ping_status":"","sticky":false,"template":"","format":"standard","meta":{"footnotes":""},"categories":[1354],"tags":[58,59,1346,1011,27,1360],"class_list":{"0":"post-384662","1":"post","2":"type-post","3":"status-publish","4":"format-standard","5":"has-post-thumbnail","7":"category-films","8":"tag-divertissement","9":"tag-entertainment","10":"tag-films","11":"tag-fr","12":"tag-france","13":"tag-movies"},"share_on_mastodon":{"url":"https:\/\/pubeurope.com\/@fr\/115189969486735187","error":""},"_links":{"self":[{"href":"https:\/\/www.europesays.com\/fr\/wp-json\/wp\/v2\/posts\/384662","targetHints":{"allow":["GET"]}}],"collection":[{"href":"https:\/\/www.europesays.com\/fr\/wp-json\/wp\/v2\/posts"}],"about":[{"href":"https:\/\/www.europesays.com\/fr\/wp-json\/wp\/v2\/types\/post"}],"author":[{"embeddable":true,"href":"https:\/\/www.europesays.com\/fr\/wp-json\/wp\/v2\/users\/2"}],"replies":[{"embeddable":true,"href":"https:\/\/www.europesays.com\/fr\/wp-json\/wp\/v2\/comments?post=384662"}],"version-history":[{"count":0,"href":"https:\/\/www.europesays.com\/fr\/wp-json\/wp\/v2\/posts\/384662\/revisions"}],"wp:featuredmedia":[{"embeddable":true,"href":"https:\/\/www.europesays.com\/fr\/wp-json\/wp\/v2\/media\/384663"}],"wp:attachment":[{"href":"https:\/\/www.europesays.com\/fr\/wp-json\/wp\/v2\/media?parent=384662"}],"wp:term":[{"taxonomy":"category","embeddable":true,"href":"https:\/\/www.europesays.com\/fr\/wp-json\/wp\/v2\/categories?post=384662"},{"taxonomy":"post_tag","embeddable":true,"href":"https:\/\/www.europesays.com\/fr\/wp-json\/wp\/v2\/tags?post=384662"}],"curies":[{"name":"wp","href":"https:\/\/api.w.org\/{rel}","templated":true}]}}