{"id":384671,"date":"2025-09-12T06:47:13","date_gmt":"2025-09-12T06:47:13","guid":{"rendered":"https:\/\/www.europesays.com\/fr\/384671\/"},"modified":"2025-09-12T06:47:13","modified_gmt":"2025-09-12T06:47:13","slug":"un-atout-pour-recruter-face-a-la-penurie-de-logements-ce-patron-breton-construit-un-lotissement-pour-ses-salaries","status":"publish","type":"post","link":"https:\/\/www.europesays.com\/fr\/384671\/","title":{"rendered":"\u00ab\u00a0Un atout pour recruter\u00a0\u00bb\u2026 Face \u00e0 la p\u00e9nurie de logements, ce patron breton construit un lotissement pour ses salari\u00e9s"},"content":{"rendered":"<p>Il n\u2019y a pas que dans les grandes villes ou sur le littoral que <a href=\"https:\/\/www.20minutes.fr\/societe\/4161236-20250701-immobilier-rapport-preconise-pistes-fiscales-lutter-contre-penurie-logements-louer\" class=\"c-link c-link--is-underlined\" rel=\"nofollow noopener\" target=\"_blank\">la p\u00e9nurie de logements<\/a> se fait sentir. A Beignon, petite bourgade d\u2019\u00e0 peine 2.000 habitants situ\u00e9e \u00e0 la fronti\u00e8re du <a href=\"https:\/\/www.20minutes.fr\/societe\/morbihan\/\" class=\"c-link c-link--is-underlined\" rel=\"nofollow noopener\" target=\"_blank\">Morbihan<\/a> et de l\u2019Ille-et-Vilaine, les habitants gal\u00e8rent aussi \u00e0 se loger avec pas loin de 200 demandes \u00e0 chaque fois qu\u2019une maison ou un appartement se lib\u00e8rent. \u00ab\u00a0Il y a d\u00e9j\u00e0 la proximit\u00e9 avec Rennes et il y a aussi de l\u2019activit\u00e9 dans le secteur avec des entreprises dynamiques et les \u00e9coles militaires de Saint-Cyr Co\u00ebtquidan\u00a0\u00bb, souligne Dominique Lamballe. Cet enfant du pays est \u00e0 la t\u00eate de l\u2019entreprise Fen\u00eatr\u00e9A, un fabricant de menuiseries qui emploie 550 salari\u00e9s \u00e0 la lisi\u00e8re de la mythique for\u00eat de Broc\u00e9liande.<\/p>\n<p>Si sa soci\u00e9t\u00e9 se porte bien avec un chiffre d\u2019affaires annuel de plus de 80\u00a0millions d\u2019euros, le patron a beaucoup de mal \u00e0 recruter en raison notamment de cette p\u00e9nurie de logements. Et il n\u2019est pas le seul dans ce cas. <a href=\"https:\/\/am.gwenneg.bzh\/premier-barometre-dedie-au-logement-pour-salaries\/\" rel=\"nofollow noopener\" target=\"_blank\" class=\"c-link c-link--is-underlined\">Selon le barom\u00e8tre du logement des salari\u00e9s en Bretagne<\/a>, 59\u00a0% des dirigeants consid\u00e8rent le logement comme un obstacle au recrutement, dont pr\u00e8s d\u2019un tiers comme un frein tr\u00e8s important. \u00ab\u00a0Il faut que nos salari\u00e9s puissent habiter \u00e0 moins de 25 kilom\u00e8tres de l\u2019entreprise car au-del\u00e0, on risque de les perdre \u00e0 cause du prix de l\u2019essence et de la fatigue du trajet\u00a0\u00bb, assure Dominique Lamballe.<\/p>\n<p>Des maisons propos\u00e9es \u00ab\u00a0au prix du march\u00e9\u00a0\u00bb<\/p>\n<p>Alors que son entreprise recrute chaque ann\u00e9e \u00ab\u00a0entre 20 et 50 personnes\u00a0\u00bb et qu\u2019une nouvelle usine de 20.000 m2 sortira de terre en\u00a02027 avec \u00e0 la cl\u00e9 une centaine de nouveaux emplois, le patron a donc d\u00e9cid\u00e9 d\u2019enfiler le costume de promoteur immobilier. \u00ab\u00a0Mais je ne veux pas en faire mon m\u00e9tier\u00a0\u00bb, glisse-t-il. Le projet remonte \u00e0 deux ans environ quand la mairie de Beignon, qui disposait d\u2019un terrain mais n\u2019avait pas le budget pour construire un lotissement, a accept\u00e9 de lui vendre la parcelle de 10.900 m2 pour qu\u2019il construise lui-m\u00eame des logements. Avec une priorit\u00e9 accord\u00e9e bien s\u00fbr \u00e0 ses collaborateurs et futurs salari\u00e9s. \u00ab\u00a0Si <a href=\"https:\/\/google.com\/search?q=logement+20+minutes&amp;rlz=1C1GCEA_enFR1168FR1168&amp;oq=logement+20+minutes&amp;gs_lcrp=EgZjaHJvbWUyBggAEEUYOTIICAEQABgWGB4yCggCEAAYgAQYogQyBwgDEAAY7wUyBwgEEAAY7wUyBggFEEUYPDIGCAYQRRg8MgYIBxBFGDzSAQg0NDAwajBqNKgCALACAA&amp;sourceid=chrome&amp;ie=UTF-8\" target=\"_blank\" class=\"c-link c-link--is-underlined\" rel=\"nofollow noopener\">les logements<\/a> ne trouvent pas preneurs, on les proposera ensuite \u00e0 tout un chacun\u00a0\u00bb, pr\u00e9cise le chef d\u2019entreprise.<\/p>\n<\/p>\n<p>Pour l\u2019heure, le chantier avance \u00e0 bon rythme avec les douze premi\u00e8res maisons du nouveau lotissement Horizon Broc\u00e9liande qui sortent de terre et une livraison pr\u00e9vue au printemps. \u00ab\u00a0On est justement en train de poser les fen\u00eatres sur les premi\u00e8res maisons, une activit\u00e9 que l\u2019on conna\u00eet bien\u00a0\u00bb, sourit-il.<\/p>\n<p>L\u2019an prochain, douze nouvelles maisons suivront et encore dix-sept autres en\u00a02027 pour un total de 41 logements propos\u00e9s \u00e0 la vente ou \u00e0 la location \u00ab\u00a0et au prix du march\u00e9\u00a0\u00bb, ajoute Dominique Gall. \u00ab\u00a0Avec la nouvelle usine, on sait qu\u2019on devra trouver des candidats dans d\u2019autres r\u00e9gions et il faudra bien les loger, assure le patron. Le fait de construire un lotissement pour nos salari\u00e9s est donc un atout en plus pour en recruter des nouveaux.\u00a0\u00bb<\/p>\n","protected":false},"excerpt":{"rendered":"Il n\u2019y a pas que dans les grandes villes ou sur le littoral que la p\u00e9nurie de logements&hellip;\n","protected":false},"author":2,"featured_media":384672,"comment_status":"","ping_status":"","sticky":false,"template":"","format":"standard","meta":{"footnotes":""},"categories":[6],"tags":[47,829,35,33,34,257,1011,27,848,1116,1908,2142,3729,32226,584,7264,104,5761],"class_list":{"0":"post-384671","1":"post","2":"type-post","3":"status-publish","4":"format-standard","5":"has-post-thumbnail","7":"category-economie","8":"tag-actualite","9":"tag-bretagne","10":"tag-business","11":"tag-economie","12":"tag-economy","13":"tag-entreprise","14":"tag-fr","15":"tag-france","16":"tag-ille-et-vilaine","17":"tag-immobilier","18":"tag-logement","19":"tag-maison","20":"tag-morbihan","21":"tag-patronat","22":"tag-rennes","23":"tag-salaries","24":"tag-societe","25":"tag-vie-pro"},"share_on_mastodon":{"url":"https:\/\/pubeurope.com\/@fr\/115189988985188191","error":""},"_links":{"self":[{"href":"https:\/\/www.europesays.com\/fr\/wp-json\/wp\/v2\/posts\/384671","targetHints":{"allow":["GET"]}}],"collection":[{"href":"https:\/\/www.europesays.com\/fr\/wp-json\/wp\/v2\/posts"}],"about":[{"href":"https:\/\/www.europesays.com\/fr\/wp-json\/wp\/v2\/types\/post"}],"author":[{"embeddable":true,"href":"https:\/\/www.europesays.com\/fr\/wp-json\/wp\/v2\/users\/2"}],"replies":[{"embeddable":true,"href":"https:\/\/www.europesays.com\/fr\/wp-json\/wp\/v2\/comments?post=384671"}],"version-history":[{"count":0,"href":"https:\/\/www.europesays.com\/fr\/wp-json\/wp\/v2\/posts\/384671\/revisions"}],"wp:featuredmedia":[{"embeddable":true,"href":"https:\/\/www.europesays.com\/fr\/wp-json\/wp\/v2\/media\/384672"}],"wp:attachment":[{"href":"https:\/\/www.europesays.com\/fr\/wp-json\/wp\/v2\/media?parent=384671"}],"wp:term":[{"taxonomy":"category","embeddable":true,"href":"https:\/\/www.europesays.com\/fr\/wp-json\/wp\/v2\/categories?post=384671"},{"taxonomy":"post_tag","embeddable":true,"href":"https:\/\/www.europesays.com\/fr\/wp-json\/wp\/v2\/tags?post=384671"}],"curies":[{"name":"wp","href":"https:\/\/api.w.org\/{rel}","templated":true}]}}