{"id":384678,"date":"2025-09-12T06:51:11","date_gmt":"2025-09-12T06:51:11","guid":{"rendered":"https:\/\/www.europesays.com\/fr\/384678\/"},"modified":"2025-09-12T06:51:11","modified_gmt":"2025-09-12T06:51:11","slug":"nos-idees-sorties-du-week-end-des-19-20-et-21-septembre-2025-dans-la-loire","status":"publish","type":"post","link":"https:\/\/www.europesays.com\/fr\/384678\/","title":{"rendered":"Nos id\u00e9es sorties du week-end des 19, 20 et 21 septembre 2025 dans la Loire"},"content":{"rendered":"<p class=\"is-style-chapo\">Voici la s\u00e9lection de la r\u00e9daction de If Saint-Etienne pour se divertir et s\u2019amuser dans la Loire le week-end prochain, soit les 19, 20 et 21 septembre. Une liste d\u2019\u00e9v\u00e9nements, s\u00e9lectionn\u00e9s de mani\u00e8re ind\u00e9pendante et, bien entendu, non-exhaustive.<\/p>\n<p><img loading=\"lazy\" decoding=\"async\" width=\"1024\" height=\"576\" src=\"https:\/\/www.europesays.com\/fr\/wp-content\/uploads\/2025\/09\/276170454_471320124784260_4544037619407180998_n-e1699004729847-1024x576.jpeg\" alt=\"\" class=\"wp-image-63234\"  \/>\u00a9Vinifacture<\/p>\n<p>1 \u2013 Rencontres<\/p>\n<p><a href=\"https:\/\/www.facebook.com\/p\/Les-Glycines-100077936720685\/?locale=fr_FR\" target=\"_blank\" rel=\"noreferrer noopener\">Les Ateliers des Glycines<\/a> sont de retour pour une 2\u00e8me \u00e9dition \u00e0 La Fouillouse, dimanche 21 septembre, de 9h30 \u00e0 19h. L\u2019occasion de rencontrer les artistes peintres qui exposeront, dont Ness Roberton, ainsi que des artisans. Sur place peintures, c\u00e9ramiques, v\u00e9g\u00e9taux, brocante, bijoux, bien-\u00eatre, etc.<\/p>\n<p>2 \u2013 Irish coffee<\/p>\n<p>Du vendredi 19 au lundi 29 septembre, la <a href=\"https:\/\/www.foiredesaintetienne.com\/\" target=\"_blank\" rel=\"noreferrer noopener\">Foire<\/a> est de retour au Parc expo de Saint-Etienne. Cette ann\u00e9e, c\u2019est l\u2019Irlande qui sera le pays invit\u00e9 avec une exposition immersive au c\u0153ur des l\u00e9gendes celtiques, et une autre intitul\u00e9e Harry Potter et les animaux fantastiques qui vous plongera dans la saga et la magie de Poudlard.<\/p>\n<p>3 \u2013 Namast\u00e9<\/p>\n<p>Samedi 20 septembre, le studio Eden et la Vinifacture organisent un <a href=\"https:\/\/www.momoyoga.com\/my-eden\/event\/0775bfa2-9945-49da-8b5a-3294067fdd76\" target=\"_blank\" rel=\"noreferrer noopener\">Yoga\u2019p\u00e9ro<\/a>, \u00e0 la Vinifacture. Pour commencer, Arno vous propose un cours de <a href=\"https:\/\/www.if-saint-etienne.fr\/culture-loisirs\/5-spots-pour-pratiquer-le-yoga-a-saint-etienne\" target=\"_blank\" rel=\"noreferrer noopener\">yoga<\/a> \u00e0 10h, accessible \u00e0 tous. Puis, \u00e0 11h, il sera suivi d\u2019une d\u00e9gustation de vins, accompagn\u00e9e de bouch\u00e9es.<\/p>\n<p>4 \u2013 Retour vers le futur<\/p>\n<p>Le club \u00ab\u00a0<a href=\"https:\/\/www.automobile-et-patrimoine.fr\/\" target=\"_blank\" rel=\"noreferrer noopener\">Les Sorbielles<\/a>\u00a0\u00bb organise une exposition de v\u00e9hicules anciens, samedi apr\u00e8s-midi et dimanche de 10h \u00e0 18h, dans le parc du Ch\u00e2teau de Bouth\u00e9on. Au total, pr\u00e8s de 200 v\u00e9hicules seront expos\u00e9s, et un concours d\u2019\u00e9l\u00e9gance viendra d\u00e9partager une vingtaine de v\u00e9hicules d\u2019exception.<\/p>\n<p>5 \u2013 Colonel Moutarde<\/p>\n<p>Dimanche \u00e0 18h, la halle Hybride du Coteau accueille un <a href=\"https:\/\/www.helloasso.com\/associations\/halle-hybride\/evenements\/mystere-au-bal-de-promo-cluedo-geant-cie-lip-syncchallenge\" target=\"_blank\" rel=\"noreferrer noopener\">Cluedo g\u00e9ant<\/a>. Intitul\u00e9 \u00ab\u00a0Myst\u00e8re au bal de promo 1986\u00a0\u00bb, il invite les participants \u00e0 venir costumer pour mener l\u2019enqu\u00eate. Inscription obligatoire.<\/p>\n","protected":false},"excerpt":{"rendered":"Voici la s\u00e9lection de la r\u00e9daction de If Saint-Etienne pour se divertir et s\u2019amuser dans la Loire le&hellip;\n","protected":false},"author":2,"featured_media":384679,"comment_status":"","ping_status":"","sticky":false,"template":"","format":"standard","meta":{"footnotes":""},"categories":[9653],"tags":[14428,1111,11,2430,51739,1777,674,1011,27,14429,12,14430,25,4001,1669,51740,14431,51741],"class_list":{"0":"post-384678","1":"post","2":"type-post","3":"status-publish","4":"format-standard","5":"has-post-thumbnail","7":"category-saint-etienne","8":"tag-activites-week-end-loire","9":"tag-actu","10":"tag-actualites","11":"tag-auvergne-rhone-alpes","12":"tag-chateau-de-boutheon","13":"tag-eu","14":"tag-europe","15":"tag-fr","16":"tag-france","17":"tag-idees-sorties-loire","18":"tag-news","19":"tag-recreatif","20":"tag-republique-francaise","21":"tag-saint-etienne","22":"tag-sorties","23":"tag-vinifacture","24":"tag-week-ends","25":"tag-yoga-a-saint-etienne"},"share_on_mastodon":{"url":"https:\/\/pubeurope.com\/@fr\/115190004868750202","error":""},"_links":{"self":[{"href":"https:\/\/www.europesays.com\/fr\/wp-json\/wp\/v2\/posts\/384678","targetHints":{"allow":["GET"]}}],"collection":[{"href":"https:\/\/www.europesays.com\/fr\/wp-json\/wp\/v2\/posts"}],"about":[{"href":"https:\/\/www.europesays.com\/fr\/wp-json\/wp\/v2\/types\/post"}],"author":[{"embeddable":true,"href":"https:\/\/www.europesays.com\/fr\/wp-json\/wp\/v2\/users\/2"}],"replies":[{"embeddable":true,"href":"https:\/\/www.europesays.com\/fr\/wp-json\/wp\/v2\/comments?post=384678"}],"version-history":[{"count":0,"href":"https:\/\/www.europesays.com\/fr\/wp-json\/wp\/v2\/posts\/384678\/revisions"}],"wp:featuredmedia":[{"embeddable":true,"href":"https:\/\/www.europesays.com\/fr\/wp-json\/wp\/v2\/media\/384679"}],"wp:attachment":[{"href":"https:\/\/www.europesays.com\/fr\/wp-json\/wp\/v2\/media?parent=384678"}],"wp:term":[{"taxonomy":"category","embeddable":true,"href":"https:\/\/www.europesays.com\/fr\/wp-json\/wp\/v2\/categories?post=384678"},{"taxonomy":"post_tag","embeddable":true,"href":"https:\/\/www.europesays.com\/fr\/wp-json\/wp\/v2\/tags?post=384678"}],"curies":[{"name":"wp","href":"https:\/\/api.w.org\/{rel}","templated":true}]}}