{"id":384687,"date":"2025-09-12T06:56:11","date_gmt":"2025-09-12T06:56:11","guid":{"rendered":"https:\/\/www.europesays.com\/fr\/384687\/"},"modified":"2025-09-12T06:56:11","modified_gmt":"2025-09-12T06:56:11","slug":"gregory-patat-emerick-setiano-a-toulon-il-etait-souvent-utilise-lors-des-matchs-secondaires","status":"publish","type":"post","link":"https:\/\/www.europesays.com\/fr\/384687\/","title":{"rendered":"Gr\u00e9gory Patat : \u00ab Emerick Setiano ? A Toulon il \u00e9tait souvent utilis\u00e9 lors des matchs secondaires \u00bb"},"content":{"rendered":"<p>Le pilier droit Emerick Setiano a quitt\u00e9 le Rugby Club Toulonnais cet \u00e9t\u00e9 afin de rejoindre les rangs de l\u2019Aviron Bayonnais.<\/p>\n<p>Interrog\u00e9 via <a href=\"https:\/\/www.francebleu.fr\/sports\/rugby\/aviron-bayonnais-c-est-simple-de-s-integrer-dans-ce-collectif-soude-raconte-emerick-setiano-avant-montpellier-5941014\" rel=\"nofollow noopener\" target=\"_blank\">Ici Pays Basque<\/a>, le manager de Bayonne, Gr\u00e9gory Patat a expliqu\u00e9 sa d\u00e9cision d\u2019enr\u00f4ler Emerick Setiano.<\/p>\n<p>Il a d\u2019ailleurs contact\u00e9 le pilier droit Varois tr\u00e8s t\u00f4t, la saison derni\u00e8re, pour s\u2019assurer de sa signature.<\/p>\n<p>Gr\u00e9gory Patat l\u2019affirme : Emerick Setiano voulait devenir un joueur important dans une \u00e9quipe de Top 14.<\/p>\n<p>Selon lui, le pilier droit \u00e9tait utilis\u00e9 par le RCT uniquement lors des matches \u00ab\u00a0secondaires\u00a0\u00bb.<\/p>\n<p><strong>A lire ci-dessous :<\/strong><\/p>\n<p>\u00ab\u00a0J\u2019ai pris contact avec Emerick assez t\u00f4t dans la saison. Il se posait la question de partir sur notre projet, car \u00e0 Toulon, il \u00e9tait souvent utilis\u00e9 lors des matchs secondaires. Il voulait savoir s\u2019il pouvait devenir un joueur important dans une autre \u00e9quipe. Et surtout, comme vous me connaissez, comme vous savez comment je construis mes effectifs, je trouvais qu\u2019il y avait de la compl\u00e9mentarit\u00e9 avec les diff\u00e9rents profils \u00e0 droite. <\/p>\n<p>Tevita Tatafu et Luke Tagi sont des porteurs de balle massifs, Pascal Cotet est un gros pilier de conqu\u00eate. Emerick compl\u00e9tait bien notre \u00e9quipe. Il am\u00e8ne quelque chose de diff\u00e9rent\u00a0: plus de mobilit\u00e9, plus de d\u00e9placements, plus de jeu derri\u00e8re lui, plus de d\u00e9placements d\u00e9fensifs, tout en \u00e9tant solide sur les fondamentaux. Je trouvais que c\u2019\u00e9tait une compl\u00e9mentarit\u00e9 int\u00e9ressante pour notre \u00e9quipe.\u00a0\u00bb<\/p>\n","protected":false},"excerpt":{"rendered":"Le pilier droit Emerick Setiano a quitt\u00e9 le Rugby Club Toulonnais cet \u00e9t\u00e9 afin de rejoindre les rangs&hellip;\n","protected":false},"author":2,"featured_media":384688,"comment_status":"","ping_status":"","sticky":false,"template":"","format":"standard","meta":{"footnotes":""},"categories":[9619],"tags":[1111,11,1777,674,1011,27,12,882,25,2310],"class_list":{"0":"post-384687","1":"post","2":"type-post","3":"status-publish","4":"format-standard","5":"has-post-thumbnail","7":"category-toulon","8":"tag-actu","9":"tag-actualites","10":"tag-eu","11":"tag-europe","12":"tag-fr","13":"tag-france","14":"tag-news","15":"tag-provence-alpes-cote-dazur","16":"tag-republique-francaise","17":"tag-toulon"},"share_on_mastodon":{"url":"https:\/\/pubeurope.com\/@fr\/115190024413647938","error":""},"_links":{"self":[{"href":"https:\/\/www.europesays.com\/fr\/wp-json\/wp\/v2\/posts\/384687","targetHints":{"allow":["GET"]}}],"collection":[{"href":"https:\/\/www.europesays.com\/fr\/wp-json\/wp\/v2\/posts"}],"about":[{"href":"https:\/\/www.europesays.com\/fr\/wp-json\/wp\/v2\/types\/post"}],"author":[{"embeddable":true,"href":"https:\/\/www.europesays.com\/fr\/wp-json\/wp\/v2\/users\/2"}],"replies":[{"embeddable":true,"href":"https:\/\/www.europesays.com\/fr\/wp-json\/wp\/v2\/comments?post=384687"}],"version-history":[{"count":0,"href":"https:\/\/www.europesays.com\/fr\/wp-json\/wp\/v2\/posts\/384687\/revisions"}],"wp:featuredmedia":[{"embeddable":true,"href":"https:\/\/www.europesays.com\/fr\/wp-json\/wp\/v2\/media\/384688"}],"wp:attachment":[{"href":"https:\/\/www.europesays.com\/fr\/wp-json\/wp\/v2\/media?parent=384687"}],"wp:term":[{"taxonomy":"category","embeddable":true,"href":"https:\/\/www.europesays.com\/fr\/wp-json\/wp\/v2\/categories?post=384687"},{"taxonomy":"post_tag","embeddable":true,"href":"https:\/\/www.europesays.com\/fr\/wp-json\/wp\/v2\/tags?post=384687"}],"curies":[{"name":"wp","href":"https:\/\/api.w.org\/{rel}","templated":true}]}}