{"id":384703,"date":"2025-09-12T07:04:15","date_gmt":"2025-09-12T07:04:15","guid":{"rendered":"https:\/\/www.europesays.com\/fr\/384703\/"},"modified":"2025-09-12T07:04:15","modified_gmt":"2025-09-12T07:04:15","slug":"bus-incendie-quelles-consequences-sur-le-trafic-a-rennes","status":"publish","type":"post","link":"https:\/\/www.europesays.com\/fr\/384703\/","title":{"rendered":"Bus incendi\u00e9 : quelles cons\u00e9quences sur le trafic \u00e0 Rennes ?"},"content":{"rendered":"\n<p>Apr\u00e8s <a href=\"https:\/\/hitwest.ouest-france.fr\/bus-incendie-blocage-de-la-rocade-interpellations-le-bilan-de-la-journee-du-10-septembre-en-ille-et-vilaine\" rel=\"noopener nofollow\" target=\"_blank\">l&rsquo;incendie d&rsquo;un bus<\/a> du r\u00e9seau STAR ce mercredi, en marge de la journ\u00e9e de mobilisation \u00ab\u00a0Bloquons tout\u00a0\u00bb, les conditions de circulation sont perturb\u00e9es sur la rocade de Rennes. Des investigations sont en cours au niveau du pont de la porte d&rsquo;Alma. Bison Fut\u00e9 indique que sur la rocade ext\u00e9rieure, <strong>la bretelle de sortie en direction d\u2019Alma ou du centre de Rennes va rester ferm\u00e9e jusqu\u2019au 24 septembre, 17h<\/strong>. M\u00eame chose pour la RN 137, en provenance de Nantes, l&rsquo;acc\u00e8s \u00e0 Rennes-centre est ferm\u00e9.<\/p>\n<blockquote><p>\n<strong>Des d\u00e9viations en place<\/strong>\n<\/p><\/blockquote>\n<p><strong>Pour les usagers venant de Nantes qui circulent en direction de Rennes,<\/strong> il est conseill\u00e9 sur la N137 de prendre la direction Le Mans\/Caen, continuer sur la N136 ext\u00e9rieure, prendre la sortie en direction d&rsquo;Angers, au giratoire prendre direction Brest\/St Malo, continuer sur la D173, au giratoire prendre direction Nantes\/Lorient, continuer sur la RN136 int\u00e9rieure, prendre la sortie en direction de Le Blosne\/centre commercial.<\/p>\n<p><strong>Pour les usagers venant de la N136 souhaitant se diriger vers Le Blosne\/centre commercial<\/strong>, il est conseil\u00e9 de prendre la sortie en direction d&rsquo;Angers, au giratoire prendre direction Brest\/Saint-Malo, continuer sur la D173, au giratoire prendre direction Nantes\/Lorient, continuer sur la N136 int\u00e9rieure, prendre la sortie en direction de Le Blosne\/centre commercial. Il est \u00e9galement possible de passer par l&rsquo;\u00e9changeur de la Contrie.<\/p>\n<p>Concernant l&rsquo;incendie du bus du r\u00e9seau Star, un v\u00e9hicule thermique datant de 2011 compl\u00e8tement ravag\u00e9, le procureur a indiqu\u00e9 hier que \u00ab\u00a0l&rsquo;incendie \u00e9tait volontaire et qu&rsquo;il a \u00e9t\u00e9 allum\u00e9 par l&rsquo;un des auteurs du blocage de la rocade de Rennes.\u00a0\u00bb Les policiers semblent avoir des \u00e9l\u00e9ments tangibles, mais l&rsquo;enqu\u00eate se poursuit.<\/p>\n<p>\u00a0<\/p>\n","protected":false},"excerpt":{"rendered":"Apr\u00e8s l&rsquo;incendie d&rsquo;un bus du r\u00e9seau STAR ce mercredi, en marge de la journ\u00e9e de mobilisation \u00ab\u00a0Bloquons tout\u00a0\u00bb,&hellip;\n","protected":false},"author":2,"featured_media":384704,"comment_status":"","ping_status":"","sticky":false,"template":"","format":"standard","meta":{"footnotes":""},"categories":[2821],"tags":[1111,11,6427,47212,829,51744,1777,674,1011,27,848,51747,51749,12,51746,584,25,51743,51748,51745],"class_list":{"0":"post-384703","1":"post","2":"type-post","3":"status-publish","4":"format-standard","5":"has-post-thumbnail","7":"category-rennes","8":"tag-actu","9":"tag-actualites","10":"tag-bison-fute","11":"tag-bloquons-tout","12":"tag-bretagne","13":"tag-bus-incendie-rocade-rennes","14":"tag-eu","15":"tag-europe","16":"tag-fr","17":"tag-france","18":"tag-ille-et-vilaine","19":"tag-incendie-bus-trafic-rocade","20":"tag-n137","21":"tag-news","22":"tag-porte-dalma-fermee","23":"tag-rennes","24":"tag-republique-francaise","25":"tag-rocade-rennes","26":"tag-rocade-rennes-circulation","27":"tag-rocade-rennes-trafic"},"share_on_mastodon":{"url":"https:\/\/pubeurope.com\/@fr\/115190056145261237","error":""},"_links":{"self":[{"href":"https:\/\/www.europesays.com\/fr\/wp-json\/wp\/v2\/posts\/384703","targetHints":{"allow":["GET"]}}],"collection":[{"href":"https:\/\/www.europesays.com\/fr\/wp-json\/wp\/v2\/posts"}],"about":[{"href":"https:\/\/www.europesays.com\/fr\/wp-json\/wp\/v2\/types\/post"}],"author":[{"embeddable":true,"href":"https:\/\/www.europesays.com\/fr\/wp-json\/wp\/v2\/users\/2"}],"replies":[{"embeddable":true,"href":"https:\/\/www.europesays.com\/fr\/wp-json\/wp\/v2\/comments?post=384703"}],"version-history":[{"count":0,"href":"https:\/\/www.europesays.com\/fr\/wp-json\/wp\/v2\/posts\/384703\/revisions"}],"wp:featuredmedia":[{"embeddable":true,"href":"https:\/\/www.europesays.com\/fr\/wp-json\/wp\/v2\/media\/384704"}],"wp:attachment":[{"href":"https:\/\/www.europesays.com\/fr\/wp-json\/wp\/v2\/media?parent=384703"}],"wp:term":[{"taxonomy":"category","embeddable":true,"href":"https:\/\/www.europesays.com\/fr\/wp-json\/wp\/v2\/categories?post=384703"},{"taxonomy":"post_tag","embeddable":true,"href":"https:\/\/www.europesays.com\/fr\/wp-json\/wp\/v2\/tags?post=384703"}],"curies":[{"name":"wp","href":"https:\/\/api.w.org\/{rel}","templated":true}]}}