{"id":384709,"date":"2025-09-12T07:07:13","date_gmt":"2025-09-12T07:07:13","guid":{"rendered":"https:\/\/www.europesays.com\/fr\/384709\/"},"modified":"2025-09-12T07:07:13","modified_gmt":"2025-09-12T07:07:13","slug":"nouvelles-formations-projets-internationaux-locaux-luniversite-cote-dazur-affiche-ses-ambitions-pour-ses-60-ans","status":"publish","type":"post","link":"https:\/\/www.europesays.com\/fr\/384709\/","title":{"rendered":"Nouvelles formations, projets internationaux, locaux&#8230; L&rsquo;Universit\u00e9 C\u00f4te d&rsquo;Azur affiche ses ambitions pour ses 60 ans"},"content":{"rendered":"<p>L\u2019universit\u00e9 C\u00f4te d\u2019Azur f\u00eate ses 60 ans. Pour marquer cet anniversaire &#8211; et rassurer ses partenaires internationaux dans un contexte mondial de crise g\u00e9opolitique, glisse son pr\u00e9sident, Jeanick Brisswalter -, elle a organis\u00e9 la premi\u00e8re rentr\u00e9e solennelle de son existence, ce jeudi, au ch\u00e2teau de Valrose.<\/p>\n<p>Pr\u00e9sident et vice-pr\u00e9sidents y ont pr\u00e9sent\u00e9 les grands projets de l\u2019ann\u00e9e.<\/p>\n<p><b>\u00c9clairer les politiques nationales et internationales<\/b><\/p>\n<p>L\u2019Universit\u00e9 C\u00f4te d\u2019Azur souhaite jouer un r\u00f4le dans la diplomatie scientifique. C\u2019est-\u00e0-dire \u00e9clairer les politiques nationales, internationales et les citoyens gr\u00e2ce \u00e0 la science.<\/p>\n<p>Cette ann\u00e9e, elle a notamment assur\u00e9 le secr\u00e9tariat g\u00e9n\u00e9ral de l\u2019U7 +, une alliance de grandes universit\u00e9s des pays du G7, maintenant \u00e9tendue aux futurs grands pays universitaires (Am\u00e9rique centrale, Inde\u2026), qui propose ses r\u00e9flexions au groupe des 7.<\/p>\n<p><b>Renforcer ses liens avec les pays de l\u2019h\u00e9misph\u00e8re Sud<\/b><\/p>\n<p>Une structure a \u00e9t\u00e9 cr\u00e9\u00e9e pour mobiliser les comp\u00e9tences de l\u2019Universit\u00e9 afin de travailler sur une strat\u00e9gie avec les pays de l\u2019h\u00e9misph\u00e8re Sud (Kenya, Congo, Costa Rica\u2026).<\/p>\n<p>Objectif: voir comment la science peut s\u2019inscrire dans des enjeux de transition \u00e9nerg\u00e9tique, \u00e9cologiques, face aux challenges de l\u2019intelligence artificielle, de la nourriture durable, du bien vivre, du bien vieillir, etc.<\/p>\n<p><b>Cr\u00e9er un observatoire du vieillissement<\/b><\/p>\n<p>Le bien vieillir est un sujet phare, au point d\u2019y consacrer un observatoire. Gr\u00e2ce aux travaux des sciences humaines, on pourra \u00e9tudier les facteurs sociaux et environnementaux qui affectent le vieillissement.<\/p>\n<p><b>Ouvrir deux masters et un d\u00e9partement<\/b><\/p>\n<p>Le master Information et m\u00e9diation scientifique et technique veut former les futurs journalistes \u00e0 traiter des sujets environnementaux.<\/p>\n<p>Le second &#8211; Pratiques immersives et interactives &#8211; s\u2019adresse \u00e0 des professionnels des arts num\u00e9riques qui s\u2019int\u00e9ressent \u00e0 des postes de direction ou \u00e0 la recherche.<\/p>\n<p>C\u2019est aussi <a href=\"https:\/\/www.nicematin.com\/jeunesse\/a-la-rentree-42-etudiants-integreront-le-nouveau-departement-de-pharmacie-a-l-universite-de-nice-994944\" target=\"_blank\" rel=\"noopener\">l\u2019ann\u00e9e de rentr\u00e9e des \u00e9tudiants du nouveau d\u00e9partement de pharmacie<\/a>, formation jusqu\u2019alors manquante \u00e0 Nice.<\/p>\n<p><b>Poursuivre ses projets solidaires<\/b><\/p>\n<p><a href=\"https:\/\/www.nicematin.com\/jeunesse\/-on-a-de-plus-en-plus-d-etudiants-qui-ne-font-qu-un-repas-par-jour-et-qui-n-arrivent-pas-a-s-habiller-correctement-l-hiver-la-fac-de-nice-cree-un-dressing-solidaire-et-ecoresponsable-pour-lutter-contre-la-precarite\" target=\"_blank\" rel=\"noopener\">Le dressing solidaire de Carlone<\/a> a \u00e9t\u00e9 un succ\u00e8s. Cette ann\u00e9e, il a vocation \u00e0 s\u2019exporter dans des \u00e9v\u00e9nements ext\u00e9rieurs.<\/p>\n<p><a href=\"https:\/\/www.nicematin.com\/jeunesse\/chaque-soir-le-crous-remplit-le-frigo-et-le-matin-il-est-vide-des-denrees-alimentaires-gratuites-sont-mises-a-disposition-des-etudiants-a-nice-987861\" target=\"_blank\" rel=\"noopener\">M\u00eame constat pour les frigos solidaires<\/a> des campus Saint-Jean-d\u2019Ang\u00e9ly \u00e0 Nice et Georges-M\u00e9li\u00e8s \u00e0 Cannes, qui doivent \u00eatre \u00e9tendus \u00e0 tous les autres.<\/p>\n<p><strong>D\u00e9velopper son lien avec les acteurs locaux<\/strong><\/p>\n<p>L\u2019Universit\u00e9 C\u00f4te d\u2019Azur cherche un mod\u00e8le \u00e9conomique p\u00e9renne. En attendant les r\u00e9sultats d\u2019une mission men\u00e9e pendant trois mois, elle travaille avec les collectivit\u00e9s et entreprises locales, via sa fondation, pour financer des projets.<\/p>\n<p>\u00ab\u00a0On imagine tout ce que l\u2019on peut pour am\u00e9liorer le lien et la collaboration avec des acteurs qui, historiquement, n\u2019\u00e9taient pas dans notre p\u00e9rim\u00e8tre\u00a0\u00bb, explique R\u00e9gis Brandinelli, le directeur g\u00e9n\u00e9ral des services. Un mod\u00e8le qui peut rappeler celui des universit\u00e9s anglaises.<\/p>\n","protected":false},"excerpt":{"rendered":"L\u2019universit\u00e9 C\u00f4te d\u2019Azur f\u00eate ses 60 ans. Pour marquer cet anniversaire &#8211; et rassurer ses partenaires internationaux dans&hellip;\n","protected":false},"author":2,"featured_media":384710,"comment_status":"","ping_status":"","sticky":false,"template":"","format":"standard","meta":{"footnotes":""},"categories":[2819],"tags":[1111,11,1777,674,1011,27,12,2401,882,25,3366],"class_list":{"0":"post-384709","1":"post","2":"type-post","3":"status-publish","4":"format-standard","5":"has-post-thumbnail","7":"category-nice","8":"tag-actu","9":"tag-actualites","10":"tag-eu","11":"tag-europe","12":"tag-fr","13":"tag-france","14":"tag-news","15":"tag-nice","16":"tag-provence-alpes-cote-dazur","17":"tag-republique-francaise","18":"tag-vie-locale"},"share_on_mastodon":{"url":"https:\/\/pubeurope.com\/@fr\/115190067764881933","error":""},"_links":{"self":[{"href":"https:\/\/www.europesays.com\/fr\/wp-json\/wp\/v2\/posts\/384709","targetHints":{"allow":["GET"]}}],"collection":[{"href":"https:\/\/www.europesays.com\/fr\/wp-json\/wp\/v2\/posts"}],"about":[{"href":"https:\/\/www.europesays.com\/fr\/wp-json\/wp\/v2\/types\/post"}],"author":[{"embeddable":true,"href":"https:\/\/www.europesays.com\/fr\/wp-json\/wp\/v2\/users\/2"}],"replies":[{"embeddable":true,"href":"https:\/\/www.europesays.com\/fr\/wp-json\/wp\/v2\/comments?post=384709"}],"version-history":[{"count":0,"href":"https:\/\/www.europesays.com\/fr\/wp-json\/wp\/v2\/posts\/384709\/revisions"}],"wp:featuredmedia":[{"embeddable":true,"href":"https:\/\/www.europesays.com\/fr\/wp-json\/wp\/v2\/media\/384710"}],"wp:attachment":[{"href":"https:\/\/www.europesays.com\/fr\/wp-json\/wp\/v2\/media?parent=384709"}],"wp:term":[{"taxonomy":"category","embeddable":true,"href":"https:\/\/www.europesays.com\/fr\/wp-json\/wp\/v2\/categories?post=384709"},{"taxonomy":"post_tag","embeddable":true,"href":"https:\/\/www.europesays.com\/fr\/wp-json\/wp\/v2\/tags?post=384709"}],"curies":[{"name":"wp","href":"https:\/\/api.w.org\/{rel}","templated":true}]}}