{"id":384711,"date":"2025-09-12T07:08:12","date_gmt":"2025-09-12T07:08:12","guid":{"rendered":"https:\/\/www.europesays.com\/fr\/384711\/"},"modified":"2025-09-12T07:08:12","modified_gmt":"2025-09-12T07:08:12","slug":"que-faire-a-nice-ce-week-end-du-12-13-et-14-septembre-2025","status":"publish","type":"post","link":"https:\/\/www.europesays.com\/fr\/384711\/","title":{"rendered":"Que faire \u00e0 Nice ce week-end du 12, 13 et 14 septembre 2025 ?\u00a0"},"content":{"rendered":"<p><strong>Retrouvez des matchs de hockey, de handball, de rugby, ainsi qu\u2019une visite guid\u00e9e et des ateliers fifres et tambours.\u00a0D\u00e9couvrez notre programme des activit\u00e9s \u00e0 faire ce week-end<\/strong>. <\/p>\n<p><strong>Vendredi 12 septembre\u00a02025<\/strong><\/p>\n<p><strong>Hockey sur glace : les Aigles de Nice face \u00e0 Chamonix<\/strong><\/p>\n<p>Les Aigles de Nice dans <a href=\"https:\/\/www.nicepremium.fr\/sports\/aigles-de-nice-nouvelles-couleurs\/\" target=\"_blank\" data-type=\"link\" data-id=\"https:\/\/www.nicepremium.fr\/sports\/aigles-de-nice-nouvelles-couleurs\/\" rel=\"noreferrer noopener nofollow\">leurs nouvelles couleurs<\/a> affronteront Chamonix pour le match d\u2019ouverture de cette saison 2025\/2026 de Ligue Magnus. Vous y trouverez un show et une pr\u00e9sentation de tous les joueurs pour la saison 2025-2026.\u00a0<\/p>\n<p><strong>Lieu :<\/strong> complexe sportif Jean Bouin, rue Jean All\u00e8gre, Nice<\/p>\n<p><strong>Horaire :<\/strong> de 20 heures \u00e0 23 heures<\/p>\n<p><strong>Handball f\u00e9minin : OGC Nice \u2013 Plan-de-Cuques<\/strong><\/p>\n<p>En cette deuxi\u00e8me journ\u00e9e de la saison 2025-2026,<a href=\"https:\/\/www.nicepremium.fr\/sports\/logc-nice-handball-debute-bien-sa-saison\/\" target=\"_blank\" data-type=\"link\" data-id=\"https:\/\/www.nicepremium.fr\/sports\/logc-nice-handball-debute-bien-sa-saison\/\" rel=\"noreferrer noopener nofollow\"> l\u2019OGC Nice<\/a> affrontera le Plan-de-Cuques le vendredi 12 septembre. Cette saison, l\u2019\u00e9quipe ni\u00e7oise vise \u00e0 \u00eatre aussi performante que l\u2019ann\u00e9e pr\u00e9c\u00e9dente.\u00a0 \u00a0<\/p>\n<p><strong>Lieu :<\/strong>\u00a0155, boulevard du Mercantour, Nice<\/p>\n<p><strong>Horaire :<\/strong> de 20 heures \u00e0 23 heures\u00a0<\/p>\n<p><strong>Ateliers \u2013 fifres et tambours au pays ni\u00e7ois<\/strong><\/p>\n<p>Nice et ses vall\u00e9es rassemblent les musiciens de <a href=\"https:\/\/www.instagram.com\/fifres_tambours_pays_nicois\/\" target=\"_blank\" data-type=\"link\" data-id=\"https:\/\/www.instagram.com\/fifres_tambours_pays_nicois\/\" rel=\"noreferrer noopener nofollow\">fifres et de tambours<\/a> au sein de grands rassemblements, depuis 2021. Cette ann\u00e9e, des cours sont organis\u00e9s afin de s\u2019initier \u00e0 l\u2019utilisation de ces instruments traditionnels. Les enfants \u00e0 partir de 10 ans peuvent participer aux ateliers.\u00a0<\/p>\n<p><strong>Lieu :<\/strong>\u00a0chapelle du Saint-S\u00e9pulcre, 7, place Garibaldi \u00e0 Nice<\/p>\n<p><strong>Horaire : <\/strong>pour les d\u00e9butants de 18h30 \u00e0 19h45, pour les confirm\u00e9s de 20 heures \u00e0 20h45. Enfin, les tambours sont de 18h30 \u00e0 19h30.\u00a0<\/p>\n<p><strong>Samedi 13 septembre 2025\u00a0<\/strong><\/p>\n<p><strong>Septembre en or \u2013 mobilisation nationale contre les cancers<\/strong><\/p>\n<p>Dans le cadre de l\u2019op\u00e9ration nationale \u00ab septembre en or \u00bb, une journ\u00e9e d\u2019information consacr\u00e9e aux cancers de l\u2019enfant, de l\u2019adolescent et des jeunes adultes est organis\u00e9e par la Ligue contre le cancer.\u00a0S\u2019en suivra une mobilisation au d\u00e9part de la fontaine d\u2019Apollon (Place Mass\u00e9na) \u00e0 19 heures suivi d\u2019une marche jusqu\u2019\u00e0 l\u2019h\u00f4tel de Ville qui s\u2019illuminera \u00e0 20h30. <\/p>\n<p><strong>Lieu :<\/strong>\u00a03, rue Alfred Mortier, 06000 puis place Assena<\/p>\n<p><strong>Horaire :<\/strong> de 9 heures \u00e0 16h30 puis \u00e0 partir de 19 heures<\/p>\n<p><strong>Rugby \u2013 Nissa rugby affronte Massy\u00a0<\/strong><\/p>\n<p>Retrouvez <a href=\"https:\/\/www.nicepremium.fr\/sports\/nationale-1-nice-simpose-a-bourgoin-au-terme-dun-match-suspense\/\" target=\"_blank\" data-type=\"link\" data-id=\"https:\/\/www.nicepremium.fr\/sports\/nationale-1-nice-simpose-a-bourgoin-au-terme-dun-match-suspense\/\" rel=\"noreferrer noopener nofollow\">Nissa Rugby<\/a> pour le premier match de cette nouvelle saison de Nationale 1 au stade Marcel Volot, complexe des Arboras \u00e0 Nice. Fin ao\u00fbt, nous les avons quitt\u00e9s avec une d\u00e9faite sur le terrain de P\u00e9rigueux, (19-15) et une rel\u00e9gation. Rendez-vous ce week-end pour d\u00e9couvrir la nouvelle \u00e9quipe \u00e0 l\u2019occasion de cette confrontation avec Massy.\u00a0<\/p>\n<p><strong>Lieu :<\/strong>\u00a0stade Marcel Volot, complexe des Arboras \u00e0 Nice<\/p>\n<p><strong>Horaire : <\/strong>\u00e0 partir de 18 heures\u00a0<\/p>\n<p><strong>Circuit mondial de comp\u00e9tition de football freestyle\u00a0<\/strong><\/p>\n<p>Le prochain \u00e9pisode des Pulse Series aura lieu au centre culturel le 109 de Nice. Les qualifications se d\u00e9rouleront le 13 septembre, la finale se d\u00e9roulera le lendemain, le 14 septembre. Les 10 meilleurs freestylers, cinq femmes et cinq hommes, seront qualifi\u00e9s pour le championnat du monde de football freestyle.\u00a0<\/p>\n<p><strong>Lieu : <\/strong>le 109, centre culturel,<strong>\u00a0<\/strong>89, route de Turin, 06300 Nice<\/p>\n<p><strong>Horaire :<\/strong>\u00a0\u00e0 partir de 20 heures<\/p>\n<p><strong>Dimanche 14 septembre 2025\u00a0<\/strong><\/p>\n<p><strong>Championnat du monde VinFast Ironman<\/strong><\/p>\n<p>Les meilleurs triathl\u00e8tes de la plan\u00e8te encha\u00eenent les trois disciplines sur ce parcours : natation en mer au lever du jour, cyclisme sur 180 km de routes alpines exigeantes avant de conclure par un marathon sur la promenade des Anglais.\u00a0<\/p>\n<p><strong>Lieu :<\/strong> la\u00a0promenade des Anglais\u00a0<\/p>\n<p><strong>Horaire :\u00a0<\/strong><a href=\"https:\/\/www.nicepremium.fr\/actualite\/ironman-2025-quelles-sont-les-restrictions-de-circulation-a-prevoir\/\" target=\"_blank\" data-type=\"link\" data-id=\"https:\/\/www.nicepremium.fr\/actualite\/ironman-2025-quelles-sont-les-restrictions-de-circulation-a-prevoir\/\" rel=\"noreferrer noopener nofollow\">Ironman 70.3 \u00e0 partir de 6h20 jusqu\u2019\u00e0 19 heures.<\/a><\/p>\n<p><strong>Foire de la C\u00f4te d\u2019Azur<\/strong><\/p>\n<p>Plus de 250 exposants investiront les halls du MIN d\u2019Azur autour de multiples univers\u00a0: habitat et d\u00e9coration, piscine et jardin, bien-\u00eatre, artisanat local, gastronomie, auto-moto et bien d\u2019autres\u2026 L\u2019entr\u00e9e est gratuite.\u00a0<\/p>\n<p><strong>Lieu :\u00a0\u00a0<\/strong>37 \u2013 41, boulevard Dubouchage,\u00a006000 Nice<\/p>\n<p><strong>Horaire :<\/strong> de 10 heures \u00e0 19 heures\u00a0<\/p>\n<p><strong>Visite guid\u00e9e du fort Mont-Alban\u00a0<\/strong><\/p>\n<p>Situ\u00e9 \u00e0 222 m\u00e8tres d\u2019altitude, le fort a \u00e9t\u00e9 \u00e9difi\u00e9 de 1557 \u00e0 1560. Depuis 1909, <a href=\"https:\/\/www.explorenicecotedazur.com\/fiche\/le-fort-du-mont-alban\/\" target=\"_blank\" data-type=\"link\" data-id=\"https:\/\/www.explorenicecotedazur.com\/fiche\/le-fort-du-mont-alban\/\" rel=\"noreferrer noopener nofollow\">l\u2019\u00e9difice <\/a>est inscrit au titre des monuments historiques pour l\u2019enceinte, en 1913 pour les murs d\u2019enceintes avec les foss\u00e9s encore existants et en 1923 pour la circonscription de 250 m\u00e8tres.\u00a0<\/p>\n<p><strong>Lieu : <\/strong>chemin du fort du Mont-Alban,\u00a006000\u00a0Nice<\/p>\n<p><strong>Horaire :<\/strong> de 9 heures \u00e0 12 heures.\u00a0<\/p>\n<p><script async src=\"\/\/www.instagram.com\/embed.js\"><\/script><\/p>\n","protected":false},"excerpt":{"rendered":"Retrouvez des matchs de hockey, de handball, de rugby, ainsi qu\u2019une visite guid\u00e9e et des ateliers fifres et&hellip;\n","protected":false},"author":2,"featured_media":192403,"comment_status":"","ping_status":"","sticky":false,"template":"","format":"standard","meta":{"footnotes":""},"categories":[2819],"tags":[1111,11,1777,674,1011,27,12,2401,882,25],"class_list":{"0":"post-384711","1":"post","2":"type-post","3":"status-publish","4":"format-standard","5":"has-post-thumbnail","7":"category-nice","8":"tag-actu","9":"tag-actualites","10":"tag-eu","11":"tag-europe","12":"tag-fr","13":"tag-france","14":"tag-news","15":"tag-nice","16":"tag-provence-alpes-cote-dazur","17":"tag-republique-francaise"},"share_on_mastodon":{"url":"https:\/\/pubeurope.com\/@fr\/115190071795850075","error":""},"_links":{"self":[{"href":"https:\/\/www.europesays.com\/fr\/wp-json\/wp\/v2\/posts\/384711","targetHints":{"allow":["GET"]}}],"collection":[{"href":"https:\/\/www.europesays.com\/fr\/wp-json\/wp\/v2\/posts"}],"about":[{"href":"https:\/\/www.europesays.com\/fr\/wp-json\/wp\/v2\/types\/post"}],"author":[{"embeddable":true,"href":"https:\/\/www.europesays.com\/fr\/wp-json\/wp\/v2\/users\/2"}],"replies":[{"embeddable":true,"href":"https:\/\/www.europesays.com\/fr\/wp-json\/wp\/v2\/comments?post=384711"}],"version-history":[{"count":0,"href":"https:\/\/www.europesays.com\/fr\/wp-json\/wp\/v2\/posts\/384711\/revisions"}],"wp:featuredmedia":[{"embeddable":true,"href":"https:\/\/www.europesays.com\/fr\/wp-json\/wp\/v2\/media\/192403"}],"wp:attachment":[{"href":"https:\/\/www.europesays.com\/fr\/wp-json\/wp\/v2\/media?parent=384711"}],"wp:term":[{"taxonomy":"category","embeddable":true,"href":"https:\/\/www.europesays.com\/fr\/wp-json\/wp\/v2\/categories?post=384711"},{"taxonomy":"post_tag","embeddable":true,"href":"https:\/\/www.europesays.com\/fr\/wp-json\/wp\/v2\/tags?post=384711"}],"curies":[{"name":"wp","href":"https:\/\/api.w.org\/{rel}","templated":true}]}}