{"id":384712,"date":"2025-09-12T07:09:18","date_gmt":"2025-09-12T07:09:18","guid":{"rendered":"https:\/\/www.europesays.com\/fr\/384712\/"},"modified":"2025-09-12T07:09:18","modified_gmt":"2025-09-12T07:09:18","slug":"tf1-consacre-un-reportage-a-ce-passionne-de-droles-de-bestioles","status":"publish","type":"post","link":"https:\/\/www.europesays.com\/fr\/384712\/","title":{"rendered":"TF1 consacre un reportage \u00e0 ce passionn\u00e9 \u00ab\u00a0de dr\u00f4les de bestioles\u00a0\u00bb"},"content":{"rendered":"<p>            Par<br \/>\n        <strong><br \/>\n            <a href=\"https:\/\/actu.fr\/auteur\/thomas-bernard\" title=\"Consulter tous les articles de Thomas Bernard\" target=\"_blank\" rel=\"noopener\">Thomas Bernard<\/a><br \/>\n        <\/strong><\/p>\n<p>        Publi\u00e9 le<\/p>\n<p>            12 sept. 2025 \u00e0 7h46        <\/p>\n<p>Quand certains vivent avec des chiens et des chats, d\u2019autres vivent avec des animaux de compagnie moins poilus et porteurs d\u2019\u00e9cailles. C\u2019est le cas de <strong>Philippe Gillet<\/strong>, habitant de <a href=\"https:\/\/actu.fr\/pays-de-la-loire\/coueron_44047\" target=\"_blank\" rel=\"noopener\">Cou\u00ebron<\/a>, pr\u00e9sident de l\u2019association Inf\u2019Faune, v\u00e9ritable refuge pour les reptiles, les amphibiens et autres animaux exotiques.<\/p>\n<p class=\" wall-content\">La r\u00e9daction d\u2019actu Nantes a eu la chance de le rencontrer en avril\u00a02023, <a href=\"https:\/\/actu.fr\/pays-de-la-loire\/coueron_44047\/video-crocodiles-scorpions-serpents-philippe-protege-les-animaux-mal-aimes_59057792.html\" target=\"_blank\" rel=\"noopener\">nous avions consacr\u00e9 un reportage \u00e0 ce d\u00e9fenseur de la biodiversit\u00e9 animale<\/a>.<\/p>\n<blockquote class=\"tiktok-embed\" cite=\"https:\/\/www.tiktok.com\/@actufrnantes\/video\/7286027752593984800\" data-video-id=\"7286027752593984800\" data-embed-from=\"oembed\" style=\"max-width:605px; min-width:325px;\"><p>\n<a target=\"_blank\" title=\"@actufrnantes\" href=\"https:\/\/www.tiktok.com\/@actufrnantes?refer=embed\" rel=\"noopener\">@actufrnantes<\/a> <\/p>\n<p>Nous avons rencontr\u00e9 Philippe Gillet, le pr\u00e9sident de l\u2019association @INF FAUNE pr\u00e8s de Nantes. Il sait s\u2019y prendre avec les reptiles \ud83d\udc0a <a title=\"snake\" target=\"_blank\" href=\"https:\/\/www.tiktok.com\/tag\/snake?refer=embed\" rel=\"noopener\">#snake<\/a> <a title=\"tarentule\" target=\"_blank\" href=\"https:\/\/www.tiktok.com\/tag\/tarentule?refer=embed\" rel=\"noopener\">#tarentule<\/a> <a title=\"alligator\" target=\"_blank\" href=\"https:\/\/www.tiktok.com\/tag\/alligator?refer=embed\" rel=\"noopener\">#alligator<\/a> <a title=\"crocodile\" target=\"_blank\" href=\"https:\/\/www.tiktok.com\/tag\/crocodile?refer=embed\" rel=\"noopener\">#crocodile<\/a> <a title=\"animals\" target=\"_blank\" href=\"https:\/\/www.tiktok.com\/tag\/animals?refer=embed\" rel=\"noopener\">#animals<\/a> <a title=\"reptilesoftiktok\" target=\"_blank\" href=\"https:\/\/www.tiktok.com\/tag\/reptilesoftiktok?refer=embed\" rel=\"noopener\">#reptilesoftiktok<\/a> <a title=\"reptiles\" target=\"_blank\" href=\"https:\/\/www.tiktok.com\/tag\/reptiles?refer=embed\" rel=\"noopener\">#reptiles<\/a> <a title=\"reptilekeeper\" target=\"_blank\" href=\"https:\/\/www.tiktok.com\/tag\/reptilekeeper?refer=embed\" rel=\"noopener\">#reptilekeeper<\/a> <a title=\"inffaune\" target=\"_blank\" href=\"https:\/\/www.tiktok.com\/tag\/inffaune?refer=embed\" rel=\"noopener\">#inffaune<\/a> <\/p>\n<p> <a target=\"_blank\" title=\"\u266c Safari\/Wildlife\/African Video Background_\" href=\"https:\/\/www.tiktok.com\/music\/SafariWildlifeAfrican-Video-BackgroundKids-in-the-JungleAnimalsZooRainforestNational-ParkPlayfulFunCheerful-1327305-7157038211779266561?refer=embed\" rel=\"noopener\">\u266c Safari\/Wildlife\/African Video Background_\u00a0\u00bbKids in the Jungle\u00a0\u00bb_Animals\/Zoo\/Rainforest\/National Park\/Playful\/Fun\/Cheerful(1327305) \u2013 Ney<\/a> <\/p>\n<\/blockquote>\n<p>\u2009Un reportage sur TF1<\/p>\n<p class=\" wall-content\">Ce samedi 13 septembre 2025, <strong>\u00e0 partir de 14h50<\/strong>, les cam\u00e9ras de l\u2019\u00e9mission Grand Reportages, diffus\u00e9e sur TF1, se sont pos\u00e9es chez le Cou\u00ebronnais qui partage son quotidien avec pr\u00e8s de <strong>200 reptiles et deux crocodiles.\u00a0<\/strong><\/p>\n<p class=\" wall-content\">Avec son association, Philippe Gillet intervient sur tous les fronts pour aider et informer sur ces animaux m\u00e9connus.<\/p>\n<p class=\" wall-content\">Personnalisez votre actualit\u00e9 en ajoutant vos villes et m\u00e9dias en favori avec <a href=\"https:\/\/moncompte.actu.fr\" title=\"D\u00e9couvez Mon Actu\" rel=\"nofollow noopener\" data-trk=\"{&quot;cta&quot;:{&quot;action&quot;:&quot;https:\\\/\\\/moncompte.actu.fr&quot;,&quot;category&quot;:&quot;mon compte&quot;,&quot;from&quot;:&quot;article footer&quot;,&quot;name&quot;:&quot;Mon actu&quot;,&quot;type&quot;:&quot;cta&quot;}}\" target=\"_blank\">Mon Actu<\/a>.<\/p>\n<p>                    <script async src=\"\/\/www.tiktok.com\/embed.js\"><\/script><\/p>\n","protected":false},"excerpt":{"rendered":"Par Thomas Bernard Publi\u00e9 le 12 sept. 2025 \u00e0 7h46 Quand certains vivent avec des chiens et des&hellip;\n","protected":false},"author":2,"featured_media":384713,"comment_status":"","ping_status":"","sticky":false,"template":"","format":"standard","meta":{"footnotes":""},"categories":[2818],"tags":[1111,11,1867,1777,674,1011,27,766,12,2636,25,104,252],"class_list":{"0":"post-384712","1":"post","2":"type-post","3":"status-publish","4":"format-standard","5":"has-post-thumbnail","7":"category-nantes","8":"tag-actu","9":"tag-actualites","10":"tag-animaux","11":"tag-eu","12":"tag-europe","13":"tag-fr","14":"tag-france","15":"tag-nantes","16":"tag-news","17":"tag-pays-de-la-loire","18":"tag-republique-francaise","19":"tag-societe","20":"tag-television"},"share_on_mastodon":{"url":"https:\/\/pubeurope.com\/@fr\/115190075484253919","error":""},"_links":{"self":[{"href":"https:\/\/www.europesays.com\/fr\/wp-json\/wp\/v2\/posts\/384712","targetHints":{"allow":["GET"]}}],"collection":[{"href":"https:\/\/www.europesays.com\/fr\/wp-json\/wp\/v2\/posts"}],"about":[{"href":"https:\/\/www.europesays.com\/fr\/wp-json\/wp\/v2\/types\/post"}],"author":[{"embeddable":true,"href":"https:\/\/www.europesays.com\/fr\/wp-json\/wp\/v2\/users\/2"}],"replies":[{"embeddable":true,"href":"https:\/\/www.europesays.com\/fr\/wp-json\/wp\/v2\/comments?post=384712"}],"version-history":[{"count":0,"href":"https:\/\/www.europesays.com\/fr\/wp-json\/wp\/v2\/posts\/384712\/revisions"}],"wp:featuredmedia":[{"embeddable":true,"href":"https:\/\/www.europesays.com\/fr\/wp-json\/wp\/v2\/media\/384713"}],"wp:attachment":[{"href":"https:\/\/www.europesays.com\/fr\/wp-json\/wp\/v2\/media?parent=384712"}],"wp:term":[{"taxonomy":"category","embeddable":true,"href":"https:\/\/www.europesays.com\/fr\/wp-json\/wp\/v2\/categories?post=384712"},{"taxonomy":"post_tag","embeddable":true,"href":"https:\/\/www.europesays.com\/fr\/wp-json\/wp\/v2\/tags?post=384712"}],"curies":[{"name":"wp","href":"https:\/\/api.w.org\/{rel}","templated":true}]}}