{"id":384714,"date":"2025-09-12T07:10:11","date_gmt":"2025-09-12T07:10:11","guid":{"rendered":"https:\/\/www.europesays.com\/fr\/384714\/"},"modified":"2025-09-12T07:10:11","modified_gmt":"2025-09-12T07:10:11","slug":"le-hbc-nantes-tombe-face-a-berlin","status":"publish","type":"post","link":"https:\/\/www.europesays.com\/fr\/384714\/","title":{"rendered":"Le HBC Nantes tombe face \u00e0 Berlin"},"content":{"rendered":"<p>Face \u00e0 l\u2019un des favoris de la comp\u00e9tition, les hommes de Gr\u00e9gory Cojean ont r\u00e9alis\u00e9 une premi\u00e8re p\u00e9riode appliqu\u00e9e, virant en t\u00eate \u00e0 la pause (17-16), port\u00e9s par un bon Ivan Pe\u0161i\u0107 dans les cages (8 arr\u00eats \u00e0 la mi-temps) et une attaque efficace avec Valero Rivera (7\/7). Mais au retour des vestiaires, la dynamique a chang\u00e9. Berlin a mis la main sur le match, en acc\u00e9l\u00e9rant le jeu et en profitant des pertes de balle nantaises. Le Danois Mathias Gidsel, intenable, a pris les commandes du jeu allemand et termine\u00a0meilleur buteur du match avec 10 r\u00e9alisations. Les Renards de Berlin s\u2019imposent gr\u00e2ce \u00e0 leur jeu rapide et leur ma\u00eetrise collective : 34-40.<\/p>\n<p>Prochaine \u00e9ch\u00e9ance : Toulouse en Liqui Moly Starligue d\u00e8s ce week-end, avant un d\u00e9placement redoutable \u00e0 Veszpr\u00e9m pour la 2e journ\u00e9e de Ligue des champions.<\/p>\n","protected":false},"excerpt":{"rendered":"Face \u00e0 l\u2019un des favoris de la comp\u00e9tition, les hommes de Gr\u00e9gory Cojean ont r\u00e9alis\u00e9 une premi\u00e8re p\u00e9riode&hellip;\n","protected":false},"author":2,"featured_media":384715,"comment_status":"","ping_status":"","sticky":false,"template":"","format":"standard","meta":{"footnotes":""},"categories":[2818],"tags":[1111,11,1777,674,1011,27,766,12,2636,25],"class_list":{"0":"post-384714","1":"post","2":"type-post","3":"status-publish","4":"format-standard","5":"has-post-thumbnail","7":"category-nantes","8":"tag-actu","9":"tag-actualites","10":"tag-eu","11":"tag-europe","12":"tag-fr","13":"tag-france","14":"tag-nantes","15":"tag-news","16":"tag-pays-de-la-loire","17":"tag-republique-francaise"},"share_on_mastodon":{"url":"https:\/\/pubeurope.com\/@fr\/115190079447805908","error":""},"_links":{"self":[{"href":"https:\/\/www.europesays.com\/fr\/wp-json\/wp\/v2\/posts\/384714","targetHints":{"allow":["GET"]}}],"collection":[{"href":"https:\/\/www.europesays.com\/fr\/wp-json\/wp\/v2\/posts"}],"about":[{"href":"https:\/\/www.europesays.com\/fr\/wp-json\/wp\/v2\/types\/post"}],"author":[{"embeddable":true,"href":"https:\/\/www.europesays.com\/fr\/wp-json\/wp\/v2\/users\/2"}],"replies":[{"embeddable":true,"href":"https:\/\/www.europesays.com\/fr\/wp-json\/wp\/v2\/comments?post=384714"}],"version-history":[{"count":0,"href":"https:\/\/www.europesays.com\/fr\/wp-json\/wp\/v2\/posts\/384714\/revisions"}],"wp:featuredmedia":[{"embeddable":true,"href":"https:\/\/www.europesays.com\/fr\/wp-json\/wp\/v2\/media\/384715"}],"wp:attachment":[{"href":"https:\/\/www.europesays.com\/fr\/wp-json\/wp\/v2\/media?parent=384714"}],"wp:term":[{"taxonomy":"category","embeddable":true,"href":"https:\/\/www.europesays.com\/fr\/wp-json\/wp\/v2\/categories?post=384714"},{"taxonomy":"post_tag","embeddable":true,"href":"https:\/\/www.europesays.com\/fr\/wp-json\/wp\/v2\/tags?post=384714"}],"curies":[{"name":"wp","href":"https:\/\/api.w.org\/{rel}","templated":true}]}}