{"id":384720,"date":"2025-09-12T07:13:17","date_gmt":"2025-09-12T07:13:17","guid":{"rendered":"https:\/\/www.europesays.com\/fr\/384720\/"},"modified":"2025-09-12T07:13:17","modified_gmt":"2025-09-12T07:13:17","slug":"je-suis-celui-qui-gardera-la-gauche-unie","status":"publish","type":"post","link":"https:\/\/www.europesays.com\/fr\/384720\/","title":{"rendered":"\u00ab Je suis celui qui gardera la gauche unie \u00bb"},"content":{"rendered":"<p><strong>Le chef de file Archipel Citoyen, Maxime Le Texier, est candidat \u00e0 la candidature de l\u2019union des gauches pour les prochaines Municipales \u00e0 Toulouse. Il revient, pour le Journal Toulousain, sur les raisons de sa l\u00e9gitimit\u00e9, mais aussi sur les n\u00e9gociations internes, et sur la question de la place de la France Insoumise dans l\u2019\u00e9quation\u2026<\/strong><\/p>\n<p><img fetchpriority=\"high\" decoding=\"async\" width=\"1200\" height=\"1072\" src=\"https:\/\/www.europesays.com\/fr\/wp-content\/uploads\/2025\/09\/PORTRAIT_MAXIME_LE_TEXIER.jpg\" alt=\"Maxime Le Texier est le candidat Archipel Citoyen pour la liste d'union de la gauche, en vue des Municipales \u00e0 Toulouse\"  \/><\/p>\n<p>Maxime Le Texier est le candidat Archipel Citoyen pour la liste d\u2019union de la gauche, en vue des Municipales \u00e0 Toulouse \u00a9 Acad\u00e9mie des Futurs Leaders<\/p>\n<p><strong>Maxime Le Texier, \u00e0 six mois des Municipales, o\u00f9 en sont <a href=\"https:\/\/www.lejournaltoulousain.fr\/occitanie\/haute-garonne\/toulouse\/municipale-toulouse-methode-gauche-330401\/\" rel=\"nofollow noopener\" target=\"_blank\">les tractations entre Archipel Citoyen et les forces de gauche en vue d\u2019une union \u00e0 Toulouse <\/a>? La derni\u00e8re entrevue ayant eu lieu le 1er septembre\u2026<\/strong><br \/>Nous avons rencontr\u00e9 la France Insoumise et avons valid\u00e9 avec eux le principe de la gouvernance partag\u00e9e, entre mairie et m\u00e9tropole. La composante politique qui aura la Ville ne pourra pas avoir Toulouse M\u00e9tropole. Nous avons \u00e9galement confront\u00e9 nos id\u00e9es, et consenti que nous \u00e9tions d\u2019accord sur le fond programmatique. Enfin, il a \u00e9t\u00e9 question de la d\u00e9signation collective de la t\u00eate de liste. Et l\u00e0, LFI a \u00e9t\u00e9 assez claire : pour eux, le pr\u00e9alable \u00e0 toute discussion est que\u00a0Fran\u00e7ois Piquemal soit la t\u00eate de liste. \u00c0 partir de l\u00e0, il n\u2019y a plus grand chose \u00e0 discuter ! Avec La France Insoumise, les d\u00e9bats sont donc clos ! <br \/>Maintenant, nous \u00e9changeons donc \u00e0 six : Archipel Citoyen, la Parti Socialiste, le Parti Communiste, le Mouvement R\u00e9publicain et Citoyen (MRC), G\u00e9n\u00e9ration.s et le Parti Radical de Gauche (PRG). Archipel a propos\u00e9 une d\u00e9signation de la t\u00eate de liste par les colistiers. Il y aura bien s\u00fbr des n\u00e9gociations pour composer la liste mais celui ou celle qui la m\u00e8nera sera plus l\u00e9gitime que si elle s\u2019impose aux autres par un rapport de force. Enfin, nous avons propos\u00e9 un calendrier : en septembre, discussion du poids de chaque entit\u00e9 dans la liste, en octobre d\u00e9signation des candidats \u00e0 la candidature, et d\u00e9but novembre annonce de la t\u00eate de liste.<br \/>Pour l\u2019instant, rien n\u2019est officiellement act\u00e9, d\u2019autant que la situation politique nationale p\u00e8se aussi dans les d\u00e9bats, mais on sent que sur le fond, sur les questions programmatiques, il n\u2019y a pas d\u2019\u00e9cueil. On commence \u00e9galement \u00e0 aborder le probl\u00e8me de la composition de la liste. Si la d\u00e9signation par les colistiers est encore \u00e0 n\u00e9gocier, nous avons les quatre personnes qui sont pr\u00eates \u00e0 rentrer dans un dispositif\u00a0collectif, \u00e0 savoir moi-m\u00eame pour l\u2019Archipel Citoyen, R\u00e9gis Godec pour les \u00c9cologistes,\u00a0Isabelle Hardy pour G\u00e9n\u00e9ration.s et Fran\u00e7ois Brian\u00e7on pour le PS.<\/p>\n<blockquote class=\"wp-block-quote is-layout-flow wp-block-quote-is-layout-flow\">\n<p><strong>\u00ab Cinq membres du \u201cclub des 6\u201d ont demand\u00e9 l\u2019exclusion de la France Insoumise des discussions, pas Archipel ! \u00bb<\/strong>\n<\/p>\n<\/blockquote>\n<p><strong>En pleine n\u00e9gociation strat\u00e9gique, quel est le poids de la situation nationale ?<\/strong><br \/>Les Verts brandissent leur principe de subsidiarit\u00e9 et s\u2019affranchissent donc de l\u2019\u00e9chelon national. A Toulouse, ils ont nou\u00e9 une forte alliance avec nous et nous fonctionnons bien ensemble. Nous attendons juste leur assembl\u00e9e g\u00e9n\u00e9rale, le 18 septembre prochain, pour que les militants actent les choses : ils auront \u00e0 choisir entre Archipel ou LFI\u2026 Nous ne sommes pas tr\u00e8s inquiets quant aux r\u00e9sultats ! <br \/>En revanche, la politique nationale du PS aura s\u00fbrement un \u00e9cho local. Comment vont-ils se positionner \u00e0 Toulouse ? Quid de Place Publique ? Et de Generation.s ? Tous discutent mais tra\u00eenent un peu la patte pour acter les choses. Ils attendent de voir ce qu\u2019il se passe \u00e0 plus grande \u00e9chelle\u2026 En tout cas, ce qui est s\u00fbr, c\u2019est que cinq membres du \u201cclub des 6\u201d, comme je nous appelle, ont demand\u00e9 officiellement l\u2019exclusion de la France Insoumise des discussions. Du c\u00f4t\u00e9 d\u2019Archipel, nous refusons d\u2019ostraciser qui que ce soit, nous aurons besoin d\u2019eux pour \u00e9largir notre \u00e9lectorat. Sans oublier qu\u2019au conseil municipal, nous si\u00e9geons avec eux dans le groupe d\u2019opposition Alternative municipaliste citoyenne (AMC).<\/p>\n<p>Quid de La France Insoumise ?<\/p>\n<p><img loading=\"lazy\" decoding=\"async\" width=\"1200\" height=\"900\" src=\"https:\/\/www.europesays.com\/fr\/wp-content\/uploads\/2025\/09\/Archipel-Citoyen-\u00a9-Archipel-Citoyen.jpg\" alt=\"Archipel Citoyen\"  \/><\/p>\n<p>\u00a9 Archipel Citoyen<\/p>\n<p><strong>Ce qui est s\u00fbr aussi, c\u2019est qu\u2019il y aura donc au moins deux listes de gauche \u00e0 Toulouse. N\u2019est-ce pas d\u00e9j\u00e0 tr\u00e8s compliqu\u00e9 ?<\/strong><br \/>Et peut-\u00eatre trois\u2026 Mais cela ne veut rien dire. En 2008, il y avait d\u00e9j\u00e0 une liste d\u2019extr\u00eame gauche (Myriam Martin, alors candidate de la Ligue communiste r\u00e9volutionnaire, soutenue par les <a href=\"https:\/\/fr.wikipedia.org\/wiki\/Motiv%C3%A9s_!\" target=\"_blank\" rel=\"noreferrer noopener nofollow\">Motiv\u00e9s\u00a0!<\/a>, NDLR), sociologiquement parlant, \u00e9quivalente \u00e0 LFI d\u2019aujourd\u2019hui, et cela n\u2019a pas emp\u00each\u00e9 les Toulousains de se mobiliser. En 2020, il y avait aussi trois listes de gauche. En revanche, je sens une diff\u00e9rence, celle des attentes des \u00e9lecteurs qui appellent de leurs v\u0153ux une union des forces de gauche. C\u2019est l\u2019id\u00e9e du <a href=\"http:\/\/printemps-toulousain.fr\/\" target=\"_blank\" rel=\"noreferrer noopener nofollow\">Printemps Toulousain<\/a>. Si nous ne parvenons pas \u00e0 nous unir, nous allons les d\u00e9cevoir, car ils ont bien compris qu\u2019il n\u2019y avait pas de grandes diff\u00e9rences programmatiques entre nous, et qu\u2019il ne s\u2019agit que de bataille d\u2019ego. Personnellement, je trouve m\u00eame qu\u2019il y en a moins qu\u2019en 2020, quand certains totems comme la gratuit\u00e9 des transports, l\u2019armement de la police municipale, les cam\u00e9ras de vid\u00e9osurveillance, la position vis-\u00e0-vis de l\u2019a\u00e9ronautique, la LGV, la Jonction Est\u2026 cr\u00e9aient des points d\u2019achoppement entre nous. Aujourd\u2019hui, tout le monde a mis de l\u2019eau dans son vin et on est raccord !<\/p>\n<blockquote class=\"wp-block-quote is-layout-flow wp-block-quote-is-layout-flow\">\n<p><strong>\u00ab Si Fran\u00e7ois Piquemal est un bon candidat de premier tour, il est le pire de second tour ! \u00bb<\/strong>\n<\/p>\n<\/blockquote>\n<p><strong>Si les questions programmatiques ne semblent plus poser de probl\u00e8mes par rapport \u00e0 2020 selon vous, l\u2019aura de La France Insoumise n\u2019est plus la m\u00eame qu\u2019il y a cinq ans. Pensez-vous alors qu\u2019une union de toute la gauche est envisageable ? Voire souhaitable pour la gauche ?<\/strong><br \/>C\u2019est la vraie question ! Est-ce qu\u2019en partant derri\u00e8re une banni\u00e8re LFI au second tour, il est possible de gagner ? Le reste du \u201cclub des 6\u201d estime que non. Moi, je ne suis pas s\u00fbr. Tout d\u00e9pend de la t\u00eate de liste et du programme. Si notre liste arrive devant au premier tour, que l\u2019on parvient \u00e0 construire une image collective qui d\u00e9passe les accords, et que La France Insoumise n\u2019est qu\u2019une composante de l\u2019union, je ne crois que ce soit probl\u00e9matique. Par contre, si LFI arrive devant au premier tour, l\u00e0 c\u2019est compliqu\u00e9\u2026 Si Fran\u00e7ois Piquemal est un bon candidat de premier tour, il est le pire de second tour ! Il faut donc absolument limiter les listes de gauche \u00e0 deux. Sinon, c\u2019est la roulette russe ! Et Fran\u00e7ois Piquemal dispose quand m\u00eame d\u2019un r\u00e9servoir de voix important \u00e0 Toulouse. Ce qui ne me d\u00e9range pas en soi, mais qui, dans cette configuration, peut jouer en la d\u00e9faveur de la gauche.<\/p>\n<p>Archipel : le trait d\u2019union entre les forces de gauche<\/p>\n<p><strong>Concernant votre candidature, en quoi une t\u00eate de liste Archipel Citoyen serait pr\u00e9f\u00e9rable ?<\/strong><br \/>Archipel a toujours eu, et j\u2019y veille depuis la cr\u00e9ation en 2017, un ADN collectif. L\u2019id\u00e9e \u00e9tant de faire \u00e9merger une marque plut\u00f4t qu\u2019un ego. \u00c0 l\u2019image de Greenpeace ou Oxfam, dont personne ne conna\u00eet les pr\u00e9sidents mais tout le monde identifie les actions. Et je pense l\u2019avoir r\u00e9ussi, car si beaucoup savent ce qu\u2019est Archipel Citoyen, ils ne se souviennent pas qui en \u00e9tait la t\u00eate de liste en 2020. C\u2019est d\u2019ailleurs un probl\u00e8me pour les partis car d\u00e9sormais, Archipel p\u00e8se, il n\u2019est pas issu d\u2019accords de partis, il a son propre ADN et son projet politique. Alors, c\u2019est s\u00fbr qu\u2019avoir Archipel Citoyen autour de la table, cela fait une part de g\u00e2teau en moins\u2026 <br \/>Je me suis engag\u00e9 parce que j\u2019assume d\u2019aller \u201cau carton\u201d avec les partis, de n\u00e9gocier avec eux d\u2019\u00e9gal \u00e0 \u00e9gal, parce que se faire une place sur l\u2019\u00e9chiquier, c\u2019est la garantie de pouvoir transformer le fonctionnement de la Municipalit\u00e9 de l\u2019int\u00e9rieur.\u00a0Plus on aura d\u2019\u00e9lus dans une majorit\u00e9, plus on pourra faire peser les sujets d\u00e9mocratiques. Il fallait donc participer \u00e0 la course pour la t\u00eate de liste.<br \/>Je serai un leader lib\u00e9rateur ! Une t\u00eate de liste Archipel garantit la capacit\u00e9 \u00e0 g\u00e9rer un collectif. Nous sommes un trait d\u2019union entre les diff\u00e9rentes composantes de gauche. On est tout \u00e0 fait capable de g\u00e9rer une majorit\u00e9 qui va de LFI au PS. De plus, nous sommes compl\u00e8tement neutres vis-\u00e0-vis des enjeux nationaux.\u00a0Et enfin, nous assurons la paix des braves\u00a0entre le Parti Socialiste et les \u00c9cologistes. Sans parler du renouveau que nous repr\u00e9sentons. Chez nous, pas d\u2019\u00e9l\u00e9phants de la politique.<\/p>\n<blockquote class=\"wp-block-quote is-layout-flow wp-block-quote-is-layout-flow\">\n<p><strong>\u00ab  J\u2019ai la bonne personnalit\u00e9 pour r\u00e9ussir \u00e0 garder tout le monde dans le m\u00eame bateau \u00bb<\/strong>\n<\/p>\n<\/blockquote>\n<p><strong>Mais pourquoi vous, Maxime Le Texier ?<\/strong><br \/>D\u2019abord parce que j\u2019ai \u00e9t\u00e9 pl\u00e9biscit\u00e9. Ensuite, parce que je pense que j\u2019ai la bonne personnalit\u00e9 pour r\u00e9ussir \u00e0 garder tout le monde dans le m\u00eame bateau. Et puis, j\u2019ai \u00e9t\u00e9 \u00e9lu pendant six ans. J\u2019ai \u00e9norm\u00e9ment travaill\u00e9 pendant ce mandat.\u00a0Je pense maintenant avoir une bonne ma\u00eetrise des dossiers.\u00a0C\u2019est reconnu d\u2019ailleurs, \u00e0 gauche comme \u00e0 droite. Politiquement, je n\u2019ai pas \u00e0 rougir.\u00a0J\u2019ai beaucoup travaill\u00e9 le fonctionnement de l\u2019institution \u00e9galement.\u00a0J\u2019ai une carte \u00e0 jouer vis-\u00e0-vis du grand public,\u00a0avec mon c\u00f4t\u00e9 rassurant, carr\u00e9, s\u00e9rieux, tout en \u00e9tant moderne, diff\u00e9rent. Une sorte de rupture tranquille. Par mes 20 ans pass\u00e9 chez Airbus en tant qu\u2019ing\u00e9nieur, je suis aussi \u00e0 l\u2019aise dans la dimension technocratique que peut avoir le mandat municipal.<\/p>\n<p>Les choix d\u2019Archipel Citoyen<\/p>\n<p><img loading=\"lazy\" decoding=\"async\" width=\"1200\" height=\"994\" src=\"https:\/\/www.europesays.com\/fr\/wp-content\/uploads\/2025\/09\/manif-Le-Texier.png\" alt=\"manif Le Texier\"  \/><\/p>\n<p>\u00a9 Archipel Citoyen<\/p>\n<p><strong>Vous dites \u00eatre capable d\u2019assurer le rassemblement, mais un an demi apr\u00e8s avoir constitu\u00e9 <a href=\"https:\/\/www.lejournaltoulousain.fr\/politique\/toulouse-opposition-municipale-metropolitaine-delite-136808\/\" rel=\"nofollow noopener\" target=\"_blank\">le groupe d\u2019opposition AMC, issu de la large liste de gauche de second tour des Municipales 2020, ce dernier a explos\u00e9<\/a>\u2026<\/strong><br \/>Il n\u2019a s\u2019agit l\u00e0 que de questions d\u2019ego et non de divergences culturelles ! C\u2019est pour cela que nous continuons \u00e0 voter 98% des d\u00e9lib\u00e9rations de la m\u00eame fa\u00e7on. La raison pour laquelle les Verts sont partis, c\u2019est une question d\u2019ego, des deux c\u00f4t\u00e9s.\u00a0Car nous avions aussi des personnalit\u00e9s assez clivantes dans le groupe. Sans compter la guerre entre LFI et les \u00c9cologistes qui s\u2019est raviv\u00e9e avec les \u00e9lections r\u00e9gionales\u2026 Archipel Citoyen est rest\u00e9 avec La France Insoumise, parce qu\u2019on nous a demand\u00e9 de choisir entre papa et maman. Nous, les \u00e9lus de la soci\u00e9t\u00e9 civile, notre but \u00e9tait que l\u2019opposition reste soud\u00e9e\u00a0pour prendre de l\u2019\u00e9lan pour 2026.\u00a0Nous avons mis en place tout un syst\u00e8me de gouvernance partag\u00e9e pour que le groupe reste ensemble.<\/p>\n<blockquote class=\"wp-block-quote is-layout-flow wp-block-quote-is-layout-flow\">\n<p><strong>\u00ab La meilleure garantie d\u2019un fonctionnement collaboratif et de gouvernance partag\u00e9e, c\u2019est d\u2019\u00eatre le maire \u00bb<\/strong>\n<\/p>\n<\/blockquote>\n<p><strong>Comment pouvez-vous garantir aux \u00e9lecteurs Archipel Citoyen que les partis ne tireront pas exclusivement les ficelles de cette alliance de gauche ?<\/strong><br \/>Si je suis t\u00eate de liste, je suis le garant absolu du fonctionnement. Je suis tr\u00e8s honn\u00eate quand on me pose la question, la meilleure garantie de tenir un mouvement, un fonctionnement collaboratif et de gouvernance partag\u00e9e, c\u2019est d\u2019\u00eatre le maire. Si je ne suis pas maire mais juste un membre de la majorit\u00e9, je dirais que je ferai de mon mieux pour faire un lobbying d\u00e9mocratique,\u00a0mais malheureusement\u2026 C\u2019est pour cela qu\u2019il y a un vrai enjeu sur la t\u00eate de liste.<\/p>\n<p><strong>Et si vous n\u2019\u00eates pas d\u00e9sign\u00e9 t\u00eate de liste ?<\/strong><br \/>Nous ferons le dos rond et resterons dans l\u2019alliance bien s\u00fbr ! L\u2019id\u00e9e est de battre Jean-Luc Moudenc et amener quelque chose de diff\u00e9rent. Nous p\u00e8serons dans les diff\u00e9rentes adjointures.\u00a0Si nous obtenons une vice-pr\u00e9sidence, comme Tiss\u00e9o par exemple, nous pousserons, dans ces instances-l\u00e0, pour amener une culture de la d\u00e9mocratie et pour rendre le pouvoir aux habitants, \u00e0 notre \u00e9chelle.<\/p>\n","protected":false},"excerpt":{"rendered":"Le chef de file Archipel Citoyen, Maxime Le Texier, est candidat \u00e0 la candidature de l\u2019union des gauches&hellip;\n","protected":false},"author":2,"featured_media":384721,"comment_status":"","ping_status":"","sticky":false,"template":"","format":"standard","meta":{"footnotes":""},"categories":[2816],"tags":[1111,11,1777,674,1011,27,51750,12,2680,25,2312],"class_list":{"0":"post-384720","1":"post","2":"type-post","3":"status-publish","4":"format-standard","5":"has-post-thumbnail","7":"category-toulouse","8":"tag-actu","9":"tag-actualites","10":"tag-eu","11":"tag-europe","12":"tag-fr","13":"tag-france","14":"tag-municipales-u00e0-toulouseu00a0-maxime-le-texieru00a0-u00ab-je-suis-celui-qui-gardera-la-gauche-unie-u00bb","15":"tag-news","16":"tag-occitanie","17":"tag-republique-francaise","18":"tag-toulouse"},"share_on_mastodon":{"url":"https:\/\/pubeurope.com\/@fr\/115190091877857908","error":""},"_links":{"self":[{"href":"https:\/\/www.europesays.com\/fr\/wp-json\/wp\/v2\/posts\/384720","targetHints":{"allow":["GET"]}}],"collection":[{"href":"https:\/\/www.europesays.com\/fr\/wp-json\/wp\/v2\/posts"}],"about":[{"href":"https:\/\/www.europesays.com\/fr\/wp-json\/wp\/v2\/types\/post"}],"author":[{"embeddable":true,"href":"https:\/\/www.europesays.com\/fr\/wp-json\/wp\/v2\/users\/2"}],"replies":[{"embeddable":true,"href":"https:\/\/www.europesays.com\/fr\/wp-json\/wp\/v2\/comments?post=384720"}],"version-history":[{"count":0,"href":"https:\/\/www.europesays.com\/fr\/wp-json\/wp\/v2\/posts\/384720\/revisions"}],"wp:featuredmedia":[{"embeddable":true,"href":"https:\/\/www.europesays.com\/fr\/wp-json\/wp\/v2\/media\/384721"}],"wp:attachment":[{"href":"https:\/\/www.europesays.com\/fr\/wp-json\/wp\/v2\/media?parent=384720"}],"wp:term":[{"taxonomy":"category","embeddable":true,"href":"https:\/\/www.europesays.com\/fr\/wp-json\/wp\/v2\/categories?post=384720"},{"taxonomy":"post_tag","embeddable":true,"href":"https:\/\/www.europesays.com\/fr\/wp-json\/wp\/v2\/tags?post=384720"}],"curies":[{"name":"wp","href":"https:\/\/api.w.org\/{rel}","templated":true}]}}