{"id":384722,"date":"2025-09-12T07:14:11","date_gmt":"2025-09-12T07:14:11","guid":{"rendered":"https:\/\/www.europesays.com\/fr\/384722\/"},"modified":"2025-09-12T07:14:11","modified_gmt":"2025-09-12T07:14:11","slug":"top-14-des-choses-a-se-faire-pardonner-lusap-se-prepare-a-affronter-toulouse","status":"publish","type":"post","link":"https:\/\/www.europesays.com\/fr\/384722\/","title":{"rendered":"Top 14 \u2013 \u00ab\u00a0Des choses \u00e0 se faire pardonner\u00a0\u00bb, l\u2019Usap se pr\u00e9pare \u00e0 affronter Toulouse"},"content":{"rendered":"<p>\n                L\u2019Usap s\u2019est \u00e9vertu\u00e9e \u00e0 travailler son organisation globale apr\u00e8s le revers subi face \u00e0 Bayonne. Si certaines pistes font \u00e9tat de basiques \u00e0 la hausse, le contenu devra s\u2019am\u00e9liorer sensiblement face au champion de France pour tenir la distance. \u00c9tat des lieux.\n            <\/p>\n<p>\u00ab\u00a0Si on ne prend du plaisir \u00e0 tenir le ballon, \u00e0 am\u00e9liorer nos skills et notre jeu, alors cela va \u00eatre tr\u00e8s pauvre et nous allons en prendre 50 contre le Stade toulousain.\u00a0\u00bb\u00a0: par ces d\u00e9clarations \u00e0<strong><a href=\"https:\/\/www.rugbyrama.fr\/resultats\/rugby\/top-14\/phase-reguliere\/rencontre\/55926\/perpignan-bayonne\" target=\"_self\" rel=\"nofollow noopener\"> la sortie de la rencontre face aux Bayonnais<\/a><\/strong>, le manager Franck Az\u00e9ma avait dress\u00e9 un constat lucide sur la production de son \u00e9quipe. G\u00e9n\u00e9reuse, disposant d\u2019un alignement digne de ce nom, dans la capacit\u00e9 de se cr\u00e9er des situations \u00e0 foison. Mais terriblement maladroite, avec cette gestuelle technique al\u00e9atoire sur certaines fixations, des angles de courses moins pertinents et au final, un r\u00e9alisme qui n\u2019a pas forc\u00e9ment r\u00e9mun\u00e9r\u00e9 l\u2019investissement per\u00e7u face aux Basques. Le groupe savait \u00e0 quoi s\u2019attendre comme programme dans la semaine et les axes de travail \u00e0 optimiser.<\/p>\n<p>Pendant le d\u00e9roul\u00e9 des s\u00e9ances depuis lundi, les sang et or <strong><a href=\"https:\/\/www.rugbyrama.fr\/2025\/09\/08\/top-14-le-deuxieme-ligne-de-lusap-posolo-tuilagi-absent-environ-un-mois-jake-mcintyre-en-attente-dexamens-12917565.php\" target=\"_self\" rel=\"nofollow noopener\">furent aussi\u00a0priv\u00e9s de deux joueurs d\u00e9terminants<\/a><\/strong>, \u00e0 savoir Posolo Tuilagi (absence estim\u00e9e \u00e0 trois semaines), et surtout Jake McIntyre, victime d\u2019une rupture des ligaments crois\u00e9s et dont le retour n\u2019est pas envisag\u00e9 avant mars\u00a02026. La question d\u2019un joker m\u00e9dical est en discussion en interne, sachant que\u00a0le march\u00e9 est plus que restreint \u00e0 cette p\u00e9riode de l\u2019ann\u00e9e sur ce poste. L\u2019arri\u00e8re Th\u00e9o Forner manquait \u00e9galement \u00e0 l\u2019appel et devrait\u00a0revenir sur les pr\u00e9s \u00e0 partir de la semaine prochaine, alors que James Hall se ressentait d\u2019un coup \u00e0 la cuisse apr\u00e8s la rencontre, et que Tristan\u00a0Tedder se testera jusqu\u2019\u00e0 la derni\u00e8re minute. L\u2019information principale \u00e9tant la mont\u00e9e en puissance de Jamie Ritchie. La recrue phare de l\u2019intersaison peaufine son physique et son\u00a0int\u00e9gration sur la feuille de match interviendra soit en Haute-Garonne, soit pour la r\u00e9ception du Racing 92 lors de la prochaine journ\u00e9e.<\/p>\n<p>\u00ab\u00a0Le score sera anecdotique\u00a0\u00bb<\/p>\n<p>Si l\u2019on \u00f4te le succ\u00e8s irrespirable mais vital \u00e0 Grenoble lors du dernier access match en juin dernier, Perpignan n\u2019est plus parvenu \u00e0 s\u2019imposer \u00e0 l\u2019ext\u00e9rieur depuis avril\u00a02024 et un succ\u00e8s \u00e0 Montpellier (20-25). Une travers\u00e9e du d\u00e9sert pas innocente quand le besoin de chasser des points \u00e0 l\u2019ext\u00e9rieur se pr\u00e9cise. \u00ab\u00a0Ce ne sera pas l\u2019endroit le plus simple, explique l\u2019entra\u00eeneur David Marty. On ira\u00a0se tester en tant que groupe, dans l\u2019\u00e9tat d\u2019esprit. Nous avons pas mal de choses \u00e0 nous faire pardonner. Quand tu sors d\u2019une d\u00e9ception comme contre Bayonne, la pression on ne l\u2019aura pas \u00e0 Toulouse. Il n\u2019y aura pas \u00e9norm\u00e9ment de changements, on reste sur de la concurrence saine pour que tout le monde puisse se mettre au service de l\u2019\u00e9quipe.\u00a0\u00bb<\/p>\n<p>Alors que l\u2019Usap ne s\u2019est impos\u00e9e \u00e0 Toulouse qu\u2019une seule fois depuis l\u2019\u00e8re professionnelle (18-19 en 2013), le d\u00e9fi sera forc\u00e9ment colossal, surtout apr\u00e8s la production des hommes d\u2019Ugo Mola dimanche dernier \u00e0 Clermont. Matt\u00e9o Le Corvec, le troisi\u00e8me ligne donnait quelques cl\u00e9s pour ce duel\u00a0:\u00a0\u00bbOn doit se retrouver en tant qu\u2019\u00e9quipe. Quelques gar\u00e7ons comme moi sont arriv\u00e9s \u00e0 l\u2019intersaison et on doit faire corps. Le score sera anecdotique, l\u2019important sera le combat, les phases de collisions, et de se construire une confiance pour la suite. On a vraiment besoin de se remettre la t\u00eate \u00e0 l\u2019endroit. Peu importe l\u2019\u00e9quipe en face, le staff nous a clairement demand\u00e9\u00a0de nous lib\u00e9rer.\u00a0\u00bb<\/p>\n<p>Apr\u00e8s tout, les Catalans font bien jeu \u00e9gal dans le championnat domestique depuis leur retour dans l\u2019\u00e9lite du rugby en 2022. Les Perpignanais n\u2019ont plus perdu face aux Haut-Garonnais depuis cette date \u00e0 domicile, m\u00eame si les diff\u00e9rentes p\u00e9r\u00e9grinations n\u2019ont pas \u00e9t\u00e9 couronn\u00e9es de succ\u00e8s, ni de point de bonus. Perpignan sera-t-il en mesure de renverser la table\u00a0?<\/p>\n","protected":false},"excerpt":{"rendered":"L\u2019Usap s\u2019est \u00e9vertu\u00e9e \u00e0 travailler son organisation globale apr\u00e8s le revers subi face \u00e0 Bayonne. Si certaines pistes&hellip;\n","protected":false},"author":2,"featured_media":384723,"comment_status":"","ping_status":"","sticky":false,"template":"","format":"standard","meta":{"footnotes":""},"categories":[2816],"tags":[1111,11,1777,674,1011,27,12,2680,25,2312],"class_list":{"0":"post-384722","1":"post","2":"type-post","3":"status-publish","4":"format-standard","5":"has-post-thumbnail","7":"category-toulouse","8":"tag-actu","9":"tag-actualites","10":"tag-eu","11":"tag-europe","12":"tag-fr","13":"tag-france","14":"tag-news","15":"tag-occitanie","16":"tag-republique-francaise","17":"tag-toulouse"},"share_on_mastodon":{"url":"https:\/\/pubeurope.com\/@fr\/115190095195614848","error":""},"_links":{"self":[{"href":"https:\/\/www.europesays.com\/fr\/wp-json\/wp\/v2\/posts\/384722","targetHints":{"allow":["GET"]}}],"collection":[{"href":"https:\/\/www.europesays.com\/fr\/wp-json\/wp\/v2\/posts"}],"about":[{"href":"https:\/\/www.europesays.com\/fr\/wp-json\/wp\/v2\/types\/post"}],"author":[{"embeddable":true,"href":"https:\/\/www.europesays.com\/fr\/wp-json\/wp\/v2\/users\/2"}],"replies":[{"embeddable":true,"href":"https:\/\/www.europesays.com\/fr\/wp-json\/wp\/v2\/comments?post=384722"}],"version-history":[{"count":0,"href":"https:\/\/www.europesays.com\/fr\/wp-json\/wp\/v2\/posts\/384722\/revisions"}],"wp:featuredmedia":[{"embeddable":true,"href":"https:\/\/www.europesays.com\/fr\/wp-json\/wp\/v2\/media\/384723"}],"wp:attachment":[{"href":"https:\/\/www.europesays.com\/fr\/wp-json\/wp\/v2\/media?parent=384722"}],"wp:term":[{"taxonomy":"category","embeddable":true,"href":"https:\/\/www.europesays.com\/fr\/wp-json\/wp\/v2\/categories?post=384722"},{"taxonomy":"post_tag","embeddable":true,"href":"https:\/\/www.europesays.com\/fr\/wp-json\/wp\/v2\/tags?post=384722"}],"curies":[{"name":"wp","href":"https:\/\/api.w.org\/{rel}","templated":true}]}}