{"id":384724,"date":"2025-09-12T07:15:11","date_gmt":"2025-09-12T07:15:11","guid":{"rendered":"https:\/\/www.europesays.com\/fr\/384724\/"},"modified":"2025-09-12T07:15:11","modified_gmt":"2025-09-12T07:15:11","slug":"un-enorme-bouchon-jusqua-lentree-de-lille-ce-vendredi","status":"publish","type":"post","link":"https:\/\/www.europesays.com\/fr\/384724\/","title":{"rendered":"un \u00e9norme bouchon jusqu&rsquo;\u00e0 l&rsquo;entr\u00e9e de Lille ce vendredi"},"content":{"rendered":"<p>            Par<br \/>\n        <strong><br \/>\n            <a href=\"https:\/\/actu.fr\/auteur\/nicolas-demollien\" title=\"Consulter tous les articles de Nicolas Demollien\" target=\"_blank\" rel=\"noopener\">Nicolas Demollien<\/a><br \/>\n        <\/strong><\/p>\n<p>        Publi\u00e9 le<\/p>\n<p>            12 sept. 2025 \u00e0 8h48<br \/>\n        ; mis \u00e0 jour le 12 sept. 2025 \u00e0 9h02    <\/p>\n<p>La <a href=\"https:\/\/actu.fr\/tag\/circulation\" target=\"_blank\" rel=\"noopener\">circulation<\/a> est tr\u00e8s compliqu\u00e9e sur l\u2019<a href=\"https:\/\/actu.fr\/tag\/autoroute-1-a1\" target=\"_blank\" rel=\"noopener\">autoroute A1<\/a> ce vendredi 12 septembre 2025. Au petit matin, un <a href=\"https:\/\/actu.fr\/tag\/accident\" target=\"_blank\" rel=\"noopener\">accident<\/a> s\u2019est produit \u00e0 hauteur de <a href=\"https:\/\/actu.fr\/hauts-de-france\/lesquin_59343\" target=\"_blank\" rel=\"noopener\">Lesquin<\/a>, <b>entre une moto et une voiture<\/b>. Un <b>\u00e9norme bouchon<\/b> s\u2019est form\u00e9 depuis <a href=\"https:\/\/actu.fr\/hauts-de-france\/oignies_62637\" target=\"_blank\" rel=\"noopener\">Oignies<\/a> jusqu\u2019\u00e0 l\u2019entr\u00e9e de <a href=\"https:\/\/actu.fr\/hauts-de-france\/lille_59350\" target=\"_blank\" rel=\"noopener\">Lille<\/a> (Nord).<\/p>\n<p>Gros bouchon sur l\u2019autoroute A1 ce vendredi apr\u00e8s un accident<\/p>\n<p class=\" wall-content\">La pr\u00e9fecture du Nord confirme que le choc s\u2019est produit dans le <b>sens Paris-Lille<\/b>. \u00ab\u00a0Les <b>deux voies les plus \u00e0 gauche sont neutralis\u00e9es<\/b>\u00ab\u00a0, d\u00e9taille-t-elle.<\/p>\n<p class=\" wall-content\">Alors que la circulation est traditionnellement d\u00e9j\u00e0 difficile \u00e0 cette heure, un bouchon s\u2019est form\u00e9 \u00ab\u00a0depuis Oignies jusqu\u2019\u00e0 Lesquin\u00a0\u00bb.<\/p>\n<p class=\" wall-content\">Peu avant 9h, la pr\u00e9fecture annon\u00e7ait que les v\u00e9hicules \u00e9taient remis\u00e9s sur la voie de droite qui \u00e9tait neutralis\u00e9e. L\u2019\u00e9norme bouchon \u00e9tait toujours pr\u00e9sent, courant alors de Libercourt jusqu\u2019\u00e0 Lesquin.<\/p>\n<p class=\" wall-content\">Nous ignorons pour le moment la gravit\u00e9 de cet accident. Soyez prudents.<\/p>\n<p class=\" wall-content\">Plus d\u2019informations \u00e0 venir.<\/p>\n<p class=\" wall-content\">Personnalisez votre actualit\u00e9 en ajoutant vos villes et m\u00e9dias en favori avec <a href=\"https:\/\/moncompte.actu.fr\" title=\"D\u00e9couvez Mon Actu\" rel=\"nofollow noopener\" data-trk=\"{&quot;cta&quot;:{&quot;action&quot;:&quot;https:\\\/\\\/moncompte.actu.fr&quot;,&quot;category&quot;:&quot;mon compte&quot;,&quot;from&quot;:&quot;article footer&quot;,&quot;name&quot;:&quot;Mon actu&quot;,&quot;type&quot;:&quot;cta&quot;}}\" target=\"_blank\">Mon Actu<\/a>.<\/p>\n","protected":false},"excerpt":{"rendered":"Par Nicolas Demollien Publi\u00e9 le 12 sept. 2025 \u00e0 8h48 ; mis \u00e0 jour le 12 sept. 2025&hellip;\n","protected":false},"author":2,"featured_media":384725,"comment_status":"","ping_status":"","sticky":false,"template":"","format":"standard","meta":{"footnotes":""},"categories":[2815],"tags":[119,1111,11,9904,3542,1777,674,118,1011,27,811,1307,12,25],"class_list":{"0":"post-384724","1":"post","2":"type-post","3":"status-publish","4":"format-standard","5":"has-post-thumbnail","7":"category-lille","8":"tag-accident","9":"tag-actu","10":"tag-actualites","11":"tag-autoroute-1-a1","12":"tag-circulation","13":"tag-eu","14":"tag-europe","15":"tag-faits-divers","16":"tag-fr","17":"tag-france","18":"tag-hauts-de-france","19":"tag-lille","20":"tag-news","21":"tag-republique-francaise"},"share_on_mastodon":{"url":"https:\/\/pubeurope.com\/@fr\/115190099134087327","error":""},"_links":{"self":[{"href":"https:\/\/www.europesays.com\/fr\/wp-json\/wp\/v2\/posts\/384724","targetHints":{"allow":["GET"]}}],"collection":[{"href":"https:\/\/www.europesays.com\/fr\/wp-json\/wp\/v2\/posts"}],"about":[{"href":"https:\/\/www.europesays.com\/fr\/wp-json\/wp\/v2\/types\/post"}],"author":[{"embeddable":true,"href":"https:\/\/www.europesays.com\/fr\/wp-json\/wp\/v2\/users\/2"}],"replies":[{"embeddable":true,"href":"https:\/\/www.europesays.com\/fr\/wp-json\/wp\/v2\/comments?post=384724"}],"version-history":[{"count":0,"href":"https:\/\/www.europesays.com\/fr\/wp-json\/wp\/v2\/posts\/384724\/revisions"}],"wp:featuredmedia":[{"embeddable":true,"href":"https:\/\/www.europesays.com\/fr\/wp-json\/wp\/v2\/media\/384725"}],"wp:attachment":[{"href":"https:\/\/www.europesays.com\/fr\/wp-json\/wp\/v2\/media?parent=384724"}],"wp:term":[{"taxonomy":"category","embeddable":true,"href":"https:\/\/www.europesays.com\/fr\/wp-json\/wp\/v2\/categories?post=384724"},{"taxonomy":"post_tag","embeddable":true,"href":"https:\/\/www.europesays.com\/fr\/wp-json\/wp\/v2\/tags?post=384724"}],"curies":[{"name":"wp","href":"https:\/\/api.w.org\/{rel}","templated":true}]}}