{"id":384728,"date":"2025-09-12T07:17:20","date_gmt":"2025-09-12T07:17:20","guid":{"rendered":"https:\/\/www.europesays.com\/fr\/384728\/"},"modified":"2025-09-12T07:17:20","modified_gmt":"2025-09-12T07:17:20","slug":"exotismes-joue-la-carte-de-la-stabilite","status":"publish","type":"post","link":"https:\/\/www.europesays.com\/fr\/384728\/","title":{"rendered":"Exotismes joue la carte de la stabilit\u00e9"},"content":{"rendered":"<p>\t\t\t\t\t\t\t\t\t\tExotismes joue la carte de la stabilit\u00e9<\/p>\n<p><\/p>\n<p>\t\t\t\t\t\t\t\t\t\t\t\t<a href=\"https:\/\/www.europesays.com\/fr\/wp-content\/uploads\/2025\/09\/Gilbert-Cisneros-Julien-Cisneros-Sylvain-Cisneros-Exotismes-Paris-sept-2025.jpg\" class=\"lightbox-photo\" title=\"\"><img decoding=\"async\" src=\"https:\/\/www.europesays.com\/fr\/wp-content\/uploads\/2025\/09\/Gilbert-Cisneros-Julien-Cisneros-Sylvain-Cisneros-Exotismes-Paris-sept-2025.jpg\" alt=\"\" width=\"865\" style=\"width:865px;box-shadow: 0px 0px 10px 1px rgba(0,0,0,1);\"\/><\/a><\/p>\n<p>\t\t\t\t\t\t\t\t\t\t&#13;<br \/>\n\t\t\t\t\t\t\t\t\t\t&#13;<br \/>\n\t\t\t\t\t\t\t\t\t\t\t12 septembre 2025\u00a0\u00a0&#13;<br \/>\n\t\t\t\t\t\t\t\t\t\t\t&#13;<br \/>\n\t\t\t\t\t\t\t\t\t\t\t<a href=\"https:\/\/www.laquotidienne.fr\/author\/preibec\/\" title=\"Articles par R\u00e9daction\" rel=\"author noopener\" target=\"_blank\">R\u00e9daction<\/a>\u00a0\u00a0&#13;<br \/>\n\t\t\t\t\t\t\t\t\t\t\t&#13;<br \/>\n\t\t\t\t\t\t\t\t\t\t\t&#13;<br \/>\n\t\t\t\t\t\t\t\t\t\t\t<a href=\"#comments\" class=\"scrollTo item-meta-i\"><\/a><a href=\"https:\/\/www.laquotidienne.fr\/exotismes-joue-la-carte-de-la-stabilite\/#respond\" target=\"_blank\" rel=\"noopener\">Aucun commentaire<\/a>\u00a0\u00a0&#13;<br \/>\n\t\t\t\t\t\t\t\t\t\t\t&#13;<br \/>\n\t\t\t\t\t\t\t\t\t\t\t<a href=\"https:\/\/www.laquotidienne.fr\/rubrique\/production\/\" rel=\"category tag noopener\" target=\"_blank\">Production<\/a>\u00a0\u00a0&#13;<br \/>\n\t\t\t\t\t\t\t\t\t\t\t&#13;<br \/>\n\t\t\t\t\t\t\t\t\t\t\t\u00a0<a href=\"https:\/\/www.laquotidienne.fr\/tag\/exotismes\/\" rel=\"tag noopener\" target=\"_blank\">Exotismes<\/a>, <a href=\"https:\/\/www.laquotidienne.fr\/tag\/gilbert-cisneros\/\" rel=\"tag noopener\" target=\"_blank\">Gilbert Cisneros<\/a>, <a href=\"https:\/\/www.laquotidienne.fr\/tag\/julien-cisneros\/\" rel=\"tag noopener\" target=\"_blank\">Julien Cisneros<\/a>, <a href=\"https:\/\/www.laquotidienne.fr\/tag\/seychelles\/\" rel=\"tag noopener\" target=\"_blank\">Seychelles<\/a>, <a href=\"https:\/\/www.laquotidienne.fr\/tag\/sylvain-cisneros\/\" rel=\"tag noopener\" target=\"_blank\">Sylvain Cisneros<\/a>\u00a0\u00a0&#13;<br \/>\n\t\t\t\t\t\t\t\t\t\t\t&#13;<br \/>\n\t\t\t\t\t\t\t\t\t\t\t\t\t\t\t\t\t\t\t\t\t\t\t\u00a02016 vues&#13;<br \/>\n\t\t\t\t\t\t\t\t\t\t\t&#13;<br \/>\n\t\t\t\t\t\t\t\t\t\t\t&#13;<\/p>\n<p><strong>Le march\u00e9 du voyage a connu des bouleversements majeurs au cours des derni\u00e8res ann\u00e9es, mais le voyagiste marseillais Exotismes, dirig\u00e9 par la famille Cisneros (notamment Gilbert, Sylvain et Julien), a su naviguer avec brio \u00e0 travers cette p\u00e9riode de turbulences. Alors que 2024 \u00e9tait annonc\u00e9e comme une ann\u00e9e charni\u00e8re, marqu\u00e9e notamment par le reflux du \u00ab\u00a0revenge travel\u00a0\u00bb, la vie ch\u00e8re dans les destinations phares comme les Antilles et la pagaille au niveau politique nationale et internationale, Exotismes a, en r\u00e9ussissant \u00e0\u00a0 maintenir le cap, affich\u00e9 une performance \u00e9conomique brillante.<\/strong><\/p>\n<p><strong>Une r\u00e9silience \u00e9conomique remarquable<\/strong><\/p>\n<p><img decoding=\"async\" loading=\"lazy\" class=\"size-full wp-image-164502 alignleft\" src=\"https:\/\/www.europesays.com\/fr\/wp-content\/uploads\/2025\/09\/Gilbert-Cisneros-Julien-Cisneros-Sylvain-Cisneros-Didier-Sylvestre-Exotismes-Paris-sept-2025.jpg\" alt=\"\" width=\"640\" height=\"571\"  \/>Malgr\u00e9 un contexte \u00e9conomique complexe, le tour-op\u00e9rateur a r\u00e9alis\u00e9 en 2024 un Ebitda de 9,3 millions d\u2019euros, surpassant sa performance de 2023.<\/p>\n<p>Ce r\u00e9sultat exceptionnel d\u00e9montre la robustesse du mod\u00e8le \u00e9conomique de l\u2019entreprise et sa capacit\u00e9 \u00e0 s\u2019adapter aux nouvelles r\u00e9alit\u00e9s du march\u00e9.<\/p>\n<p>\u00ab\u00a0Plusieurs facteurs expliquent ce succ\u00e8s, pr\u00e9cise Gilbert Cisneros, le pr\u00e9sident de l\u2019entreprise.<\/p>\n<p>\u00ab\u00a0L\u2019un des plus significatifs est le bon taux de repeaters, ces clients fid\u00e8les qui reviennent ann\u00e9e apr\u00e8s ann\u00e9e.<\/p>\n<p>Cette fid\u00e9lit\u00e9 est le fruit d\u2019une excellente r\u00e9putation, de la qualit\u00e9 des services offerts et d\u2019une expertise reconnue sur nos destinations phares\u00a0\u00bb.<\/p>\n<p><strong><img decoding=\"async\" loading=\"lazy\" class=\"size-full wp-image-164503 alignleft\" src=\"https:\/\/www.europesays.com\/fr\/wp-content\/uploads\/2025\/09\/Exotismes-brochure-catalogue-2025.jpg\" alt=\"\" width=\"640\" height=\"748\"  \/>L\u2019innovation comme moteur de croissance<\/strong><\/p>\n<p>La fin du \u00ab\u00a0revenge travel\u00a0\u00bb \u2013 cette envie de voyager \u00e0 tout prix apr\u00e8s les confinements \u2013 a contraint l\u2019industrie \u00e0 se r\u00e9inventer.<\/p>\n<p>Exotismes a su anticiper ce changement et s\u2019est appuy\u00e9 sur une strat\u00e9gie d\u2019innovation.<\/p>\n<p>L\u2019entreprise a notamment int\u00e9gr\u00e9 les technologies d\u2019intelligence artificielle (qu\u2019elle d\u00e9veloppe en interne depuis 2003 !) pour optimiser ses processus internes, de la gestion des r\u00e9servations \u00e0 l\u2019optimisation des tarifs.<\/p>\n<p>Cette approche technologique, anim\u00e9e par Julien Cisneros, lui a permis de gagner en efficacit\u00e9 et en rentabilit\u00e9.<\/p>\n<p><strong>Une offre de produits repens\u00e9e et \u00e9largie<\/strong><\/p>\n<p>Pour faire face aux d\u00e9fis comme la vie ch\u00e8re aux Antilles, qui a pouss\u00e9 les clients \u00e0 chercher des alternatives, Exotismes a \u00e9largi et consolid\u00e9 son portefeuille de destinations.<\/p>\n<p>Cette ann\u00e9e, le voyagiste a mis l\u2019accent sur trois grandes nouveaut\u00e9s :<\/p>\n<p>Zanzibar et les h\u00f4tels Riu : L\u2019ajout des complexes h\u00f4teliers Riu \u00e0 Zanzibar renforce la pr\u00e9sence d\u2019Exotismes en Afrique de l\u2019Est, un march\u00e9 en pleine croissance pour les voyages de loisirs.<\/p>\n<p><img decoding=\"async\" loading=\"lazy\" class=\"size-full wp-image-73991 alignleft\" src=\"https:\/\/www.europesays.com\/fr\/wp-content\/uploads\/2025\/09\/tahiti-tourisme-austral-lagons-campagne-2015.jpg\" alt=\"\" width=\"640\" height=\"440\"  \/>La Polyn\u00e9sie revisit\u00e9e : \u00ab\u00a0Nous avons enrichi son offre en Polyn\u00e9sie avec de nouveaux h\u00f4tels, r\u00e9pondant \u00e0 une demande continue pour cette destination de r\u00eave\u00a0\u00bb pr\u00e9cise Sylvain Cisneros.<\/p>\n<p>L\u2019\u00e9mergence des Cara\u00efbes espagnoles : Le d\u00e9veloppement de produits sur des destinations hispanophones comme la R\u00e9publique Dominicaine notamment a offert des alternatives comp\u00e9titives et attractives aux voyageurs souhaitant d\u00e9couvrir les Cara\u00efbes sans les contraintes de co\u00fbt de certaines \u00eeles fran\u00e7aises.<\/p>\n<p>\u00ab\u00a0En s\u2019adaptant aux nouvelles tendances de consommation, en misant sur la technologie et en diversifiant son offre, Exotismes prouve qu\u2019il est possible de prosp\u00e9rer m\u00eame dans un march\u00e9 en mutation\u00a0\u00bb constate le Directeur G\u00e9n\u00e9ral de l\u2019entreprise Didier Sylvestre.<\/p>\n<p>Et ce mod\u00e8le de la famille Cisneros et de ses \u00e9quipes, alliant expertise, innovation et agilit\u00e9, s\u2019impose d\u00e9sormais comme une r\u00e9f\u00e9rence pour l\u2019ensemble du secteur.<\/p>\n<p><strong>PR<\/strong><\/p>\n<p>\t\t\t\t\t\t\t\t\t\t\t<br clear=\"all\"\/><\/p>\n<p>\t\t\t\t\t\t\t\t\t\t\t&#13;<br \/>\n\t\t\t\t\t\t\t\t\t\t\t\t\t\t\t\t\t\t\t\t\t\t<a href=\"https:\/\/www.facebook.com\/sharer.php?u=https:\/\/www.laquotidienne.fr\/exotismes-joue-la-carte-de-la-stabilite\/&amp;t=Exotismes joue la carte de la stabilit\u00e9\" target=\"_blank\" class=\"item\" title=\"Partagez sur Facebook\" rel=\"noopener\"><img decoding=\"async\" src=\"https:\/\/www.europesays.com\/fr\/wp-content\/uploads\/2025\/04\/fb.jpg\" style=\"box-shadow:0px 0px 10px black;\"\/><\/a><br \/>&#13;<br \/>\n\t\t\t\t\t\t\t\t\t\t\t<a href=\"https:\/\/www.facebook.com\/sharer.php?u=https:\/\/www.laquotidienne.fr\/exotismes-joue-la-carte-de-la-stabilite\/&amp;t=Exotismes joue la carte de la stabilit\u00e9\" target=\"_blank\" class=\"item\" title=\"Partagez sur Facebook\" rel=\"noopener\"><img decoding=\"async\" src=\"https:\/\/www.europesays.com\/fr\/wp-content\/uploads\/2025\/09\/Gilbert-Cisneros-Julien-Cisneros-Sylvain-Cisneros-Exotismes-Paris-sept-2025-resizedFile55.jpg\" style=\"width:300px;\"\/><\/a>&#13;<\/p>\n<p>&#13;\n\t\t\t\t\t\t\t\t\t\t<\/p>\n","protected":false},"excerpt":{"rendered":"Exotismes joue la carte de la stabilit\u00e9 &#13; &#13; 12 septembre 2025\u00a0\u00a0&#13; &#13; R\u00e9daction\u00a0\u00a0&#13; &#13; &#13; Aucun commentaire\u00a0\u00a0&#13;&hellip;\n","protected":false},"author":2,"featured_media":384729,"comment_status":"","ping_status":"","sticky":false,"template":"","format":"standard","meta":{"footnotes":""},"categories":[2814],"tags":[1111,11,1777,674,1011,27,1031,4052,884,12,4048,4050,882,1404,4049,25,4053,4051,602],"class_list":{"0":"post-384728","1":"post","2":"type-post","3":"status-publish","4":"format-standard","5":"has-post-thumbnail","7":"category-marseille","8":"tag-actu","9":"tag-actualites","10":"tag-eu","11":"tag-europe","12":"tag-fr","13":"tag-france","14":"tag-magazine","15":"tag-magazine-touristique","16":"tag-marseille","17":"tag-news","18":"tag-presse","19":"tag-presse-professionnelle","20":"tag-provence-alpes-cote-dazur","21":"tag-quotidien","22":"tag-quotidienne","23":"tag-republique-francaise","24":"tag-revue","25":"tag-revue-tourisme","26":"tag-tourisme"},"share_on_mastodon":{"url":"https:\/\/pubeurope.com\/@fr\/115190107353083891","error":""},"_links":{"self":[{"href":"https:\/\/www.europesays.com\/fr\/wp-json\/wp\/v2\/posts\/384728","targetHints":{"allow":["GET"]}}],"collection":[{"href":"https:\/\/www.europesays.com\/fr\/wp-json\/wp\/v2\/posts"}],"about":[{"href":"https:\/\/www.europesays.com\/fr\/wp-json\/wp\/v2\/types\/post"}],"author":[{"embeddable":true,"href":"https:\/\/www.europesays.com\/fr\/wp-json\/wp\/v2\/users\/2"}],"replies":[{"embeddable":true,"href":"https:\/\/www.europesays.com\/fr\/wp-json\/wp\/v2\/comments?post=384728"}],"version-history":[{"count":0,"href":"https:\/\/www.europesays.com\/fr\/wp-json\/wp\/v2\/posts\/384728\/revisions"}],"wp:featuredmedia":[{"embeddable":true,"href":"https:\/\/www.europesays.com\/fr\/wp-json\/wp\/v2\/media\/384729"}],"wp:attachment":[{"href":"https:\/\/www.europesays.com\/fr\/wp-json\/wp\/v2\/media?parent=384728"}],"wp:term":[{"taxonomy":"category","embeddable":true,"href":"https:\/\/www.europesays.com\/fr\/wp-json\/wp\/v2\/categories?post=384728"},{"taxonomy":"post_tag","embeddable":true,"href":"https:\/\/www.europesays.com\/fr\/wp-json\/wp\/v2\/tags?post=384728"}],"curies":[{"name":"wp","href":"https:\/\/api.w.org\/{rel}","templated":true}]}}