{"id":384734,"date":"2025-09-12T07:20:16","date_gmt":"2025-09-12T07:20:16","guid":{"rendered":"https:\/\/www.europesays.com\/fr\/384734\/"},"modified":"2025-09-12T07:20:16","modified_gmt":"2025-09-12T07:20:16","slug":"la-ligne-lyon-grenoble-stoppee-en-urgence","status":"publish","type":"post","link":"https:\/\/www.europesays.com\/fr\/384734\/","title":{"rendered":"la ligne Lyon-Grenoble stopp\u00e9e en urgence"},"content":{"rendered":"<p>            Par<br \/>\n        <strong><br \/>\n            <a href=\"https:\/\/actu.fr\/auteur\/lisa-rodrigues\" title=\"Consulter tous les articles de Lisa Rodrigues\" target=\"_blank\" rel=\"noopener\">Lisa Rodrigues<\/a><br \/>\n        <\/strong><\/p>\n<p>        Publi\u00e9 le<\/p>\n<p>            12 sept. 2025 \u00e0 9h10        <\/p>\n<p>Le trafic est perturb\u00e9 ce matin du vendredi 12 septembre sur la ligne Lyon-<a href=\"https:\/\/actu.fr\/auvergne-rhone-alpes\/grenoble_38185\" target=\"_blank\" rel=\"noopener\">Grenoble<\/a>. La circulation des trains a \u00e9t\u00e9 compl\u00e8tement interrompue dans les deux sens, apr\u00e8s un accident sur la commune de Domarin, pr\u00e8s de <a href=\"https:\/\/actu.fr\/auvergne-rhone-alpes\/bourgoin-jallieu_38053\" target=\"_blank\" rel=\"noopener\">Bourgoin-Jallieu<\/a>.<\/p>\n<p>    <a href=\"https:\/\/www.google.com\/maps\/embed?pb=!1m18!1m12!1m3!1d17396.788911150055!2d5.238732123469913!3d45.58454058791772!2m3!1f0!2f0!3f0!3m2!1i1024!2i768!4f13.1!3m3!1m2!1s0x478b2c478804148d%3A0x408ab2ae4be7a20!2s38300%20Domarin!5e0!3m2!1sfr!2sfr!4v1757660056626!5m2!1sfr!2sfr\" title=\"Ouvrie le lien\" target=\"_blank\" rel=\"noopener\">Cliquez ici pour visualiser le contenu<\/a><\/p>\n<p class=\" wall-content\">Pour une raison encore inconnue, <strong>un TER a percut\u00e9 une femme \u00e2g\u00e9e<\/strong> \u00e0 un passage \u00e0 niveau.<\/p>\n<p class=\" wall-content\">Les secours sont arriv\u00e9s peu apr\u00e8s sept heures sur les lieux. Malheureusement, la victime a \u00e9t\u00e9 d\u00e9clar\u00e9e d\u00e9c\u00e9d\u00e9e sur place par le m\u00e9decin du SMUR de Bourgoin-Jallieu.<\/p>\n<p>Reprise estim\u00e9e de la circulation \u00e0 9h30<\/p>\n<p class=\" wall-content\">Selon la SNCF, le trafic <strong>devrait reprendre aux alentours de 9h30<\/strong> sur la ligne Lyon-Grenoble et Lyon \u2013 Saint-Andr\u00e9-le-Gaz. Les gares de <a href=\"https:\/\/actu.fr\/auvergne-rhone-alpes\/la-verpilliere_38537\" target=\"_blank\" rel=\"noopener\">La Verpilli\u00e8re<\/a>, L\u2019Isle-d\u2019Abeau, Bourgoin-Jallieu et La Tour-du-Pin sont notamment impact\u00e9es par des retards et suppressions de trains.<\/p>\n<p class=\" wall-content\">\n<p class=\" wall-content\">Ce matin, en gare de Grenoble, plusieurs trains en direction de <a href=\"https:\/\/actu.fr\/lyon\/\" target=\"_blank\" rel=\"noopener\">Lyon<\/a> ont \u00e9t\u00e9 supprim\u00e9s. Idem dans le sens inverse, en provenance de la gare de Lyon Part-Dieu, mais des TER en direction de Chamb\u00e9ry ont pu \u00eatre maintenus, moyennant quelques retards.<\/p>\n<p class=\" wall-content\">Personnalisez votre actualit\u00e9 en ajoutant vos villes et m\u00e9dias en favori avec <a href=\"https:\/\/moncompte.actu.fr\" title=\"D\u00e9couvez Mon Actu\" rel=\"nofollow noopener\" data-trk=\"{&quot;cta&quot;:{&quot;action&quot;:&quot;https:\\\/\\\/moncompte.actu.fr&quot;,&quot;category&quot;:&quot;mon compte&quot;,&quot;from&quot;:&quot;article footer&quot;,&quot;name&quot;:&quot;Mon actu&quot;,&quot;type&quot;:&quot;cta&quot;}}\" target=\"_blank\">Mon Actu<\/a>.<\/p>\n","protected":false},"excerpt":{"rendered":"Par Lisa Rodrigues Publi\u00e9 le 12 sept. 2025 \u00e0 9h10 Le trafic est perturb\u00e9 ce matin du vendredi&hellip;\n","protected":false},"author":2,"featured_media":384735,"comment_status":"","ping_status":"","sticky":false,"template":"","format":"standard","meta":{"footnotes":""},"categories":[1889],"tags":[7757,1111,11,2430,1777,674,118,1011,27,2428,12,1311,25,2215],"class_list":{"0":"post-384734","1":"post","2":"type-post","3":"status-publish","4":"format-standard","5":"has-post-thumbnail","7":"category-lyon","8":"tag-accident-grave-de-voyageur","9":"tag-actu","10":"tag-actualites","11":"tag-auvergne-rhone-alpes","12":"tag-eu","13":"tag-europe","14":"tag-faits-divers","15":"tag-fr","16":"tag-france","17":"tag-lyon","18":"tag-news","19":"tag-pompiers","20":"tag-republique-francaise","21":"tag-sncf"},"share_on_mastodon":{"url":"https:\/\/pubeurope.com\/@fr\/115190118717929533","error":""},"_links":{"self":[{"href":"https:\/\/www.europesays.com\/fr\/wp-json\/wp\/v2\/posts\/384734","targetHints":{"allow":["GET"]}}],"collection":[{"href":"https:\/\/www.europesays.com\/fr\/wp-json\/wp\/v2\/posts"}],"about":[{"href":"https:\/\/www.europesays.com\/fr\/wp-json\/wp\/v2\/types\/post"}],"author":[{"embeddable":true,"href":"https:\/\/www.europesays.com\/fr\/wp-json\/wp\/v2\/users\/2"}],"replies":[{"embeddable":true,"href":"https:\/\/www.europesays.com\/fr\/wp-json\/wp\/v2\/comments?post=384734"}],"version-history":[{"count":0,"href":"https:\/\/www.europesays.com\/fr\/wp-json\/wp\/v2\/posts\/384734\/revisions"}],"wp:featuredmedia":[{"embeddable":true,"href":"https:\/\/www.europesays.com\/fr\/wp-json\/wp\/v2\/media\/384735"}],"wp:attachment":[{"href":"https:\/\/www.europesays.com\/fr\/wp-json\/wp\/v2\/media?parent=384734"}],"wp:term":[{"taxonomy":"category","embeddable":true,"href":"https:\/\/www.europesays.com\/fr\/wp-json\/wp\/v2\/categories?post=384734"},{"taxonomy":"post_tag","embeddable":true,"href":"https:\/\/www.europesays.com\/fr\/wp-json\/wp\/v2\/tags?post=384734"}],"curies":[{"name":"wp","href":"https:\/\/api.w.org\/{rel}","templated":true}]}}