{"id":384746,"date":"2025-09-12T07:27:12","date_gmt":"2025-09-12T07:27:12","guid":{"rendered":"https:\/\/www.europesays.com\/fr\/384746\/"},"modified":"2025-09-12T07:27:12","modified_gmt":"2025-09-12T07:27:12","slug":"si-lon-extrait-lextreme-droite-85-des-francais-considerent-que-la-menace-de-la-russie-est-reelle-liberation","status":"publish","type":"post","link":"https:\/\/www.europesays.com\/fr\/384746\/","title":{"rendered":"\u00abSi l\u2019on extrait l\u2019extr\u00eame droite, 85\u00a0% des Fran\u00e7ais consid\u00e8rent que la menace de la Russie est r\u00e9elle\u00bb \u2013 Lib\u00e9ration"},"content":{"rendered":"<p class=\"sc-cPiKLX AiZTS text-element\">Les Fran\u00e7ais sont-ils conscients du danger que repr\u00e9sente la Russie pour la souverainet\u00e9 des Etats de l\u2019Union europ\u00e9enne ? Et sont-ils favorables \u00e0 ce que l\u2019Ukraine re\u00e7oive des \u00abgaranties de s\u00e9curit\u00e9\u00bb fortes en cas de cessez-le-feu, comme le pr\u00f4ne Emmanuel Macron ? Au lendemain de <a href=\"https:\/\/www.liberation.fr\/international\/europe\/guerre-en-ukraine-la-coalition-des-volontaires-europeens-contre-la-mauvaise-volonte-russe-20250904_Y7XFT43YXJDFPPPLIVU7SUEYZI\/\" target=\"_blank\" rel=\"nofollow noopener\" title=\"https:\/\/www.liberation.fr\/international\/europe\/guerre-en-ukraine-la-coalition-des-volontaires-europeens-contre-la-mauvaise-volonte-russe-20250904_Y7XFT43YXJDFPPPLIVU7SUEYZI\/\">la visite de son homologue ukrainien Volodymyr Zelensky<\/a>, un sondage Ifop rel\u00e8ve quelques tendances : la d\u00e9fiance envers la Russie et Vladimir Poutine est aussi importante que le soutien \u00e0 l\u2019id\u00e9e qu\u2019il faudra aider l\u2019Ukraine pour que le cessez-le-feu soit respect\u00e9. Le secr\u00e9taire g\u00e9n\u00e9ral de la fondation Jean-Jaur\u00e8s et directeur des \u00e9tudes chez Havas, Gilles Finchelstein, souligne que l\u2019opinion fran\u00e7aise est lucide, et devrait le rester. <\/p>\n<p class=\"sc-cPiKLX AiZTS text-element\"><b>Qu\u2019est-ce qui vous semble le plus remarquable dans les r\u00e9sultats de ce sondage<\/b> <b>?<\/b> <\/p>\n<p class=\"sc-cPiKLX AiZTS text-element\">A quel point la chose qui structure l\u2019opinion est la perception ou non d\u2019une menace russe. Et \u00e0 quel point la perception d\u2019une menace russe est \u00e9lev\u00e9e. C\u2019est un \u00e9l\u00e9ment int\u00e9ressant \u00e0 la fois par rapport aux narratifs du Kremlin, mais aussi par rapport aux ambigu\u00eft\u00e9s de Donald Trump aux Etats <\/p>\n","protected":false},"excerpt":{"rendered":"Les Fran\u00e7ais sont-ils conscients du danger que repr\u00e9sente la Russie pour la souverainet\u00e9 des Etats de l\u2019Union europ\u00e9enne&hellip;\n","protected":false},"author":2,"featured_media":384747,"comment_status":"","ping_status":"","sticky":false,"template":"","format":"standard","meta":{"footnotes":""},"categories":[1591],"tags":[11,1887,12,1885,1886,132,220,297],"class_list":{"0":"post-384746","1":"post","2":"type-post","3":"status-publish","4":"format-standard","5":"has-post-thumbnail","7":"category-russie","8":"tag-actualites","9":"tag-federation-de-russie","10":"tag-news","11":"tag-russia","12":"tag-russian-federation","13":"tag-russie","14":"tag-ukraine","15":"tag-ukraine-la-crise"},"share_on_mastodon":{"url":"https:\/\/pubeurope.com\/@fr\/115190146292009674","error":""},"_links":{"self":[{"href":"https:\/\/www.europesays.com\/fr\/wp-json\/wp\/v2\/posts\/384746","targetHints":{"allow":["GET"]}}],"collection":[{"href":"https:\/\/www.europesays.com\/fr\/wp-json\/wp\/v2\/posts"}],"about":[{"href":"https:\/\/www.europesays.com\/fr\/wp-json\/wp\/v2\/types\/post"}],"author":[{"embeddable":true,"href":"https:\/\/www.europesays.com\/fr\/wp-json\/wp\/v2\/users\/2"}],"replies":[{"embeddable":true,"href":"https:\/\/www.europesays.com\/fr\/wp-json\/wp\/v2\/comments?post=384746"}],"version-history":[{"count":0,"href":"https:\/\/www.europesays.com\/fr\/wp-json\/wp\/v2\/posts\/384746\/revisions"}],"wp:featuredmedia":[{"embeddable":true,"href":"https:\/\/www.europesays.com\/fr\/wp-json\/wp\/v2\/media\/384747"}],"wp:attachment":[{"href":"https:\/\/www.europesays.com\/fr\/wp-json\/wp\/v2\/media?parent=384746"}],"wp:term":[{"taxonomy":"category","embeddable":true,"href":"https:\/\/www.europesays.com\/fr\/wp-json\/wp\/v2\/categories?post=384746"},{"taxonomy":"post_tag","embeddable":true,"href":"https:\/\/www.europesays.com\/fr\/wp-json\/wp\/v2\/tags?post=384746"}],"curies":[{"name":"wp","href":"https:\/\/api.w.org\/{rel}","templated":true}]}}