{"id":384748,"date":"2025-09-12T07:28:15","date_gmt":"2025-09-12T07:28:15","guid":{"rendered":"https:\/\/www.europesays.com\/fr\/384748\/"},"modified":"2025-09-12T07:28:15","modified_gmt":"2025-09-12T07:28:15","slug":"en-direct-incursion-de-drones-en-pologne-lambassadeur-de-russie-en-france-convoque","status":"publish","type":"post","link":"https:\/\/www.europesays.com\/fr\/384748\/","title":{"rendered":"EN DIRECT &#8211; Incursion de drones en Pologne : l&rsquo;ambassadeur de Russie en France convoqu\u00e9"},"content":{"rendered":"<ul class=\"jsx-862013697 ArticleChapo__List\">\n<li class=\"jsx-862013697 ArticleChapo__List_Item flex\">Moscou indique avoir abattu 221 drones ukrainiens dans la nuit de jeudi \u00e0 vendredi, soit l&rsquo;une des attaques les plus massives de l&rsquo;arm\u00e9e de Kiev en trois ans et demi d&rsquo;offensive russe.<\/li>\n<li class=\"jsx-862013697 ArticleChapo__List_Item flex\">Suivez les derni\u00e8res informations.<\/li>\n<\/ul>\n<p><a href=\"https:\/\/www.tf1info.fr\/actualite\/guerre-ukraine-russie-une-rencontre-donald-trump-vladimir-poutine-historique-le-vendredi-15-aout-2025-en-alaska-sans-volodymyr-zelensky-14326\/\" rel=\"noopener\" class=\"jsx-484472199 Link jsx-1428418400 jsx-554215408\" target=\"_blank\"><\/p>\n<p style=\"font-weight:400\" class=\"jsx-1837267516\">Suivez la couverture compl\u00e8te<\/p>\n<p style=\"font-weight:800\" class=\"jsx-1837267516\">Ukraine-Russie : des n\u00e9gociations dans l\u2019impasse<\/p>\n<p><\/a>Les \u00e9l\u00e9ments marquantsCONVOCATION08:52<\/p>\n<p>L&rsquo;ambassadeur de Russie en France est convoqu\u00e9 aujourd&rsquo;hui au minist\u00e8re fran\u00e7ais des Affaires \u00e9trang\u00e8res pour \u00e9voquer l&rsquo;incursion des drones en Pologne, a annonc\u00e9 le chef de la diplomatie sortante, emboitant le pas \u00e0 plusieurs autres pays europ\u00e9ens. \u00ab\u00a0Il sera convoqu\u00e9 ce matin. Nous allons lui dire (&#8230;) que nous ne nous laisserons pas intimider\u00a0\u00bb, a d\u00e9clar\u00e9 Jean-No\u00ebl Barrot sur France Inter. \u00ab\u00a0Intentionnelle ou non, accidentelle ou non, tout cela est tr\u00e8s grave. Tout cela est absolument inacceptable. Tout cela vient s&rsquo;ajouter aux innombrables provocations de Vladimir Poutine\u00a0\u00bb, a-t-il dit.<\/p>\n<blockquote data-testid=\"EmbedTwitter\" id=\"tweet-1966392380124168568-:Red8smcmj9n79m:\" class=\"jsx-aeff1a1c40f54d7a twitter-tweet flex justify-center items-center\"><p>L&rsquo;ambassadeur de Russie en France sera convoqu\u00e9 ce vendredi matin au Quai d&rsquo;Orsay, annonce Jean-No\u00ebl Barrot, ministre d\u00e9missionnaire des Affaires \u00e9trang\u00e8res, apr\u00e8s l&rsquo;incursion de drones pr\u00e9sum\u00e9s russes dans l&rsquo;espace a\u00e9rien de la Pologne.  #le69inter pic.twitter.com\/Wja7gsvAF7 \u2014 France Inter (@franceinter)  September 12, 2025<\/p><\/blockquote>\n<p>Voir plus d&rsquo;\u00e9l\u00e9ments marquantsMinute par minuteSONDAGE09:03<\/p>\n<p>Trois-quarts des Fran\u00e7ais jugent n\u00e9cessaire d&rsquo;apporter des \u00ab\u00a0garanties de s\u00e9curit\u00e9 fortes\u00a0\u00bb \u00e0 l&rsquo;Ukraine pour y s\u00e9curiser un \u00e9ventuel cessez-le-feu, mais moins de la moiti\u00e9 sont favorables \u00e0 l&rsquo;envoi de troupes dans le pays, selon un sondage de l&rsquo;Ifop publi\u00e9 aujourd&rsquo;hui.\u00a0<\/p>\n<p>Si 75% des sond\u00e9s jugent n\u00e9cessaires de telles garanties, une majorit\u00e9 (61%) se prononce d&rsquo;abord pour qu&rsquo;elle prenne la forme d&rsquo;une int\u00e9gration progressive de l&rsquo;Ukraine dans l&rsquo;Otan, consid\u00e9r\u00e9e comme une ligne rouge pour la Russie, la fourniture d&rsquo;armes (59%) et l&rsquo;int\u00e9gration progressive \u00e0 l&rsquo;Union europ\u00e9enne (56%). En revanche, l&rsquo;envoi de troupes occidentales ou europ\u00e9ennes au sol, sur le mod\u00e8le des \u00c9tats-Unis en Cor\u00e9e du Sud, recueille 47% de soutien.<\/p>\n<p>Le sondage r\u00e9v\u00e8le un clivage politique fort sur ce sujet. Avec un soutien passant de 70% pour les sympathisants du pr\u00e9sident de la R\u00e9publique, qui s&rsquo;est dit pr\u00eat \u00e0 engager des forces fran\u00e7aises en Ukraine, \u00e0 55% pour ceux des partis de gauche et de droite, et chutant \u00e0 36% pour les sympathisants du Rassemblement national (RN). Pour 35% des sond\u00e9s, l&rsquo;ONU devrait s&rsquo;impliquer en premier lieu pour faire respecter un cessez-le-feu.<\/p>\n<p>CONVOCATION08:52<\/p>\n<p>L&rsquo;ambassadeur de Russie en France est convoqu\u00e9 aujourd&rsquo;hui au minist\u00e8re fran\u00e7ais des Affaires \u00e9trang\u00e8res pour \u00e9voquer l&rsquo;incursion des drones en Pologne, a annonc\u00e9 le chef de la diplomatie sortante, emboitant le pas \u00e0 plusieurs autres pays europ\u00e9ens. \u00ab\u00a0Il sera convoqu\u00e9 ce matin. Nous allons lui dire (&#8230;) que nous ne nous laisserons pas intimider\u00a0\u00bb, a d\u00e9clar\u00e9 Jean-No\u00ebl Barrot sur France Inter. \u00ab\u00a0Intentionnelle ou non, accidentelle ou non, tout cela est tr\u00e8s grave. Tout cela est absolument inacceptable. Tout cela vient s&rsquo;ajouter aux innombrables provocations de Vladimir Poutine\u00a0\u00bb, a-t-il dit.<\/p>\n<blockquote data-testid=\"EmbedTwitter\" id=\"tweet-1966392380124168568-:R3j29lkmcmj9n79m:\" class=\"jsx-aeff1a1c40f54d7a twitter-tweet flex justify-center items-center\"><p>L&rsquo;ambassadeur de Russie en France sera convoqu\u00e9 ce vendredi matin au Quai d&rsquo;Orsay, annonce Jean-No\u00ebl Barrot, ministre d\u00e9missionnaire des Affaires \u00e9trang\u00e8res, apr\u00e8s l&rsquo;incursion de drones pr\u00e9sum\u00e9s russes dans l&rsquo;espace a\u00e9rien de la Pologne.  #le69inter pic.twitter.com\/Wja7gsvAF7 \u2014 France Inter (@franceinter)  September 12, 2025<\/p><\/blockquote>\n<p>ZAPAD-202508:26<\/p>\n<p>Les exercices Zapad-2025 ont bien d\u00e9but\u00e9 dans une ville \u00e0 l&rsquo;est de Minsk. Selon Donald Tusk, Premier ministre polonais, ils visent \u00e0 simuler l&rsquo;occupation du corridor de Suwalki, qui s&rsquo;\u00e9tend le long de la fronti\u00e8re entre la Pologne et la Lituanie avec l&rsquo;enclave russe de Kaliningrad \u00e0 l&rsquo;ouest et le B\u00e9larus \u00e0 l&rsquo;est. Ce corridor est souvent consid\u00e9r\u00e9 comme un point faible de l&rsquo;Otan qui pourrait \u00eatre la premi\u00e8re cible d&rsquo;une hypoth\u00e9tique attaque russe. Cette crainte est une \u00ab\u00a0absurdit\u00e9 totale\u00a0\u00bb, a balay\u00e9 le pr\u00e9sident b\u00e9larusse Alexandre Loukachenko.<\/p>\n<p><img decoding=\"async\" src=\"https:\/\/www.europesays.com\/fr\/wp-content\/uploads\/2025\/09\/zapad-2025-exercices-russie-bielorussie-09e01d-0@1x.jpeg\" alt=\"Image de l'arm\u00e9e russe sur le lancement des exercices Zapad-2025 - Handout \/ Russian Defence Ministry \/ AFP\" loading=\"lazy\" importance=\"low\" fetchpriority=\"low\" class=\"\"\/>Image de l&rsquo;arm\u00e9e russe sur le lancement des exercices Zapad-2025 &#8211; Handout \/ Russian Defence Ministry \/ AFPESCALADE ?07:45<\/p>\n<p>Apr\u00e8s l&rsquo;\u00e9pisode des drones russes en Pologne, les alli\u00e9s de l&rsquo;Otan sont sur le qui-vive et la France envoie trois Rafale en soutien. Y a-t-il un risque d&rsquo;escalade ? On fait le point sur place avec Thomas Misrachi, envoy\u00e9 sp\u00e9cial TF1-\/LCI \u2935\ufe0f<\/p>\n<p>Drones en Pologne : Macron envoie 3 rafalesSource : TF1 Info<\/p>\n<p><img decoding=\"async\" src=\"https:\/\/www.europesays.com\/fr\/wp-content\/uploads\/2025\/09\/drones-en-pologne-macron-envoie-3-rafales-b7dc1f-0@1x.jpeg\" alt=\"Drones en Pologne : Macron envoie 3 rafales\" loading=\"lazy\" importance=\"low\" fetchpriority=\"low\" class=\"\"\/><img decoding=\"async\" src=\"https:\/\/www.tf1info.fr\/images\/icons\/player-logo-play.svg\" alt=\"Logo lecture\" class=\"jsx-d0de44c05fe3042c PlayerLazyload__Play\"\/>D\u00c9BUT DES EXERCICES07:41<\/p>\n<p>La Russie et le B\u00e9larus ont d\u00e9but\u00e9 ce matin leurs exercices militaires conjoints, a annonc\u00e9 l&rsquo;arm\u00e9e russe. Ces Zapad-2025 suivent le calendrier habituel, soit tous les quatre ans. Mais il s&rsquo;agit des premiers depuis le d\u00e9but de la guerre en Ukraine, les pr\u00e9c\u00e9dents ayant eu lieu en 2021. Ils avaient alors mobilis\u00e9 200.000 soldats russes. Ce nombre devrait \u00eatre plus r\u00e9duit cette ann\u00e9e en raison du d\u00e9ploiement de l&rsquo;arm\u00e9e russe en Ukraine.<\/p>\n<p>DES RAFALE EN POLOGNE06:59<\/p>\n<p>Sur X, Emmanuel Macron a annonc\u00e9 hier soir que \u00ab\u00a0suite aux incursions de drones russes en Pologne\u00a0\u00bb, le chef de l&rsquo;\u00c9tat a \u00ab\u00a0d\u00e9cid\u00e9 de mobiliser trois chasseurs Rafale pour contribuer \u00e0 la protection de l&rsquo;espace a\u00e9rien polonais et du Franc Est de l&rsquo;Europe avec nos alli\u00e9s de l&rsquo;Otan\u00a0\u00bb. Un engagement que le pr\u00e9sident fran\u00e7ais avait pris aupr\u00e8s du Premier ministre polonais rappelle-t-il.<\/p>\n<p>\u00ab\u00a0Je me suis \u00e9galement entretenu \u00e0 ce sujet avec le Secr\u00e9taire g\u00e9n\u00e9ral de l&rsquo;Otan, et le Premier ministre britannique, \u00e9galement impliqu\u00e9 dans la protection du Flanc Est. La s\u00e9curit\u00e9 du continent europ\u00e9en est notre priorit\u00e9 absolue. Nous ne c\u00e9derons pas face aux intimidations croissantes de la Russie\u00a0\u00bb, \u00e9crit encore Emmanbuel Macron.<\/p>\n<blockquote data-testid=\"EmbedTwitter\" id=\"tweet-1966196585777262670-:R3j69lkmcmj9n79m:\" class=\"jsx-aeff1a1c40f54d7a twitter-tweet flex justify-center items-center\"><p>Suite aux incursions de drones russes en Pologne, j\u2019ai d\u00e9cid\u00e9 de mobiliser trois chasseurs Rafale pour contribuer \u00e0 la protection de l\u2019espace a\u00e9rien polonais et du Flanc Est de l\u2019Europe avec nos alli\u00e9s de l\u2019OTAN.  Je m\u2019y \u00e9tais engag\u00e9 hier aupr\u00e8s du Premier ministre polonais.\u2026 \u2014 Emmanuel Macron (@EmmanuelMacron)  September 11, 2025<\/p><\/blockquote>\n<p>EXERCICES06:53<\/p>\n<p>La Russie et le B\u00e9larus, son alli\u00e9 fid\u00e8le, doivent entamer aujourd&rsquo;hui de grands exercices militaires conjoints. Ces man\u0153uvres se d\u00e9roulent alors que l&rsquo;arm\u00e9e russe progresse sur le front ukrainien et intensifie ses attaques a\u00e9riennes sur les villes du pays voisin, plus de trois ans apr\u00e8s le d\u00e9but de son offensive \u00e0 grande \u00e9chelle.<\/p>\n<p>Elles se tiennent \u00e0 partir d&rsquo;aujourd&rsquo;hui et jusqu&rsquo;\u00e0 mardi prochain pr\u00e8s d&rsquo;une ville situ\u00e9e \u00e0 l&rsquo;est de Minsk, la capitale, selon les autorit\u00e9s b\u00e9larusses. La Pologne, la Lituanie et la Lettonie, pays membres de l&rsquo;Otan et voisins du B\u00e9larus, voient d&rsquo;un tr\u00e8s mauvais oeil l&rsquo;organisation de ces exercices si pr\u00e8s de leurs fronti\u00e8res.<\/p>\n<p>RENFORCEMENT06:52<\/p>\n<p>Les alli\u00e9s de la Pologne, dont la France et l&rsquo;Allemagne, ont annonc\u00e9 renforcer ses moyens de d\u00e9fense a\u00e9rienne apr\u00e8s l&rsquo;intrusion de drones sur son territoire et au moment o\u00f9 Moscou et son alli\u00e9 la Bi\u00e9lorussie lancent de grands exercices militaires conjoints \u00e0 ses portes. En amont de ces man\u0153uvres, les autorit\u00e9s polonaises ont ferm\u00e9 durant la nuit, comme indiqu\u00e9, les derniers passages frontaliers avec le B\u00e9larus. L&rsquo;agence officielle Belta \u00e0 Minsk a montr\u00e9 des gardes-fronti\u00e8res d\u00e9roulant du fil de fer barbel\u00e9.<\/p>\n<p>Jug\u00e9e d\u00e9lib\u00e9r\u00e9e par Varsovie, l&rsquo;irruption de 19 drones pr\u00e9sum\u00e9s russes dans l&rsquo;espace a\u00e9rien polonais dans la nuit de mardi \u00e0 mercredi, en pleine guerre d&rsquo;Ukraine, a provoqu\u00e9 un branle-bas chez les alli\u00e9s europ\u00e9ens.<\/p>\n<p><img decoding=\"async\" src=\"https:\/\/www.europesays.com\/fr\/wp-content\/uploads\/2025\/09\/drone-russe-pologne-10-septembre-2025-9f34e2-0@1x.jpeg\" alt=\"AFP\" loading=\"lazy\" importance=\"low\" fetchpriority=\"low\" class=\"\"\/>AFPERREUR ?06:49<\/p>\n<p>Le pr\u00e9sident am\u00e9ricain, Donald Trump, a estim\u00e9 hier que l&rsquo;intrusion de drones pr\u00e9sum\u00e9s russes sur le territoire de la Pologne \u00e9tait peut-\u00eatre le r\u00e9sultat d&rsquo;une erreur de la part de la Russie. \u00a0\u00ab\u00a0Mais quoi qu&rsquo;il en soit, je ne suis pas content de quoi que ce soit dans cette situation\u00a0\u00bb, a \u00e9galement r\u00e9pondu le responsable \u00e0 une question de journalistes.<\/p>\n<p>DRONES UKRAINIENS06:48<\/p>\n<p>La Russie a indiqu\u00e9 avoir abattu dans la nuit 221 drones ukrainiens, soit l&rsquo;une des attaques les plus massives de l&rsquo;arm\u00e9e de Kiev en trois ans et demi d&rsquo;offensive russe. Sur ces drones \u00ab\u00a0intercept\u00e9s et abattus\u00a0\u00bb par la d\u00e9fense anti-a\u00e9rienne russe, neuf l&rsquo;ont \u00e9t\u00e9 dans la r\u00e9gion de Moscou et 28 dans la r\u00e9gion o\u00f9 se situe la deuxi\u00e8me ville du pays, Saint-P\u00e9tersbourg (nord-ouest), a indiqu\u00e9 le minist\u00e8re de la D\u00e9fense sur Telegram le jour o\u00f9 la Russie et le B\u00e9larus lancent d&rsquo;importantes man\u0153uvres militaires communes et deux jours apr\u00e8s l&rsquo;intrusion de drones russes en Pologne.<\/p>\n<p>06:47<\/p>\n<p>Bonjour et bienvenue dans ce direct consacr\u00e9 \u00e0 la situation en Ukraine. Retrouvez ici les derni\u00e8res informations.<\/p>\n<p data-module=\"article-paragraph\" class=\"jsx-3046738180 Paragraph\">En qu\u00eate de soutiens diplomatiques apr\u00e8s l&rsquo;intrusion de drones pr\u00e9sum\u00e9s russes sur son territoire, la Pologne a annonc\u00e9 jeudi avoir saisi le Conseil de s\u00e9curit\u00e9 de l&rsquo;ONU, qui se r\u00e9unira en urgence ce vendredi. Jug\u00e9e d\u00e9lib\u00e9r\u00e9e par Varsovie et ses alli\u00e9s mais r\u00e9cus\u00e9e par Moscou, l&rsquo;intrusion d&rsquo;une vingtaine de drones venus du ciel ukrainien et du B\u00e9larus a suscit\u00e9 une vive \u00e9motion en Pologne, qui r\u00e9clame un renforcement sur son sol des capacit\u00e9s militaires de l&rsquo;UE et de l&rsquo;Otan.<\/p>\n<p data-module=\"article-paragraph\" class=\"jsx-3046738180 Paragraph Paragraph__End\">La saisine du Conseil de s\u00e9curit\u00e9 vise \u00e0 \u00ab\u00a0attirer l&rsquo;attention du monde entier sur cette attaque sans pr\u00e9c\u00e9dent men\u00e9e par des drones russes contre un pays membre non seulement de l&rsquo;ONU, mais aussi de l&rsquo;Union europ\u00e9enne et de l&rsquo;Otan\u00a0\u00bb, a justifi\u00e9 le chef de la diplomatie polonaise Radoslaw Sikorski \u00e0 la radio RMF FM. La pr\u00e9sidence sud-cor\u00e9enne du Conseil de s\u00e9curit\u00e9 a indiqu\u00e9 qu&rsquo;il se r\u00e9unirait vendredi \u00e0 15H (21H en France) \u00e0 New York. Ce conseil est compos\u00e9 de cinq membres permanents disposant du droit de veto, divis\u00e9s en deux groupes oppos\u00e9s g\u00e9opolitiquement : d&rsquo;un c\u00f4t\u00e9 les \u00c9tats-Unis, la France et le Royaume-Uni &#8211; pays alli\u00e9s de la Pologne et de l&rsquo;Ukraine -, de l&rsquo;autre la Russie et la Chine.<\/p>\n<p><a href=\"https:\/\/www.tf1info.fr\/international\/incursion-de-drones-russes-en-pologne-emmanuel-macron-annonce-mobiliser-trois-rafale-pour-la-protection-de-l-espace-aerien-polonais-2394109.html\" rel=\"noopener\" class=\"jsx-3308031228 Link flex\" target=\"_blank\"><img decoding=\"async\" src=\"https:\/\/www.europesays.com\/fr\/wp-content\/uploads\/2025\/09\/rafale-paris-1-a67470-1@1x.jpeg\" alt=\"AFP\" loading=\"lazy\" importance=\"low\" fetchpriority=\"low\" class=\"\" aria-hidden=\"true\"\/><\/p>\n<p class=\"jsx-3657663356 ReadMoreArticle__Title\">Lire aussi<\/p>\n<p class=\"jsx-3657663356\">Incursion de drones russes : Macron annonce mobiliser 3 Rafale pour \u00ab\u00a0la protection de l&rsquo;espace a\u00e9rien polonais\u00a0\u00bb<\/p>\n<p><\/a><\/p>\n<p data-module=\"article-paragraph\" class=\"jsx-3046738180 Paragraph\">L&rsquo;intrusion des drones dans la nuit de mardi \u00e0 mercredi est survenue dans un contexte d\u00e9j\u00e0 tr\u00e8s tendu, \u00e0 la veille de grandes man\u0153uvres militaires communes russo-b\u00e9larusses, baptis\u00e9es Zapad-2025 (Ouest-2025). Programm\u00e9es de vendredi \u00e0 mardi prochain, elles ont conduit la Pologne \u00e0 fermer sa fronti\u00e8re avec le B\u00e9larus \u00e0 partir de jeudi et limiter le trafic a\u00e9rien \u00e0 ses fronti\u00e8res orientales. La Russie a demand\u00e9 jeudi \u00e0 Varsovie de \u00ab\u00a0reconsid\u00e9rer la d\u00e9cision prise (la fermeture de la fronti\u00e8re b\u00e9larusse) dans les plus brefs d\u00e9lais\u00a0\u00bb, d\u00e9non\u00e7ant des \u00ab\u00a0mesures de confrontation\u00a0\u00bb et une \u00ab\u00a0politique d&rsquo;escalade des tensions\u00a0\u00bb. La Lituanie et la Lettonie ont \u00e9galement annonc\u00e9 des restrictions du trafic a\u00e9rien \u00e0 leurs fronti\u00e8res avec la Russie et le B\u00e9larus.<\/p>\n<p data-module=\"article-paragraph\" class=\"jsx-3046738180 Paragraph Paragraph__End\">Selon Varsovie, 19 drones sont entr\u00e9s dans l&rsquo;espace a\u00e9rien polonais, sans faire de bless\u00e9s. Au moins trois drones, \u00ab\u00a0de fabrication russe\u00a0\u00bb, selon M. Sikorski, ont \u00e9t\u00e9 abattus par l&rsquo;arm\u00e9e polonaise et ses alli\u00e9s de l&rsquo;Otan. Le ministre polonais de la D\u00e9fense Wladyslaw Kosiniak-Kamysz affirme que les drones ont d\u00e9coll\u00e9 des r\u00e9gions russes de Briansk, Koursk, Orel et Krasnodar, et de la Crim\u00e9e ukrainienne occup\u00e9e par la Russie.<\/p>\n<p data-module=\"article-paragraph\" class=\"jsx-3046738180 Paragraph Paragraph__End\">Les autorit\u00e9s russes ont ni\u00e9 toute implication, reprochant \u00e0 Varsovie de n&rsquo;avoir avanc\u00e9 aucune preuve mat\u00e9rielle. \u00ab\u00a0Cela a pu \u00eatre une erreur\u00a0\u00bb de la part de la Russie, avanc\u00e9 jeudi le pr\u00e9sident am\u00e9ricain Donald Trump. \u00ab\u00a0Mais quoi qu&rsquo;il en soit, je ne suis pas content de quoi que ce soit dans cette situation\u00a0\u00bb, a-t-il ajout\u00e9, devant des journalistes.\u00a0<\/p>\n<p>Antoine LLORCA<\/p>\n<p><script async src=\"https:\/\/platform.twitter.com\/widgets.js\" charset=\"utf-8\"><\/script><\/p>\n","protected":false},"excerpt":{"rendered":"Moscou indique avoir abattu 221 drones ukrainiens dans la nuit de jeudi \u00e0 vendredi, soit l&rsquo;une des attaques&hellip;\n","protected":false},"author":2,"featured_media":382268,"comment_status":"","ping_status":"","sticky":false,"template":"","format":"standard","meta":{"footnotes":""},"categories":[1590],"tags":[1111,11,1921,51538,75,1777,674,1922,1916,12,136,132,220,1917,50704,364,133,1920],"class_list":{"0":"post-384748","1":"post","2":"type-post","3":"status-publish","4":"format-standard","5":"has-post-thumbnail","7":"category-ukraine","8":"tag-actu","9":"tag-actualites","10":"tag-article-video","11":"tag-des-drones-russes-violent-lespace-aerien-polonais","12":"tag-donald-trump","13":"tag-eu","14":"tag-europe","15":"tag-info","16":"tag-moscou","17":"tag-news","18":"tag-otan","19":"tag-russie","20":"tag-ukraine","21":"tag-ukraine-4-annee-de-guerre","22":"tag-ukraine-russie-des-negociations-dans-limpasse","23":"tag-union-europeenne","24":"tag-video","25":"tag-video-international"},"share_on_mastodon":{"url":"https:\/\/pubeurope.com\/@fr\/115190151549575890","error":""},"_links":{"self":[{"href":"https:\/\/www.europesays.com\/fr\/wp-json\/wp\/v2\/posts\/384748","targetHints":{"allow":["GET"]}}],"collection":[{"href":"https:\/\/www.europesays.com\/fr\/wp-json\/wp\/v2\/posts"}],"about":[{"href":"https:\/\/www.europesays.com\/fr\/wp-json\/wp\/v2\/types\/post"}],"author":[{"embeddable":true,"href":"https:\/\/www.europesays.com\/fr\/wp-json\/wp\/v2\/users\/2"}],"replies":[{"embeddable":true,"href":"https:\/\/www.europesays.com\/fr\/wp-json\/wp\/v2\/comments?post=384748"}],"version-history":[{"count":0,"href":"https:\/\/www.europesays.com\/fr\/wp-json\/wp\/v2\/posts\/384748\/revisions"}],"wp:featuredmedia":[{"embeddable":true,"href":"https:\/\/www.europesays.com\/fr\/wp-json\/wp\/v2\/media\/382268"}],"wp:attachment":[{"href":"https:\/\/www.europesays.com\/fr\/wp-json\/wp\/v2\/media?parent=384748"}],"wp:term":[{"taxonomy":"category","embeddable":true,"href":"https:\/\/www.europesays.com\/fr\/wp-json\/wp\/v2\/categories?post=384748"},{"taxonomy":"post_tag","embeddable":true,"href":"https:\/\/www.europesays.com\/fr\/wp-json\/wp\/v2\/tags?post=384748"}],"curies":[{"name":"wp","href":"https:\/\/api.w.org\/{rel}","templated":true}]}}