{"id":384749,"date":"2025-09-12T07:29:15","date_gmt":"2025-09-12T07:29:15","guid":{"rendered":"https:\/\/www.europesays.com\/fr\/384749\/"},"modified":"2025-09-12T07:29:15","modified_gmt":"2025-09-12T07:29:15","slug":"le-tournant-de-linde-face-a-la-strategie-unilaterale-des-etats-unis","status":"publish","type":"post","link":"https:\/\/www.europesays.com\/fr\/384749\/","title":{"rendered":"Le tournant de l&rsquo;Inde face \u00e0 la strat\u00e9gie unilat\u00e9rale des \u00c9tats-Unis"},"content":{"rendered":"<p>Sous la doctrine \u00ab\u00a0America First\u00a0\u00bb, la strat\u00e9gie commerciale des \u00c9tats-Unis s\u2019est r\u00e9solument tourn\u00e9e vers une logique de rapports bilat\u00e9raux d\u00e9s\u00e9quilibr\u00e9s. Chaque accord est con\u00e7u pour assurer avant tout les int\u00e9r\u00eats \u00e9tats-uniens, quitte \u00e0 imposer \u00e0 la partie adverse des conditions d\u00e9favorables. Cette approche ne vise pas une coop\u00e9ration gagnant-gagnant, mais plut\u00f4t gagnant-perdant o\u00f9 l\u2019autre partie doit plier face aux exigences de Washington.<\/p>\n<p>Qu\u2019ils soient \u00ab\u00a0alli\u00e9s\u00a0\u00bb ou non, tous les partenaires des \u00c9tats-Unis ont \u00e9t\u00e9 confront\u00e9s \u00e0 cette politique coercitive, marqu\u00e9e par la menace de sanctions, la remise en cause d\u2019accords existants et l\u2019imposition de nouvelles r\u00e8gles unilat\u00e9rales&#8230;.<\/p>\n","protected":false},"excerpt":{"rendered":"Sous la doctrine \u00ab\u00a0America First\u00a0\u00bb, la strat\u00e9gie commerciale des \u00c9tats-Unis s\u2019est r\u00e9solument tourn\u00e9e vers une logique de rapports&hellip;\n","protected":false},"author":2,"featured_media":303001,"comment_status":"","ping_status":"","sticky":false,"template":"","format":"standard","meta":{"footnotes":""},"categories":[1589],"tags":[11,309,75,73,1866,5595,12,1864,1865,1863,308],"class_list":{"0":"post-384749","1":"post","2":"type-post","3":"status-publish","4":"format-standard","5":"has-post-thumbnail","7":"category-etats-unis","8":"tag-actualites","9":"tag-chine","10":"tag-donald-trump","11":"tag-etats-unis","12":"tag-etats-unis-damerique","13":"tag-inde","14":"tag-news","15":"tag-united-states","16":"tag-united-states-of-america","17":"tag-us","18":"tag-usa"},"share_on_mastodon":{"url":"https:\/\/pubeurope.com\/@fr\/115190154201531133","error":""},"_links":{"self":[{"href":"https:\/\/www.europesays.com\/fr\/wp-json\/wp\/v2\/posts\/384749","targetHints":{"allow":["GET"]}}],"collection":[{"href":"https:\/\/www.europesays.com\/fr\/wp-json\/wp\/v2\/posts"}],"about":[{"href":"https:\/\/www.europesays.com\/fr\/wp-json\/wp\/v2\/types\/post"}],"author":[{"embeddable":true,"href":"https:\/\/www.europesays.com\/fr\/wp-json\/wp\/v2\/users\/2"}],"replies":[{"embeddable":true,"href":"https:\/\/www.europesays.com\/fr\/wp-json\/wp\/v2\/comments?post=384749"}],"version-history":[{"count":0,"href":"https:\/\/www.europesays.com\/fr\/wp-json\/wp\/v2\/posts\/384749\/revisions"}],"wp:featuredmedia":[{"embeddable":true,"href":"https:\/\/www.europesays.com\/fr\/wp-json\/wp\/v2\/media\/303001"}],"wp:attachment":[{"href":"https:\/\/www.europesays.com\/fr\/wp-json\/wp\/v2\/media?parent=384749"}],"wp:term":[{"taxonomy":"category","embeddable":true,"href":"https:\/\/www.europesays.com\/fr\/wp-json\/wp\/v2\/categories?post=384749"},{"taxonomy":"post_tag","embeddable":true,"href":"https:\/\/www.europesays.com\/fr\/wp-json\/wp\/v2\/tags?post=384749"}],"curies":[{"name":"wp","href":"https:\/\/api.w.org\/{rel}","templated":true}]}}