{"id":384759,"date":"2025-09-12T07:35:15","date_gmt":"2025-09-12T07:35:15","guid":{"rendered":"https:\/\/www.europesays.com\/fr\/384759\/"},"modified":"2025-09-12T07:35:15","modified_gmt":"2025-09-12T07:35:15","slug":"dans-les-zoos-le-tabou-des-mises-a-mort-danimaux-en-bonne-sante-liberation","status":"publish","type":"post","link":"https:\/\/www.europesays.com\/fr\/384759\/","title":{"rendered":"dans les zoos, le tabou des mises \u00e0 mort d\u2019animaux en bonne sant\u00e9 \u2013 Lib\u00e9ration"},"content":{"rendered":"<p class=\"sc-cPiKLX AiZTS text-element\">Dans ce zoo fran\u00e7ais, on tue parfois des lionceaux. Ceux qui viennent de na\u00eetre, aux oreilles toutes rondes et aux yeux obstin\u00e9ment clos. En th\u00e9orie, le g\u00e9rant du parc le sait : avant de les abattre, il devrait laisser la lionne les \u00e9lever pendant deux ans, le temps qu\u2019elle aff\u00fbte son instinct maternel. Mais s\u2019il attend, sa main finit par trembler. \u00abJe ne suis pas capable <a href=\"https:\/\/www.liberation.fr\/france\/2019\/04\/18\/un-simple-avertissement-pour-des-milliers-d-euthanasies-animales_1722179\/\" target=\"_blank\" rel=\"noreferrer noopener\" title=\"https:\/\/www.liberation.fr\/france\/2019\/04\/18\/un-simple-avertissement-pour-des-milliers-d-euthanasies-animales_1722179\/\">d\u2019euthanasier un animal<\/a> que j\u2019ai \u00e9lev\u00e9\u00bb, explique-t-il \u00e0 Lib\u00e9ration. Alors, de mani\u00e8re \u00abextr\u00eamement ponctuelle\u00bb, environ une fois par an, il accepte que des injections l\u00e9tales soient effectu\u00e9es. Seulement sur les plus petits, n\u00e9s depuis quelques heures. De cette fa\u00e7on, c\u2019est supportable. <\/p>\n<p class=\"sc-cPiKLX AiZTS text-element\">En Europe, ce t\u00e9moignage a tout du banal. Trois petits tigres, d\u00e9laiss\u00e9s par leur m\u00e8re, ont \u00e9t\u00e9 tu\u00e9s d\u00e9but ao\u00fbt \u00e0 Leipzig. Fin juillet, douze babouins ont \u00e9t\u00e9 abattus au zoo de Nuremberg, en Allemagne, faute de place. Deux ans plus t\u00f4t, un zoo \u00e9cossais a euthanasi\u00e9 quatre <a href=\"https:\/\/www.liberation.fr\/plus\/numeros-speciaux\/peu-a-peu-le-loup-reprend-du-poil-de-la-bete-20241224_CRGLRW5J3JC5DLZLTC7XJQ3F4A\/\" target=\"_blank\" rel=\"noopener\" title=\"https:\/\/www.liberation.fr\/plus\/numeros-speciaux\/peu-a-peu-le-loup-r &lt;div style=\" clear:=\"\" both=\"\"><\/p>\n","protected":false},"excerpt":{"rendered":"Dans ce zoo fran\u00e7ais, on tue parfois des lionceaux. Ceux qui viennent de na\u00eetre, aux oreilles toutes rondes&hellip;\n","protected":false},"author":2,"featured_media":384760,"comment_status":"","ping_status":"","sticky":false,"template":"","format":"standard","meta":{"footnotes":""},"categories":[2],"tags":[11,5253,1011,27,12,5140,25],"class_list":{"0":"post-384759","1":"post","2":"type-post","3":"status-publish","4":"format-standard","5":"has-post-thumbnail","7":"category-actualites","8":"tag-actualites","9":"tag-biodiversite-cest-la-sante","10":"tag-fr","11":"tag-france","12":"tag-news","13":"tag-rechauffement-climatique","14":"tag-republique-francaise"},"share_on_mastodon":{"url":"https:\/\/pubeurope.com\/@fr\/115190177810039529","error":""},"_links":{"self":[{"href":"https:\/\/www.europesays.com\/fr\/wp-json\/wp\/v2\/posts\/384759","targetHints":{"allow":["GET"]}}],"collection":[{"href":"https:\/\/www.europesays.com\/fr\/wp-json\/wp\/v2\/posts"}],"about":[{"href":"https:\/\/www.europesays.com\/fr\/wp-json\/wp\/v2\/types\/post"}],"author":[{"embeddable":true,"href":"https:\/\/www.europesays.com\/fr\/wp-json\/wp\/v2\/users\/2"}],"replies":[{"embeddable":true,"href":"https:\/\/www.europesays.com\/fr\/wp-json\/wp\/v2\/comments?post=384759"}],"version-history":[{"count":0,"href":"https:\/\/www.europesays.com\/fr\/wp-json\/wp\/v2\/posts\/384759\/revisions"}],"wp:featuredmedia":[{"embeddable":true,"href":"https:\/\/www.europesays.com\/fr\/wp-json\/wp\/v2\/media\/384760"}],"wp:attachment":[{"href":"https:\/\/www.europesays.com\/fr\/wp-json\/wp\/v2\/media?parent=384759"}],"wp:term":[{"taxonomy":"category","embeddable":true,"href":"https:\/\/www.europesays.com\/fr\/wp-json\/wp\/v2\/categories?post=384759"},{"taxonomy":"post_tag","embeddable":true,"href":"https:\/\/www.europesays.com\/fr\/wp-json\/wp\/v2\/tags?post=384759"}],"curies":[{"name":"wp","href":"https:\/\/api.w.org\/{rel}","templated":true}]}}