{"id":384761,"date":"2025-09-12T07:36:18","date_gmt":"2025-09-12T07:36:18","guid":{"rendered":"https:\/\/www.europesays.com\/fr\/384761\/"},"modified":"2025-09-12T07:36:18","modified_gmt":"2025-09-12T07:36:18","slug":"pourquoi-la-traduction-instantanee-sera-absente-en-france","status":"publish","type":"post","link":"https:\/\/www.europesays.com\/fr\/384761\/","title":{"rendered":"pourquoi la traduction instantan\u00e9e sera absente en France ?"},"content":{"rendered":"<p>Lors de sa traditionnelle keynote de rentr\u00e9e, Apple a lev\u00e9 le voile sur ses derni\u00e8res nouveaut\u00e9s, <strong>\u00e0 commencer par l\u2019iPhone 17<\/strong>, mais de nombreux amateurs de la marque ont \u00e9t\u00e9 s\u00e9duits par un autre produit&amp;nbsp: les <strong>AirPods Pro 3<\/strong>.<\/p>\n<p>Et si cette nouvelle version des AirPods a tant fait parler, c\u2019est notamment parce que l\u2019on a appris qu\u2019elle int\u00e9grait une fonctionnalit\u00e9 tr\u00e8s attendue. Comme le montrait <a href=\"https:\/\/siecledigital.fr\/2025\/08\/14\/airpods-une-mise-a-jour-pourrait-transformer-vos-ecouteurs-en-traducteurs-instantanes\/\" target=\"_blank\" rel=\"noopener\">une pr\u00e9c\u00e9dente rumeur<\/a> d\u00e9voil\u00e9e cet \u00e9t\u00e9 \u00e0 ce sujet, la <strong>traduction en temps r\u00e9el<\/strong> fait son apparition directement via les \u00e9couteurs sans fil d\u2019Apple.<\/p>\n<p>Une innovation pens\u00e9e pour fluidifier les \u00e9changes entre diff\u00e9rentes langues, mais pour les utilisateurs fran\u00e7ais, <strong>et plus largement pour tous les utilisateurs europ\u00e9ens<\/strong>, la promesse ne devrait pas \u00eatre tenue\u2026<\/p>\n<p>Une fonctionnalit\u00e9 brid\u00e9e en Europe<\/p>\n<p>Si la marque ne s\u2019est pas priv\u00e9 pour mettre en avant cette nouvelle fonctionnalit\u00e9 lors de sa keynote, Apple a omis de pr\u00e9ciser que <strong>cette option ne sera pas disponible dans l\u2019Union Europ\u00e9enne<\/strong>.<\/p>\n<p>En effet, sur sa <a href=\"https:\/\/support.apple.com\/fr-fr\/121115\" target=\"_blank\" rel=\"noopener\">page de support<\/a> d\u00e9di\u00e9e \u00e0 Apple Intelligence, l\u2019entreprise vient d\u2019apporter une modification pour pr\u00e9ciser que la traduction en direct avec les AirPods est indisponible <strong>pour tous les utilisateurs qui r\u00e9sident dans l\u2019Union Europ\u00e9enne<\/strong>, mais aussi pour tous ceux dont le compte Apple est \u00e9galement <strong>rattach\u00e9 \u00e0 un pays europ\u00e9en<\/strong>.<\/p>\n<p>Un retard technique\u2026 ou l\u00e9gal&amp;nbsp?<\/p>\n<p>Comme on pouvait l\u2019imaginer, si Apple ne propose pas cette fonctionnalit\u00e9 pour les utilisateurs europ\u00e9ens, il ne s\u2019agit pas d\u2019un retard technique, <strong>mais d\u2019une d\u00e9cision volontaire de l\u2019entreprise<\/strong>.<\/p>\n<p>Cette restriction fait directement \u00e9cho au Digital Markets Act (DMA), le r\u00e8glement europ\u00e9en sur les march\u00e9s num\u00e9riques <a href=\"https:\/\/siecledigital.fr\/2025\/04\/24\/la-commission-europeenne-sanctionne-apple-et-meta-a-hauteur-de-700-millions-deuros-pour-non-respect-du-dma\/\" target=\"_blank\" rel=\"noopener\">qui a d\u00e9j\u00e0 sanctionn\u00e9 Apple r\u00e9cemment<\/a>. Depuis mars dernier, la Commission europ\u00e9enne exige que certaines fonctionnalit\u00e9s d\u2019Apple soient <strong>interop\u00e9rables avec les appareils concurrents<\/strong>. Face \u00e0 ces obligations, la firme de Cupertino pr\u00e9f\u00e8re bloquer certaines innovations plut\u00f4t que de risquer une incompatibilit\u00e9 juridique.<\/p>\n<p>Ce n\u2019est d\u2019ailleurs pas la premi\u00e8re fois qu\u2019Apple doit reculer concernant le d\u00e9ploiement de ses fonctionnalit\u00e9s en Europe. <strong>Apple Intelligence<\/strong>, <a href=\"https:\/\/siecledigital.fr\/2024\/12\/19\/apple-intelligence-revolution-ou-deception-les-utilisateurs-sont-partages\/\" target=\"_blank\" rel=\"noopener\">largement critiqu\u00e9 depuis sa sortie<\/a>, avait d\u00e9j\u00e0 \u00e9t\u00e9 retard\u00e9 de plusieurs mois en Europe pour les m\u00eames raisons.<\/p>\n<p>Un paradoxe pour les utilisateurs francophones<\/p>\n<p>Si la position d\u2019Apple peut se comprendre, le choix de l\u2019entreprise soul\u00e8ve d\u2019autant plus de frustration que <strong>le fran\u00e7ais fait partie des premi\u00e8res langues prises en charge<\/strong> par cette fonctionnalit\u00e9. En plus de l\u2019anglais, l\u2019allemand, l\u2019espagnol et le portugais, la traduction en direct devait fonctionner d\u00e8s le lancement avec le fran\u00e7ais.<\/p>\n<p>Malheureusement, pour ceux qui esp\u00e9raient profiter rapidement de cette nouveaut\u00e9, il faudra redoubler de patience, car <strong>aucun calendrier n\u2019a \u00e9t\u00e9 communiqu\u00e9 pour un \u00e9ventuel d\u00e9ploiement<\/strong> dans l\u2019Union europ\u00e9enne.<\/p>\n<p>Toutefois, l\u2019exemple d\u2019Apple Intelligence laisse penser que la fonctionnalit\u00e9 pourrait arriver avec plusieurs mois de d\u00e9calage, une fois les derni\u00e8res incertitudes r\u00e9glementaires lev\u00e9es\u2026<\/p>\n","protected":false},"excerpt":{"rendered":"Lors de sa traditionnelle keynote de rentr\u00e9e, Apple a lev\u00e9 le voile sur ses derni\u00e8res nouveaut\u00e9s, \u00e0 commencer&hellip;\n","protected":false},"author":2,"featured_media":384762,"comment_status":"","ping_status":"","sticky":false,"template":"","format":"standard","meta":{"footnotes":""},"categories":[4],"tags":[11,733,674,1011,27,12,25],"class_list":{"0":"post-384761","1":"post","2":"type-post","3":"status-publish","4":"format-standard","5":"has-post-thumbnail","7":"category-france","8":"tag-actualites","9":"tag-apple","10":"tag-europe","11":"tag-fr","12":"tag-france","13":"tag-news","14":"tag-republique-francaise"},"share_on_mastodon":{"url":"https:\/\/pubeurope.com\/@fr\/115190182309622721","error":""},"_links":{"self":[{"href":"https:\/\/www.europesays.com\/fr\/wp-json\/wp\/v2\/posts\/384761","targetHints":{"allow":["GET"]}}],"collection":[{"href":"https:\/\/www.europesays.com\/fr\/wp-json\/wp\/v2\/posts"}],"about":[{"href":"https:\/\/www.europesays.com\/fr\/wp-json\/wp\/v2\/types\/post"}],"author":[{"embeddable":true,"href":"https:\/\/www.europesays.com\/fr\/wp-json\/wp\/v2\/users\/2"}],"replies":[{"embeddable":true,"href":"https:\/\/www.europesays.com\/fr\/wp-json\/wp\/v2\/comments?post=384761"}],"version-history":[{"count":0,"href":"https:\/\/www.europesays.com\/fr\/wp-json\/wp\/v2\/posts\/384761\/revisions"}],"wp:featuredmedia":[{"embeddable":true,"href":"https:\/\/www.europesays.com\/fr\/wp-json\/wp\/v2\/media\/384762"}],"wp:attachment":[{"href":"https:\/\/www.europesays.com\/fr\/wp-json\/wp\/v2\/media?parent=384761"}],"wp:term":[{"taxonomy":"category","embeddable":true,"href":"https:\/\/www.europesays.com\/fr\/wp-json\/wp\/v2\/categories?post=384761"},{"taxonomy":"post_tag","embeddable":true,"href":"https:\/\/www.europesays.com\/fr\/wp-json\/wp\/v2\/tags?post=384761"}],"curies":[{"name":"wp","href":"https:\/\/api.w.org\/{rel}","templated":true}]}}