{"id":384775,"date":"2025-09-12T07:46:11","date_gmt":"2025-09-12T07:46:11","guid":{"rendered":"https:\/\/www.europesays.com\/fr\/384775\/"},"modified":"2025-09-12T07:46:11","modified_gmt":"2025-09-12T07:46:11","slug":"pierre-richard-ironise-sur-son-etat-de-sante-face-a-lea-salame","status":"publish","type":"post","link":"https:\/\/www.europesays.com\/fr\/384775\/","title":{"rendered":"Pierre Richard ironise sur son \u00e9tat de sant\u00e9 face \u00e0 L\u00e9a Salam\u00e9"},"content":{"rendered":"<p>    Pierre Richard dans le Journal de 20h sur France 2<br \/>\n                Capture d&rsquo;\u00e9cran \/ France T\u00e9l\u00e9visions<\/p>\n<p><strong>VID\u00c9O &#8211; <\/strong>Le com\u00e9dien et r\u00e9alisateur fran\u00e7ais \u00e9tait l\u2019invit\u00e9 du Journal de 20H sur France 2 jeudi soir. Il en a profit\u00e9 pour d\u00e9mentir les diverses rumeurs dont il fait l\u2019objet sur les r\u00e9seaux sociaux.<\/p>\n<p class=\"fig-paragraph\">Ce jeudi 11 septembre,\u00a0<a href=\"http:\/\/tvmag.lefigaro.fr\/programme-tv\/actu-tele\/un-journal-pitoyable-la-cgt-de-france-televisions-s-insurge-contre-le-dernier-jt-de-lea-salame-20250911\" target=\"_blank\" data-fig-type=\"Article\" rel=\"noopener\" data-gtm-custom-categorie=\"navigation\" data-gtm-custom-action=\"crossclick\" data-gtm-custom-label=\"Contextuel\" data-gtm-event=\"customEventSPE\" data-fig-domain=\"TVMAG\">L\u00e9a Salam\u00e9<\/a>\u00a0a choisi de commencer son interview du 20 Heures sur France 2 avec humour\u00a0: \u00abD\u2019abord, comment allez-vous\u00a0?\u00bb Son interlocuteur,\u00a0<a href=\"http:\/\/www.lefigaro.fr\/culture\/j-annule-tout-et-je-file-a-l-hopital-pierre-richard-91-ans-tourne-en-derision-des-rumeurs-sur-sa-sante-20250829\" target=\"_blank\" data-fig-type=\"Article\" rel=\"noopener\" data-gtm-custom-categorie=\"navigation\" data-gtm-custom-action=\"crossclick\" data-gtm-custom-label=\"Contextuel\" data-gtm-event=\"customEventSPE\" data-fig-domain=\"LEFIGARO\"><strong>Pierre Richard<\/strong><\/a>, laisse \u00e9chapper un rire avant de r\u00e9pondre. \u00abBien\u00bb, assure le com\u00e9dien, l\u2019air un peu surpris. La pr\u00e9sentatrice poursuit\u00a0: \u00abVous savez pourquoi je vous pose cette question\u00a0? Parce qu\u2019il y a quelques jours, sur les r\u00e9seaux sociaux, vous avez post\u00e9 \u00e7a.\u00bb Le 27 ao\u00fbt dernier, l\u2019homme de cin\u00e9ma se moquait depuis\u00a0<a href=\"https:\/\/x.com\/PierreRichardPR\/status\/1960792659460591650\" target=\"_blank\" rel=\"sponsored noopener\" data-gtm-custom-categorie=\"navigation\" data-gtm-custom-action=\"crossclick\" data-gtm-custom-label=\"Contextuel\" data-gtm-event=\"customEventSPE\">son compte X<\/a>\u00a0d\u2019un article qui le d\u00e9crivait comme \u00abaffaibli\u00bb.<\/p>\n<p class=\"fig-paragraph\">\u00abJe viens d\u2019apprendre par un journal qu\u2019\u00e0 91 ans je suis affaibli, au point de renoncer \u00e0 une partie de ma carri\u00e8re. Pourtant, je suis en pleine promotion de mon dernier film L\u2019Homme qui a vu l\u2019ours qui a vu l\u2019homme, j\u2019encha\u00eene avec une tourn\u00e9e de ma pi\u00e8ce de th\u00e9\u00e2tre et me pr\u00e9pare \u00e0 tourner un autre film\u00bb, \u00e9crivait l\u2019homme de 91 ans. \u00abMerci au journal de m\u2019avoir pr\u00e9venu. J\u2019annule tout et je file \u00e0 l\u2019h\u00f4pital de ce pas.\u00bb<\/p>\n<p class=\"fig-body-link\">\n            \u00c0 lire aussi<br \/>\n        <a class=\"fig-body-link__link\" href=\"http:\/\/www.lefigaro.fr\/culture\/j-annule-tout-et-je-file-a-l-hopital-pierre-richard-91-ans-tourne-en-derision-des-rumeurs-sur-sa-sante-20250829\" target=\"_blank\" data-fig-type=\"Article\" rel=\"noopener\" data-gtm-custom-categorie=\"navigation\" data-gtm-custom-action=\"crossclick\" data-gtm-custom-label=\"Contextuel\" data-gtm-event=\"customEventSPE\" data-fig-domain=\"LEFIGARO\">\u00abJ\u2019annule tout et je file \u00e0 l\u2019h\u00f4pital\u00bb\u00a0: Pierre Richard, 91 ans, tourne en d\u00e9rision des rumeurs sur sa sant\u00e9<br \/>\n    <\/a>\n<\/p>\n<p>                                    <a class=\"fig-a11y-skip a11y-hidden\" href=\"#fig-a11y-skip-main-inarticle\"><br \/>\n        Passer la publicit\u00e9<br \/>\n    <\/a><\/p>\n<p class=\"fig-paragraph\">En plateau, un nouveau rire lui \u00e9chappe. \u00abEt encore, l\u00e0, je m\u2019en tire bien\u00a0! \u00c7a fait trois fois que je lis sur les r\u00e9seaux sociaux que je suis mort\u00bb, souligne l\u2019\u00e9ternel grand blond avec une chaussure noire. \u00abAlors l\u00e0, je ne m\u2019en plains pas, je ne suis pas encore mort. Tandis que \u00e7a fait plusieurs fois qu\u2019on m\u2019annonce ma mort, avec des d\u00e9tails\u00a0! Je me souviens de la troisi\u00e8me annonce, o\u00f9 j\u2019\u00e9tais mort \u00e0 21h20, sur sc\u00e8ne, comme Moli\u00e8re.\u00bb<\/p>\n<p class=\"fig-paragraph\">\u00c0 voir aussi &#8211; L\u00e9a Salam\u00e9\u00a0: \u00abPersonne n\u2019a d\u2019ego dans \u201cQuelle \u00e9poque\u00a0!\u201d\u00bb<\/p>\n<p class=\"fig-paragraph\"><a href=\"http:\/\/tvmag.lefigaro.fr\/programme-tv\/actu-tele\/le-20-heures-de-lea-salame-sur-france-2-est-il-vraiment-plus-reactionnaire-qu-avant-20250911\" target=\"_blank\" data-fig-type=\"Article\" rel=\"noopener\" data-gtm-custom-categorie=\"navigation\" data-gtm-custom-action=\"crossclick\" data-gtm-custom-label=\"Contextuel\" data-gtm-event=\"customEventSPE\" data-fig-domain=\"TVMAG\">L\u00e9a Salam\u00e9<\/a>\u00a0s\u2019interroge alors\u00a0: \u00abCe n\u2019est pas vrai\u00a0! Qu\u2019est-ce que \u00e7a vous fait de voir \u00e7a\u00a0? Parce que l\u00e0, je souris, mais en r\u00e9alit\u00e9 c\u2019est terrible.\u00bb Pierre Richard confie que ces rumeurs provoquent une certaine frustration chez lui. \u00abSur le moment, \u00e7a m\u2019\u00e9nerve\u00bb, avoue-t-il. \u00abPuis j\u2019ai vu, le lendemain, au travers de mon copain qui s\u2019occupe de mes r\u00e9seaux sociaux, que j\u2019ai eu \u201cQuel dommage, je l\u2019aimais tellement\u201d&#8230; Je suis le seul type vivant qui voit d\u00e9j\u00e0 tout ce qu\u2019on pense de lui, ce que vous ne saurez jamais apr\u00e8s&#8230; Personne, sauf moi\u00a0!\u00bb<\/p>\n","protected":false},"excerpt":{"rendered":"Pierre Richard dans le Journal de 20h sur France 2 Capture d&rsquo;\u00e9cran \/ France T\u00e9l\u00e9visions VID\u00c9O &#8211; Le&hellip;\n","protected":false},"author":2,"featured_media":384776,"comment_status":"","ping_status":"","sticky":false,"template":"","format":"standard","meta":{"footnotes":""},"categories":[1359],"tags":[58,59,1011,27,594,3806,973,7705],"class_list":{"0":"post-384775","1":"post","2":"type-post","3":"status-publish","4":"format-standard","5":"has-post-thumbnail","7":"category-people","8":"tag-divertissement","9":"tag-entertainment","10":"tag-fr","11":"tag-france","12":"tag-france-2","13":"tag-lea-salame","14":"tag-people","15":"tag-pierre-richard"},"share_on_mastodon":{"url":"https:\/\/pubeurope.com\/@fr\/115190220976757020","error":""},"_links":{"self":[{"href":"https:\/\/www.europesays.com\/fr\/wp-json\/wp\/v2\/posts\/384775","targetHints":{"allow":["GET"]}}],"collection":[{"href":"https:\/\/www.europesays.com\/fr\/wp-json\/wp\/v2\/posts"}],"about":[{"href":"https:\/\/www.europesays.com\/fr\/wp-json\/wp\/v2\/types\/post"}],"author":[{"embeddable":true,"href":"https:\/\/www.europesays.com\/fr\/wp-json\/wp\/v2\/users\/2"}],"replies":[{"embeddable":true,"href":"https:\/\/www.europesays.com\/fr\/wp-json\/wp\/v2\/comments?post=384775"}],"version-history":[{"count":0,"href":"https:\/\/www.europesays.com\/fr\/wp-json\/wp\/v2\/posts\/384775\/revisions"}],"wp:featuredmedia":[{"embeddable":true,"href":"https:\/\/www.europesays.com\/fr\/wp-json\/wp\/v2\/media\/384776"}],"wp:attachment":[{"href":"https:\/\/www.europesays.com\/fr\/wp-json\/wp\/v2\/media?parent=384775"}],"wp:term":[{"taxonomy":"category","embeddable":true,"href":"https:\/\/www.europesays.com\/fr\/wp-json\/wp\/v2\/categories?post=384775"},{"taxonomy":"post_tag","embeddable":true,"href":"https:\/\/www.europesays.com\/fr\/wp-json\/wp\/v2\/tags?post=384775"}],"curies":[{"name":"wp","href":"https:\/\/api.w.org\/{rel}","templated":true}]}}