{"id":384777,"date":"2025-09-12T07:47:12","date_gmt":"2025-09-12T07:47:12","guid":{"rendered":"https:\/\/www.europesays.com\/fr\/384777\/"},"modified":"2025-09-12T07:47:12","modified_gmt":"2025-09-12T07:47:12","slug":"extraits-du-photographe-inconnu-de-loccupation-de-philippe-broussard","status":"publish","type":"post","link":"https:\/\/www.europesays.com\/fr\/384777\/","title":{"rendered":"extraits du \u00ab\u00a0Photographe inconnu de l\u2019Occupation\u00a0\u00bb de Philippe Broussard"},"content":{"rendered":"\n<p class=\"article__paragraph article__paragraph--lf \">[A qui doit-on ces myst\u00e9rieuses photos prises \u00e0 l\u2019insu des nazis entre 1940 et 1942, \u00e0 Paris et en banlieue\u00a0? Comment ces centaines de clich\u00e9s clandestins, dat\u00e9s et assortis de commentaires moqueurs sur les forces d\u2019occupation, ont-ils pu \u00e9chapper si longtemps \u00e0 la curiosit\u00e9 des sp\u00e9cialistes de la R\u00e9sistance\u00a0? Dans <a href=\"https:\/\/www.lemonde.fr\/1940-1942-sur-les-traces-du-photographe-inconnu\/\" rel=\"nofollow noopener\" target=\"_blank\">une s\u00e9rie d\u2019articles publi\u00e9e \u00e0 l\u2019\u00e9t\u00e9 2024\u00a0dans \u00ab\u00a0Le Monde\u00a0\u00bb<\/a>, Philippe Broussard a racont\u00e9 comment, en plongeant dans ce fond exceptionnel, il avait fini par identifier ce photographe amateur\u00a0: Raoul Minot, un employ\u00e9 du Printemps, c\u00e9l\u00e8bre grand magasin parisien.<\/p>\n<p class=\"article__paragraph article__paragraph--lf \">Des investigations compl\u00e9mentaires permettent aujourd\u2019hui au journaliste d\u2019aller beaucoup plus loin en retra\u00e7ant pleinement le destin de cet homme qui fut arr\u00eat\u00e9 et d\u00e9port\u00e9 en\u00a01943. Son r\u00e9cit, riche en informations in\u00e9dites, nous entra\u00eene ainsi dans les coulisses du Printemps o\u00f9 l\u2019\u00e9pouse de Raoul Minot, Marthe, travaillait comme caissi\u00e8re. Une centaine de clich\u00e9s sont reproduits dans le livre, de m\u00eame que des documents et des t\u00e9moignages inconnus des historiens.<\/p>\n<p class=\"article__paragraph article__paragraph--lf \">Les extraits publi\u00e9s ici concernent un personnage fascinant\u00a0: le directeur du personnel du magasin, Edmond Rachinel. L\u2019auteur s\u2019interroge sur ce que cet homme appr\u00e9ci\u00e9 de tous a pu savoir des actions clandestines de Minot et de son coll\u00e8gue Jules Juven, lui aussi arr\u00eat\u00e9 en possession de photos interdites.]<\/p>\n<p>                            <img viewbox=\"0 0 664 443\"   width=\"664\" height=\"443\" alt=\"\u00ab\u00a0Le\u00a0Photographe inconnu de l\u2019Occupation\u00a0\u00bb, de Philippe Broussard (Seuil, 304\u00a0pages, 27,90\u00a0euros).\"\/>    \u00ab\u00a0Le\u00a0Photographe inconnu de l\u2019Occupation\u00a0\u00bb, de Philippe Broussard (Seuil, 304\u00a0pages, 27,90\u00a0euros).               <\/p>\n<p class=\"reading-mode-only \"><strong>Il vous reste 88.66% de cet article \u00e0 lire. La suite est r\u00e9serv\u00e9e aux abonn\u00e9s.<\/strong><\/p>\n","protected":false},"excerpt":{"rendered":"[A qui doit-on ces myst\u00e9rieuses photos prises \u00e0 l\u2019insu des nazis entre 1940 et 1942, \u00e0 Paris et&hellip;\n","protected":false},"author":2,"featured_media":384778,"comment_status":"","ping_status":"","sticky":false,"template":"","format":"standard","meta":{"footnotes":""},"categories":[1358],"tags":[1348,1384,1385,1386,58,59,1011,27],"class_list":{"0":"post-384777","1":"post","2":"type-post","3":"status-publish","4":"format-standard","5":"has-post-thumbnail","7":"category-arts-et-design","8":"tag-arts","9":"tag-arts-and-design","10":"tag-arts-et-design","11":"tag-design","12":"tag-divertissement","13":"tag-entertainment","14":"tag-fr","15":"tag-france"},"share_on_mastodon":{"url":"https:\/\/pubeurope.com\/@fr\/115190224886066083","error":""},"_links":{"self":[{"href":"https:\/\/www.europesays.com\/fr\/wp-json\/wp\/v2\/posts\/384777","targetHints":{"allow":["GET"]}}],"collection":[{"href":"https:\/\/www.europesays.com\/fr\/wp-json\/wp\/v2\/posts"}],"about":[{"href":"https:\/\/www.europesays.com\/fr\/wp-json\/wp\/v2\/types\/post"}],"author":[{"embeddable":true,"href":"https:\/\/www.europesays.com\/fr\/wp-json\/wp\/v2\/users\/2"}],"replies":[{"embeddable":true,"href":"https:\/\/www.europesays.com\/fr\/wp-json\/wp\/v2\/comments?post=384777"}],"version-history":[{"count":0,"href":"https:\/\/www.europesays.com\/fr\/wp-json\/wp\/v2\/posts\/384777\/revisions"}],"wp:featuredmedia":[{"embeddable":true,"href":"https:\/\/www.europesays.com\/fr\/wp-json\/wp\/v2\/media\/384778"}],"wp:attachment":[{"href":"https:\/\/www.europesays.com\/fr\/wp-json\/wp\/v2\/media?parent=384777"}],"wp:term":[{"taxonomy":"category","embeddable":true,"href":"https:\/\/www.europesays.com\/fr\/wp-json\/wp\/v2\/categories?post=384777"},{"taxonomy":"post_tag","embeddable":true,"href":"https:\/\/www.europesays.com\/fr\/wp-json\/wp\/v2\/tags?post=384777"}],"curies":[{"name":"wp","href":"https:\/\/api.w.org\/{rel}","templated":true}]}}