{"id":384779,"date":"2025-09-12T07:48:11","date_gmt":"2025-09-12T07:48:11","guid":{"rendered":"https:\/\/www.europesays.com\/fr\/384779\/"},"modified":"2025-09-12T07:48:11","modified_gmt":"2025-09-12T07:48:11","slug":"la-nouvelle-librairie-cafe-bloom-book-ouvre-ses-portes-a-talence","status":"publish","type":"post","link":"https:\/\/www.europesays.com\/fr\/384779\/","title":{"rendered":"La nouvelle librairie-caf\u00e9 \u00ab\u00a0Bloom Book\u00a0\u00bb ouvre ses portes \u00e0 Talence"},"content":{"rendered":"<p>Alors que les librairies ind\u00e9pendantes connaissent un regain d\u2019int\u00e9r\u00eat, les librairies-caf\u00e9s apparaissent comme de nouveaux lieux de vie culturelle et sociale. Espaces hybrides, \u00e0 la crois\u00e9e du commerce de proximit\u00e9 et du tiers-lieu, ils proposent bien plus que des livres en offrant une atmosph\u00e8re chaleureuse o\u00f9 la lecture se m\u00eale \u00e0 la convivialit\u00e9 d\u2019un caf\u00e9.<\/p>\n<p>C\u2019est dans cet esprit que Sophie Oc\u00e9ane Borg vient d\u2019ouvrir sa librairie Bloom Book, au c\u0153ur de Talence, un projet qui conjugue librairie sp\u00e9cialis\u00e9e et caf\u00e9 de quartier, mais qui ambitionne \u00e9galement de devenir un point de rencontre.<\/p>\n<p>L\u2019originalit\u00e9 du projet r\u00e9side dans son identit\u00e9 assum\u00e9e autour de deux genres, la romance contemporaine et la romantasy, contraction de romance et fantasy. L\u00e0 o\u00f9 beaucoup de librairies cherchent \u00e0 embrasser la totalit\u00e9 de la production \u00e9ditoriale, Bloom Book revendique une sp\u00e9cialisation. <\/p>\n<p>Cette orientation claire lui permet de toucher une communaut\u00e9 de lecteurs passionn\u00e9s, souvent jeunes et tr\u00e8s actifs sur les r\u00e9seaux sociaux, qui trouvent ici un espace pens\u00e9 pour eux, avec des rayonnages d\u00e9cor\u00e9s de guirlandes de feuillage, qui mettent en valeur les livres tout en cr\u00e9ant une atmosph\u00e8re douce et immersive. Les tables de caf\u00e9 s\u2019int\u00e8grent dans l\u2019espace sans nuire \u00e0 la d\u00e9couverte des ouvrages. L\u2019identit\u00e9 visuelle de Bloom Book, d\u00e9clin\u00e9e en rose et beige, souligne l\u2019univers romantique et chaleureux que le projet souhaite incarner.<\/p>\n<p>Clubs de lecture<\/p>\n<p>La librairie se distinguera aussi par une programmation r\u00e9guli\u00e8re d\u2019\u00e9v\u00e9nements pens\u00e9s pour renforcer le lien entre les lecteurs.<\/p>\n<p>Organis\u00e9s deux fois par mois, des clubs de lecture permettront aux participants d\u2019\u00e9changer autour d\u2019un roman commun, de partager des coups de c\u0153ur et d\u2019animer des discussions sur les sujets abord\u00e9s.<\/p>\n<p>De m\u00eame, des ateliers cr\u00e9atifs comme le crochet et la conception de marque-pages seront propos\u00e9s, offrant aux lecteurs un espace de cr\u00e9ativit\u00e9 et de d\u00e9tente.<\/p>\n<p>Enfin, des soir\u00e9es \u00e0 th\u00e8mes transformeront l\u2019endroit en un espace festif et immersif, o\u00f9 la litt\u00e9rature devient une exp\u00e9rience collective.<\/p>\n","protected":false},"excerpt":{"rendered":"Alors que les librairies ind\u00e9pendantes connaissent un regain d\u2019int\u00e9r\u00eat, les librairies-caf\u00e9s apparaissent comme de nouveaux lieux de vie&hellip;\n","protected":false},"author":2,"featured_media":384780,"comment_status":"","ping_status":"","sticky":false,"template":"","format":"standard","meta":{"footnotes":""},"categories":[1357],"tags":[1379,58,59,1011,27,1380],"class_list":{"0":"post-384779","1":"post","2":"type-post","3":"status-publish","4":"format-standard","5":"has-post-thumbnail","7":"category-livres","8":"tag-books","9":"tag-divertissement","10":"tag-entertainment","11":"tag-fr","12":"tag-france","13":"tag-livres"},"share_on_mastodon":{"url":"https:\/\/pubeurope.com\/@fr\/115190228878504112","error":""},"_links":{"self":[{"href":"https:\/\/www.europesays.com\/fr\/wp-json\/wp\/v2\/posts\/384779","targetHints":{"allow":["GET"]}}],"collection":[{"href":"https:\/\/www.europesays.com\/fr\/wp-json\/wp\/v2\/posts"}],"about":[{"href":"https:\/\/www.europesays.com\/fr\/wp-json\/wp\/v2\/types\/post"}],"author":[{"embeddable":true,"href":"https:\/\/www.europesays.com\/fr\/wp-json\/wp\/v2\/users\/2"}],"replies":[{"embeddable":true,"href":"https:\/\/www.europesays.com\/fr\/wp-json\/wp\/v2\/comments?post=384779"}],"version-history":[{"count":0,"href":"https:\/\/www.europesays.com\/fr\/wp-json\/wp\/v2\/posts\/384779\/revisions"}],"wp:featuredmedia":[{"embeddable":true,"href":"https:\/\/www.europesays.com\/fr\/wp-json\/wp\/v2\/media\/384780"}],"wp:attachment":[{"href":"https:\/\/www.europesays.com\/fr\/wp-json\/wp\/v2\/media?parent=384779"}],"wp:term":[{"taxonomy":"category","embeddable":true,"href":"https:\/\/www.europesays.com\/fr\/wp-json\/wp\/v2\/categories?post=384779"},{"taxonomy":"post_tag","embeddable":true,"href":"https:\/\/www.europesays.com\/fr\/wp-json\/wp\/v2\/tags?post=384779"}],"curies":[{"name":"wp","href":"https:\/\/api.w.org\/{rel}","templated":true}]}}