{"id":384785,"date":"2025-09-12T07:51:18","date_gmt":"2025-09-12T07:51:18","guid":{"rendered":"https:\/\/www.europesays.com\/fr\/384785\/"},"modified":"2025-09-12T07:51:18","modified_gmt":"2025-09-12T07:51:18","slug":"a-la-quarantaine-il-y-a-quelque-chose-de-plus-profond-qui-se-joue","status":"publish","type":"post","link":"https:\/\/www.europesays.com\/fr\/384785\/","title":{"rendered":"\u00ab\u00c0 la quarantaine, il y a quelque chose de plus profond qui se joue\u00bb"},"content":{"rendered":"<p>L\u2019actrice \u00e9tait l\u2019invit\u00e9e de l\u2019\u00e9mission \u00abConversations\u00bb \u00e0 l\u2019occasion de la sortie du film Connemara d\u2019Alex Lutz.<\/p>\n<p class=\"fig-paragraph\">\u00c0 l\u2019affiche de Connemara, r\u00e9alis\u00e9 par Alex Lutz et adapt\u00e9 du prix Goncourt 2018 de Nicolas Mathieu,\u00a0<a href=\"https:\/\/madame.lefigaro.fr\/tag\/melanie-thierry\" target=\"_blank\" data-fig-type=\"Keyword\" rel=\"noopener\" data-gtm-custom-categorie=\"navigation\" data-gtm-custom-action=\"crossclick\" data-gtm-custom-label=\"Contextuel\" data-gtm-event=\"customEventSPE\" data-fig-domain=\"MADAME\">M\u00e9lanie Thierry<\/a>\u00a0\u00e9tait l\u2019invit\u00e9e de \u00abConversations\u00bb, une \u00e9mission anim\u00e9e par Joseph Ghosn, directeur adjoint de la r\u00e9daction de Madame Figaro. Dans ce film, l\u2019actrice interpr\u00e8te H\u00e9l\u00e8ne, quadrag\u00e9naire parisienne en burn-out qui revient vivre dans les Vosges, sa r\u00e9gion natale, o\u00f9 elle entame une idylle avec Christophe Marchal (<a href=\"http:\/\/madame.lefigaro.fr\/celebrites\/cinema\/bastien-bouillon-je-suis-un-enfant-de-divorces-un-traumatise-du-dimanche-soir-20250712\" target=\"_blank\" data-fig-type=\"Article\" rel=\"noopener\" data-gtm-custom-categorie=\"navigation\" data-gtm-custom-action=\"crossclick\" data-gtm-custom-label=\"Contextuel\" data-gtm-event=\"customEventSPE\" data-fig-domain=\"MADAME\">Bastien Bouillon<\/a>), dont elle \u00e9tait amoureuse au lyc\u00e9e et qui est toujours rest\u00e9 dans la r\u00e9gion.<\/p>\n<p class=\"fig-paragraph\">C\u2019est particuli\u00e8rement la repr\u00e9sentation du \u00abpassage \u00e0 la quarantaine\u00bb qui a donn\u00e9 \u00e0 l\u2019actrice l\u2019envie de jouer ce r\u00f4le. \u00ab\u00c0 la quarantaine, il y a quelque chose de plus profond qui se joue. C\u2019est au moment o\u00f9 on est oblig\u00e9 de faire une forme de constat sur ce qu\u2019on a r\u00e9ussi, ce qu\u2019on a \u00e9chou\u00e9. Puis \u00e0 nouveau, il faut s\u2019assumer davantage, \u00eatre en accord avec ses\u00a0<a href=\"http:\/\/madame.lefigaro.fr\/bien-etre\/psycho\/la-quarantaine-le-temps-de-l-epanouissement-sexuel-des-femmes-20220401\" target=\"_blank\" data-fig-type=\"Article\" rel=\"noopener\" data-gtm-custom-categorie=\"navigation\" data-gtm-custom-action=\"crossclick\" data-gtm-custom-label=\"Contextuel\" data-gtm-event=\"customEventSPE\" data-fig-domain=\"MADAME\">d\u00e9sirs<\/a>. (&#8230;) On d\u00e9couvre H\u00e9l\u00e8ne \u00e0 un moment o\u00f9 elle a r\u00e9ussi d\u2019une certaine fa\u00e7on sa vie de femme, elle s\u2019\u00e9panouit dans son m\u00e9tier, elle a cr\u00e9\u00e9 sa famille et voit ses enfants grandir. Mais il y a un coup de boomerang qui vient l\u2019achever, il va falloir qu\u2019elle se reconstruise. Ce que j\u2019aime bien, c\u2019est d\u2019avoir la n\u00e9cessit\u00e9 de se r\u00e9inventer\u00bb, explique l\u2019actrice.<\/p>\n<p>                                    <a class=\"fig-a11y-skip a11y-hidden\" href=\"#fig-a11y-skip-main-inarticle\"><br \/>\n        Passer la publicit\u00e9<br \/>\n    <\/a><\/p>\n<p>\u00abC\u2019est douloureux d\u2019y revenir\u00bb<\/p>\n<p class=\"fig-paragraph\">Ce film, qu\u2019elle qualifie de \u00abmillefeuille\u00bb d\u2019enjeux, \u00e9voque notamment la notion de\u00a0<a href=\"https:\/\/madame.lefigaro.fr\/business\/le-vertigede-lascension-sociale-161121-199140\" target=\"_blank\" data-fig-type=\"Article\" rel=\"noopener\" data-gtm-custom-categorie=\"navigation\" data-gtm-custom-action=\"crossclick\" data-gtm-custom-label=\"Contextuel\" data-gtm-event=\"customEventSPE\" data-fig-domain=\"MADAME\">transfuge\u00a0<\/a>de classe et de retour \u00e0 la r\u00e9gion natale par le personnage d\u2019H\u00e9l\u00e8ne qui vient d\u2019un milieu modeste. Une exp\u00e9rience que l\u2019actrice explique ainsi\u00a0: \u00abIl y a quelque chose d\u2019ambivalent \u00e0 vouloir s\u2019\u00e9chapper de sa terre natale, \u00e0 devoir mettre loin de soi tout ce qui fait appel \u00e0 l\u2019enfance, \u00e0 tous ses souvenirs. (&#8230;) Une fois que tu as un gros coup dur, l\u2019endroit qui va t\u2019accueillir \u00e0 nouveau, c\u2019est ce terreau dans lequel tu as tes rep\u00e8res. Pourtant, c\u2019est douloureux d\u2019y revenir.\u00bb<\/p>\n<p class=\"fig-paragraph\">Apr\u00e8s ses r\u00f4les dans La Princesse de Montpensier, La Douleur, La Chambre de Mariana ou encore Au revoir l\u00e0-haut, l\u2019actrice poursuit dans Connemara son parcours marqu\u00e9 par des\u00a0<a href=\"http:\/\/madame.lefigaro.fr\/celebrites\/cinema\/de-l-ecrit-a-l-ecran-pourquoi-les-adaptations-litteraires-triomphent-au-cinema-comme-sur-les-plateformes-20250105\" target=\"_blank\" data-fig-type=\"Article\" rel=\"noopener\" data-gtm-custom-categorie=\"navigation\" data-gtm-custom-action=\"crossclick\" data-gtm-custom-label=\"Contextuel\" data-gtm-event=\"customEventSPE\" data-fig-domain=\"MADAME\">adaptations litt\u00e9raires<\/a>. \u00abCe qui est particulier quand tu d\u00e9couvres un\u00a0<a href=\"https:\/\/madame.lefigaro.fr\/tag\/livre\" target=\"_blank\" data-fig-type=\"Keyword\" rel=\"noopener\" data-gtm-custom-categorie=\"navigation\" data-gtm-custom-action=\"crossclick\" data-gtm-custom-label=\"Contextuel\" data-gtm-event=\"customEventSPE\" data-fig-domain=\"MADAME\">livre\u00a0<\/a>en sachant que tu vas incarner le personnage, c\u2019est qu\u2019il faut lui donner vie. Tout ce que tu lis, tu t\u2019en sers pour trouver les contours de ce que tu vas jouer. Tu n\u2019as pas la m\u00eame perception.\u00bb Une interpr\u00e9tation qui confirme son int\u00e9r\u00eat pour les personnages de papier.<\/p>\n","protected":false},"excerpt":{"rendered":"L\u2019actrice \u00e9tait l\u2019invit\u00e9e de l\u2019\u00e9mission \u00abConversations\u00bb \u00e0 l\u2019occasion de la sortie du film Connemara d\u2019Alex Lutz. \u00c0 l\u2019affiche&hellip;\n","protected":false},"author":2,"featured_media":384786,"comment_status":"","ping_status":"","sticky":false,"template":"","format":"standard","meta":{"footnotes":""},"categories":[1354],"tags":[2594,58,59,2081,1346,1011,27,1360,51752],"class_list":{"0":"post-384785","1":"post","2":"type-post","3":"status-publish","4":"format-standard","5":"has-post-thumbnail","7":"category-films","8":"tag-actrice","9":"tag-divertissement","10":"tag-entertainment","11":"tag-film","12":"tag-films","13":"tag-fr","14":"tag-france","15":"tag-movies","16":"tag-videos-madame"},"share_on_mastodon":{"url":"https:\/\/pubeurope.com\/@fr\/115190240721798453","error":""},"_links":{"self":[{"href":"https:\/\/www.europesays.com\/fr\/wp-json\/wp\/v2\/posts\/384785","targetHints":{"allow":["GET"]}}],"collection":[{"href":"https:\/\/www.europesays.com\/fr\/wp-json\/wp\/v2\/posts"}],"about":[{"href":"https:\/\/www.europesays.com\/fr\/wp-json\/wp\/v2\/types\/post"}],"author":[{"embeddable":true,"href":"https:\/\/www.europesays.com\/fr\/wp-json\/wp\/v2\/users\/2"}],"replies":[{"embeddable":true,"href":"https:\/\/www.europesays.com\/fr\/wp-json\/wp\/v2\/comments?post=384785"}],"version-history":[{"count":0,"href":"https:\/\/www.europesays.com\/fr\/wp-json\/wp\/v2\/posts\/384785\/revisions"}],"wp:featuredmedia":[{"embeddable":true,"href":"https:\/\/www.europesays.com\/fr\/wp-json\/wp\/v2\/media\/384786"}],"wp:attachment":[{"href":"https:\/\/www.europesays.com\/fr\/wp-json\/wp\/v2\/media?parent=384785"}],"wp:term":[{"taxonomy":"category","embeddable":true,"href":"https:\/\/www.europesays.com\/fr\/wp-json\/wp\/v2\/categories?post=384785"},{"taxonomy":"post_tag","embeddable":true,"href":"https:\/\/www.europesays.com\/fr\/wp-json\/wp\/v2\/tags?post=384785"}],"curies":[{"name":"wp","href":"https:\/\/api.w.org\/{rel}","templated":true}]}}