{"id":384798,"date":"2025-09-12T07:57:14","date_gmt":"2025-09-12T07:57:14","guid":{"rendered":"https:\/\/www.europesays.com\/fr\/384798\/"},"modified":"2025-09-12T07:57:14","modified_gmt":"2025-09-12T07:57:14","slug":"zapad-2025-ces-grands-exercices-militaires-entre-la-russie-et-le-belarus-qui-font-trembler-leurope","status":"publish","type":"post","link":"https:\/\/www.europesays.com\/fr\/384798\/","title":{"rendered":"\u00ab\u00a0Zapad-2025\u00a0\u00bb, ces grands exercices militaires entre la Russie et le B\u00e9larus qui font trembler l\u2019Europe"},"content":{"rendered":"<p>        <img decoding=\"async\" loading=\"lazy\" src=\"https:\/\/www.europesays.com\/fr\/wp-content\/uploads\/2025\/09\/4a12e66_upload-1-5puigorfz9bz-afp-20210914-aa-14092021-462835-v1-highres-zapad2021militaryexerciseof.jpeg\"  width=\"728\" height=\"410\" alt=\"Photographie prise durant le Zapad-2021, le dernier effectu\u00e9 avant l\u2019invasion russe de l\u2019Ukraine en f\u00e9vrier 2022. \"\/>  <\/p>\n<p>STRINGER \/ Anadolu via AFP<\/p>\n<p>Photographie prise durant le Zapad-2021, le dernier effectu\u00e9 avant l\u2019invasion russe de l\u2019Ukraine en f\u00e9vrier 2022. <\/p>\n<p class=\"asset asset-text\">INTERNATIONAL &#8211; D\u00e9monstration de force. La Russie et le B\u00e9larus, son alli\u00e9 fid\u00e8le, ont entam\u00e9 ce vendredi 12\u00a0septembre de grands exercices militaires conjoints qui suscitent une vive inqui\u00e9tude des pays de <a href=\"https:\/\/www.huffingtonpost.fr\/international\/article\/en-quoi-consiste-l-article-4-de-l-otan-active-apres-l-intrusion-de-drones-en-pologne_254659.html\" target=\"_blank\" rel=\"noopener\">l\u2019Otan<\/a>, quelques jours seulement apr\u00e8s l<a href=\"https:\/\/www.huffingtonpost.fr\/international\/article\/la-premiere-reaction-de-trump-aux-drones-russes-en-pologne-ne-va-pas-rassurer-l-otan_254675.html\" target=\"_blank\" rel=\"noopener\">\u2019intrusion sans pr\u00e9c\u00e9dent de drones \u2212 pr\u00e9sum\u00e9s russes \u2212<\/a> sur le territoire polonais.<\/p>\n<p class=\"asset asset-text\">Ces man\u0153uvres se d\u00e9roulent aussi dans un contexte particulier en lien avec <a href=\"https:\/\/www.huffingtonpost.fr\/international\/article\/guerre-en-ukraine-zelensky-presse-encore-ses-allies-apres-une-frappe-russe-directement-sur-des-civils_254614.html\" target=\"_blank\" rel=\"noopener\">la guerre en Ukraine<\/a>, au moment o\u00f9 l\u2019arm\u00e9e russe progresse toujours sur le front et intensifie ses attaques a\u00e9riennes sur les villes du pays voisin. \u00c0 l\u2019aube des man\u0153uvres, la Russie a d\u2019ailleurs annonc\u00e9 avoir abattu dans la nuit 221 drones ukrainiens, soit l\u2019une des attaques les plus massives de l\u2019arm\u00e9e de Kiev depuis le d\u00e9but du conflit.<\/p>\n<p class=\"asset asset-text\">\u00ab\u00a0Les man\u0153uvres conjointes strat\u00e9giques des forces arm\u00e9es russes et b\u00e9larusses (&#8230;) ont commenc\u00e9\u00a0\u00bb, a annonc\u00e9 le minist\u00e8re russe de la D\u00e9fense dans un communiqu\u00e9. Les exercices se tiennent de ce vendredi jusqu\u2019\u00e0 mardi prochain pr\u00e8s d\u2019une ville situ\u00e9e \u00e0 l\u2019est de Minsk. Et selon l\u2019arm\u00e9e russe, certaines \u00ab\u00a0actions pratiques\u00a0\u00bb vont aussi avoir lieu sur le territoire russe, ainsi qu\u2019en mer de Barents et en mer Baltique.<\/p>\n<p class=\"asset asset-text\">Ce grand rassemblement militaire est baptis\u00e9 Zapad-2025\u00a0ou \u00ab\u00a0Ouest-2025\u00a0\u00bb en fran\u00e7ais. Une r\u00e9f\u00e9rence au fait qu\u2019elles se d\u00e9roulent dans l\u2019ouest de l\u2019alliance russo-b\u00e9larusse. Une habitude militaire qui prend une tournure particuli\u00e8re cette ann\u00e9e. La raison\u00a0? Ces exercices sont habituellement organis\u00e9s tous les quatre ans. L\u2019\u00e9dition 2025 est donc la premi\u00e8re depuis le d\u00e9but du conflit en Ukraine, lanc\u00e9 en f\u00e9vrier\u00a02022\u00a0par Moscou. Celle de 2021 avait, elle, mobilis\u00e9 environ 200\u00a0000 soldats russes, quelques mois avant le lancement de leur assaut.<\/p>\n<p>                     Confrontation \u00e0 distance    <\/p>\n<p class=\"asset asset-text\">La Pologne, la Lituanie et la Lettonie, pays membres de l\u2019Otan et voisins du B\u00e9larus, voient d\u2019un tr\u00e8s mauvais \u0153il l\u2019organisation de ces exercices si pr\u00e8s de leurs fronti\u00e8res. Toutes trois ont renforc\u00e9 leur s\u00e9curit\u00e9 et restreint le trafic a\u00e9rien dans certaines zones, Varsovie ordonnant en outre la fermeture compl\u00e8te de sa fronti\u00e8re avec le B\u00e9larus pendant les man\u0153uvres.<\/p>\n<p class=\"asset asset-text\">De son c\u00f4t\u00e9, Moscou a demand\u00e9 jeudi \u00e0 Varsovie de \u00ab\u00a0reconsid\u00e9rer la d\u00e9cision prise (la fermeture de la fronti\u00e8re) dans les plus brefs d\u00e9lais\u00a0\u00bb, d\u00e9non\u00e7ant des \u00ab\u00a0mesures de confrontation\u00a0\u00bb. Il faut dire que l\u2019intrusion d\u2019une vingtaine de drones dans la nuit de mardi \u00e0 mercredi dans l\u2019espace a\u00e9rien polonais, <a href=\"https:\/\/www.huffingtonpost.fr\/international\/article\/la-pologne-accuse-la-russie-d-une-agression-inedite-depuis-le-debut-de-la-guerre-en-ukraine_254638.html\" target=\"_blank\" rel=\"noopener\">jug\u00e9e d\u00e9lib\u00e9r\u00e9e par Varsovie<\/a> et ses alli\u00e9s mais r\u00e9cus\u00e9e par Moscou, a suscit\u00e9 une vive \u00e9motion en Pologne et \u00e9t\u00e9 qualifi\u00e9e de provocation par les pays occidentaux. Varsovie a d\u2019ailleurs d\u00fb mobiliser ses avions et ceux de ses alli\u00e9s de l\u2019Otan pour abattre les drones, venus du ciel ukrainien et du B\u00e9larus.<\/p>\n<p class=\"asset asset-text\">Le Premier ministre polonais, Donald Tusk, a estim\u00e9 que l\u2019on n\u2019avait jamais \u00e9t\u00e9 aussi proche d\u2019un \u00ab\u00a0conflit ouvert\u00a0\u00bb depuis la Seconde Guerre mondiale. Quant au pr\u00e9sident ukrainien Volodymyr Zelensky, il a affirm\u00e9 que le but des man\u0153uvres russo-b\u00e9larusses n\u2019\u00e9tait \u00ab\u00a0certainement pas d\u00e9fensif\u00a0\u00bb. Et elles ne visent \u00ab\u00a0pas seulement l\u2019Ukraine\u00a0\u00bb, a-t-il dit. Toutefois, la Russie a balay\u00e9 les craintes li\u00e9es aux man\u0153uvres militaires par le biais du porte-parole du Kremlin, Dmitri Peskov, qui a assur\u00e9 qu\u2019il s\u2019agissait d\u2019\u00ab\u00a0exercices planifi\u00e9s, (qui) ne visent personne\u00a0\u00bb.<\/p>\n<p>                     \u00ab\u00a0Du temps de la Guerre froide\u00a0\u00bb    <\/p>\n<p class=\"asset asset-text\">Contrairement \u00e0 2021, avant la tentative d\u2019envahissement de l\u2019Ukraine, l\u2019ampleur des exercices 2025 devrait \u00eatre bien plus r\u00e9duite, des centaines de milliers de soldats russes \u00e9tant d\u00e9ploy\u00e9s en Ukraine. Le B\u00e9larus avait affirm\u00e9 en janvier que 13\u00a0000 soldats participeraient aux exercices, mais a indiqu\u00e9 en mai que ce nombre serait encore r\u00e9duit de moiti\u00e9.<\/p>\n<p class=\"asset asset-text\">Selon Donald Tusk, les man\u0153uvres viseront quand m\u00eame \u00e0 simuler l\u2019occupation du corridor de Suwalki, qui s\u2019\u00e9tend le long de la fronti\u00e8re entre la Pologne et la Lituanie avec l\u2019enclave russe de Kaliningrad \u00e0 l\u2019ouest et le B\u00e9larus \u00e0 l\u2019est. Un corridor strat\u00e9gique souvent consid\u00e9r\u00e9 comme un point faible de l\u2019Otan et qui pourrait \u00eatre la premi\u00e8re cible d\u2019une \u00e9ventuelle attaque russe. Cette crainte est une \u00ab\u00a0absurdit\u00e9 totale\u00a0\u00bb, a toutefois balay\u00e9 le pr\u00e9sident b\u00e9larusse Alexandre Loukachenko.<\/p>\n<p class=\"asset asset-text\">Le ministre b\u00e9larusse de la D\u00e9fense a r\u00e9cemment affirm\u00e9 \u00e0 un m\u00e9dia d\u2019\u00c9tat que les exercices Zapad avaient \u00e9t\u00e9 \u00e9loign\u00e9s des fronti\u00e8res de la Pologne et de l\u2019Ukraine pour \u00ab\u00a0r\u00e9duire les tensions\u00a0\u00bb. Minsk a n\u00e9anmoins dit en ao\u00fbt que les man\u0153uvres impliqueraient les <a href=\"https:\/\/www.huffingtonpost.fr\/international\/article\/vladimir-poutine-propose-un-duel-de-missiles-aux-occidentaux-en-suggerant-d-utiliser-kiev-comme-cible_243803.html\" target=\"_blank\" rel=\"noopener\">missiles hypersoniques \u00e0 capacit\u00e9 nucl\u00e9aire Orechnik<\/a>, d\u00e9velopp\u00e9s par la Russie et devant \u00eatre d\u00e9ploy\u00e9s au B\u00e9larus.<\/p>\n<p class=\"asset asset-text\">L\u2019organisation au m\u00eame moment d\u2019exercices militaires rivaux par la Russie et des pays membres de l\u2019Otan est appel\u00e9e \u00e0 perdurer. \u00ab\u00a0Comme cela \u00e9tait le cas du temps de la Guerre froide\u00a0\u00bb, note pour l\u2019AFP Vassili Kachine, analyste au Conseil russe des affaires internationales, li\u00e9 au Kremlin. La Pologne et ses alli\u00e9s ont d\u2019ailleurs annonc\u00e9 la tenue courant septembre de leurs propres exercices.<\/p>\n","protected":false},"excerpt":{"rendered":"STRINGER \/ Anadolu via AFP Photographie prise durant le Zapad-2021, le dernier effectu\u00e9 avant l\u2019invasion russe de l\u2019Ukraine&hellip;\n","protected":false},"author":2,"featured_media":384799,"comment_status":"","ping_status":"","sticky":false,"template":"","format":"standard","meta":{"footnotes":""},"categories":[5],"tags":[11,1813,17059,1011,27,131,14,12,136,2437,132,28],"class_list":{"0":"post-384798","1":"post","2":"type-post","3":"status-publish","4":"format-standard","5":"has-post-thumbnail","7":"category-international","8":"tag-actualites","9":"tag-armee","10":"tag-bielorussie","11":"tag-fr","12":"tag-france","13":"tag-guerre-en-ukraine","14":"tag-international","15":"tag-news","16":"tag-otan","17":"tag-pologne","18":"tag-russie","19":"tag-world"},"share_on_mastodon":{"url":"https:\/\/pubeurope.com\/@fr\/115190264542417366","error":""},"_links":{"self":[{"href":"https:\/\/www.europesays.com\/fr\/wp-json\/wp\/v2\/posts\/384798","targetHints":{"allow":["GET"]}}],"collection":[{"href":"https:\/\/www.europesays.com\/fr\/wp-json\/wp\/v2\/posts"}],"about":[{"href":"https:\/\/www.europesays.com\/fr\/wp-json\/wp\/v2\/types\/post"}],"author":[{"embeddable":true,"href":"https:\/\/www.europesays.com\/fr\/wp-json\/wp\/v2\/users\/2"}],"replies":[{"embeddable":true,"href":"https:\/\/www.europesays.com\/fr\/wp-json\/wp\/v2\/comments?post=384798"}],"version-history":[{"count":0,"href":"https:\/\/www.europesays.com\/fr\/wp-json\/wp\/v2\/posts\/384798\/revisions"}],"wp:featuredmedia":[{"embeddable":true,"href":"https:\/\/www.europesays.com\/fr\/wp-json\/wp\/v2\/media\/384799"}],"wp:attachment":[{"href":"https:\/\/www.europesays.com\/fr\/wp-json\/wp\/v2\/media?parent=384798"}],"wp:term":[{"taxonomy":"category","embeddable":true,"href":"https:\/\/www.europesays.com\/fr\/wp-json\/wp\/v2\/categories?post=384798"},{"taxonomy":"post_tag","embeddable":true,"href":"https:\/\/www.europesays.com\/fr\/wp-json\/wp\/v2\/tags?post=384798"}],"curies":[{"name":"wp","href":"https:\/\/api.w.org\/{rel}","templated":true}]}}