{"id":384804,"date":"2025-09-12T08:01:17","date_gmt":"2025-09-12T08:01:17","guid":{"rendered":"https:\/\/www.europesays.com\/fr\/384804\/"},"modified":"2025-09-12T08:01:17","modified_gmt":"2025-09-12T08:01:17","slug":"ils-se-preparent-a-vivre-un-evenement-unique","status":"publish","type":"post","link":"https:\/\/www.europesays.com\/fr\/384804\/","title":{"rendered":"ils se pr\u00e9parent \u00e0 vivre un \u00e9v\u00e9nement unique"},"content":{"rendered":"<p>            Par<br \/>\n        <strong><br \/>\n            <a href=\"https:\/\/actu.fr\/auteur\/journaliste-lecourrierindependant\" title=\"Consulter tous les articles de R\u00e9daction Loud\u00e9ac\" target=\"_blank\" rel=\"noopener\">R\u00e9daction Loud\u00e9ac<\/a><br \/>\n        <\/strong><\/p>\n<p>        Publi\u00e9 le<\/p>\n<p>            12 sept. 2025 \u00e0 9h31        <\/p>\n<p><b>Lundi 8\u00a0septembre 2025<\/b>, une vingtaine de <b>b\u00e9n\u00e9voles <\/b>n\u2019y sont pas all\u00e9s de main morte pour nettoyer, r\u00e9curer, faire briller l\u2019<b>\u00e9glise<\/b> de <b>Saint-\u00c9tienne-du-Gu\u00e9-de-l\u2019Isle<\/b>, pr\u00e8s de <a href=\"https:\/\/actu.fr\/bretagne\/loudeac_22136\" target=\"_blank\" rel=\"noopener\">Loud\u00e9ac<\/a> (C\u00f4tes-d\u2019Armor).<\/p>\n<p>Au pinceau pour les statues<\/p>\n<p class=\" wall-content\">Ils \u00e9taient r\u00e9unis pour une journ\u00e9e de complet nettoyage de l\u2019\u00e9glise\u2009!<\/p>\n<p class=\" wall-content\">Une vingtaine de courageux volontaires se sont donn\u00e9 rendez-vous dans l\u2019\u00e9difice de <a href=\"https:\/\/actu.fr\/bretagne\/saint-etienne-du-gue-de-l-isle_22288\" target=\"_blank\" rel=\"noopener\">Saint-\u00c9tienne-du-Gu\u00e9-de-l\u2019Isle<\/a>, lundi 8\u00a0septembre 2025.<\/p>\n<p class=\" wall-content\">Le chantier est colossal\u2009: sortir les <b>bancs <\/b>et autres <b>prie-Dieu<\/b>, puis les laver avec une \u00e9ponge et de l\u2019eau.<\/p>\n<p class=\" wall-content\"><b>Op\u00e9ration des plus d\u00e9licates <\/b>avec les <b>statues <\/b>des personnages religieux nettoy\u00e9s aux pinceaux.<\/p>\n<p class=\" wall-content\">Les <b>vitraux <\/b>ont \u00e9galement re\u00e7u un coup de rajeunissement en \u00e9tant tr\u00e8s pr\u00e9cis dans le lavage vu la hauteur et leur valeur\u2026<\/p>\n<p>Vid\u00e9os : en ce moment sur Actu<br \/>\n    <img   decoding=\"async\" loading=\"lazy\" class=\"size-large\" src=\"https:\/\/www.europesays.com\/fr\/wp-content\/uploads\/2025\/09\/da3c1d18eeb865bbc1d18eeb8ffbc1v-960x640.jpg\" alt=\"L'\u00e9glise, une fois vid\u00e9e de ses bancs a \u00e9t\u00e9 lav\u00e9e au nettoyeur haute pression par les b\u00e9n\u00e9voles\" width=\"960\" height=\"640\"\/><br \/>\n    L\u2019\u00e9glise, une fois vid\u00e9e de ses bancs, a \u00e9t\u00e9 lav\u00e9e au nettoyeur haute pression par les b\u00e9n\u00e9voles, \u00e0 Saint-\u00c9tienne-du-Gu\u00e9-de-l\u2019Isle, pr\u00e8s de Loud\u00e9ac (C\u00f4tes-d\u2019Armor), lundi 8\u00a0septembre 2025. \u00a9Le Courrier Ind\u00e9pendant<br \/>\n    <img   decoding=\"async\" loading=\"lazy\" class=\"size-large\" src=\"https:\/\/www.europesays.com\/fr\/wp-content\/uploads\/2025\/09\/58872bb7eeb868c872bb7eeb860972v-960x640.jpg\" alt=\"Le maire Pierre Pichard, a particip\u00e9 \u00e0 la journ\u00e9e de nettoyage notamment des statues\" width=\"960\" height=\"640\"\/><br \/>\n    Le maire Pierre Pichard a nettoy\u00e9 des statues de l\u2019\u00e9glise de Saint-\u00c9tienne-du-Gu\u00e9-de-l\u2019Isle, pr\u00e8s de Loud\u00e9ac (C\u00f4tes-d\u2019Armor), lundi 8\u00a0septembre 2025. \u00a9Le Courrier Ind\u00e9pendant<\/p>\n<p>Votre r\u00e9gion, votre actu !<\/p>\n<p>Recevez chaque jour les infos qui comptent pour vous.<\/p>\n<p>\t<a href=\"https:\/\/actu.fr\/newsletter\" class=\"ac-btn ac-btn--corner ac-btn--medium ac-btn--blue800\" target=\"_blank\" rel=\"noopener\">S&rsquo;incrire<\/a><br \/>\nPour l\u2019\u00e9v\u00eaque et les 500\u00a0ans de la paroisse<\/p>\n<p class=\" wall-content\">Une fois les bancs sortis et les personnages, un groupe de b\u00e9n\u00e9voles a entrepris de passer un <b>nettoyeur haute pression<\/b> \u00e0 l\u2019int\u00e9rieur de l\u2019\u00e9glise m\u00eame.<\/p>\n<p>    <img   decoding=\"async\" loading=\"lazy\" class=\"size-large\" src=\"https:\/\/www.europesays.com\/fr\/wp-content\/uploads\/2025\/09\/37b2f423dc1661bb2f423dc16deb2fv-960x640.jpg\" alt=\"\u00e9glise-saint-etienne-du-gu\u00e9-de-l'isle-photo-g\u00e9n\u00e9rique-d\u00e9cembre-2023\" width=\"960\" height=\"640\"\/><br \/>\n    L\u2019\u00e9glise de Saint-\u00c9tienne-du-Gu\u00e9-de-l\u2019Isle, pr\u00e8s de Loud\u00e9ac (C\u00f4tes-d\u2019Armor), a \u00e9t\u00e9 nettoy\u00e9e \u00e0 grande eau lundi 8\u00a0septembre 2025. \u00a9Ang\u00e9lique Goyet archives<\/p>\n<p class=\" wall-content\">Pourquoi tout ce d\u00e9ploiement d\u2019\u00e9nergies et de bonnes volont\u00e9s\u2009? En <b>f\u00e9vrier\u00a02026<\/b>, la <b>paroisse <\/b>f\u00eatera ses <b>500\u00a0ans<\/b>.<\/p>\n<p class=\" wall-content\">Et <b>monseigneur Denis Moutel, \u00e9v\u00eaque de Saint-Brieuc et Tr\u00e9guier<\/b>, honorera de sa pr\u00e9sence l\u2019\u00e9v\u00e9nement en y c\u00e9l\u00e9brant une messe.<\/p>\n<p class=\" wall-content\">Personnalisez votre actualit\u00e9 en ajoutant vos villes et m\u00e9dias en favori avec <a href=\"https:\/\/moncompte.actu.fr\" title=\"D\u00e9couvez Mon Actu\" rel=\"nofollow noopener\" data-trk=\"{&quot;cta&quot;:{&quot;action&quot;:&quot;https:\\\/\\\/moncompte.actu.fr&quot;,&quot;category&quot;:&quot;mon compte&quot;,&quot;from&quot;:&quot;article footer&quot;,&quot;name&quot;:&quot;Mon actu&quot;,&quot;type&quot;:&quot;cta&quot;}}\" target=\"_blank\">Mon Actu<\/a>.<\/p>\n","protected":false},"excerpt":{"rendered":"Par R\u00e9daction Loud\u00e9ac Publi\u00e9 le 12 sept. 2025 \u00e0 9h31 Lundi 8\u00a0septembre 2025, une vingtaine de b\u00e9n\u00e9voles n\u2019y&hellip;\n","protected":false},"author":2,"featured_media":384805,"comment_status":"","ping_status":"","sticky":false,"template":"","format":"standard","meta":{"footnotes":""},"categories":[9653],"tags":[1111,11,2430,10721,1777,674,1011,27,12,2551,4020,25,4001,104],"class_list":{"0":"post-384804","1":"post","2":"type-post","3":"status-publish","4":"format-standard","5":"has-post-thumbnail","7":"category-saint-etienne","8":"tag-actu","9":"tag-actualites","10":"tag-auvergne-rhone-alpes","11":"tag-centre-bretagne","12":"tag-eu","13":"tag-europe","14":"tag-fr","15":"tag-france","16":"tag-news","17":"tag-patrimoine","18":"tag-religion","19":"tag-republique-francaise","20":"tag-saint-etienne","21":"tag-societe"},"share_on_mastodon":{"url":"https:\/\/pubeurope.com\/@fr\/115190280319663746","error":""},"_links":{"self":[{"href":"https:\/\/www.europesays.com\/fr\/wp-json\/wp\/v2\/posts\/384804","targetHints":{"allow":["GET"]}}],"collection":[{"href":"https:\/\/www.europesays.com\/fr\/wp-json\/wp\/v2\/posts"}],"about":[{"href":"https:\/\/www.europesays.com\/fr\/wp-json\/wp\/v2\/types\/post"}],"author":[{"embeddable":true,"href":"https:\/\/www.europesays.com\/fr\/wp-json\/wp\/v2\/users\/2"}],"replies":[{"embeddable":true,"href":"https:\/\/www.europesays.com\/fr\/wp-json\/wp\/v2\/comments?post=384804"}],"version-history":[{"count":0,"href":"https:\/\/www.europesays.com\/fr\/wp-json\/wp\/v2\/posts\/384804\/revisions"}],"wp:featuredmedia":[{"embeddable":true,"href":"https:\/\/www.europesays.com\/fr\/wp-json\/wp\/v2\/media\/384805"}],"wp:attachment":[{"href":"https:\/\/www.europesays.com\/fr\/wp-json\/wp\/v2\/media?parent=384804"}],"wp:term":[{"taxonomy":"category","embeddable":true,"href":"https:\/\/www.europesays.com\/fr\/wp-json\/wp\/v2\/categories?post=384804"},{"taxonomy":"post_tag","embeddable":true,"href":"https:\/\/www.europesays.com\/fr\/wp-json\/wp\/v2\/tags?post=384804"}],"curies":[{"name":"wp","href":"https:\/\/api.w.org\/{rel}","templated":true}]}}