{"id":384810,"date":"2025-09-12T08:04:12","date_gmt":"2025-09-12T08:04:12","guid":{"rendered":"https:\/\/www.europesays.com\/fr\/384810\/"},"modified":"2025-09-12T08:04:12","modified_gmt":"2025-09-12T08:04:12","slug":"toulon-journees-du-patrimoine-2025-ouvertures-de-sites-veolia-au-coeur-des-enjeux-ecologiques","status":"publish","type":"post","link":"https:\/\/www.europesays.com\/fr\/384810\/","title":{"rendered":"TOULON : Journ\u00e9es du Patrimoine 2025, ouvertures de sites VEOLIA au c\u0153ur des enjeux \u00e9cologiques"},"content":{"rendered":"<p style=\"text-align: left;\"><strong>Pour la 42\u00e8me \u00e9dition des Journ\u00e9es europ\u00e9ennes du patrimoine, Veolia ouvre les portes de plus de soixante-dix sites partout en France, dont quinze dans la r\u00e9gion Sud \u2013 Provence-Alpes-C\u00f4te-d\u2019Azur et six dans le Var.<\/strong><\/p>\n<p style=\"text-align: left;\">Une opportunit\u00e9 pour d\u00e9couvrir des installations au c\u0153ur de notre patrimoine industriel et environnemental au plus pr\u00e8s de chez vous. Usines de production d\u2019eau potable, stations d\u2019\u00e9puration, centres de tri ou de valorisation \u00e9nerg\u00e9tique\u2026 autant de sites qui appartiennent \u00e0 notre patrimoine industriel et \u00e9cologique, o\u00f9 les savoir-faire pour prot\u00e9ger l\u2019environnement se transmettent de g\u00e9n\u00e9ration en g\u00e9n\u00e9ration. Ces lieux d\u00e9positaires avec leurs \u00e9quipes des connaissances constitu\u00e9es depuis les d\u00e9buts de l\u2019histoire de l\u2019eau, des d\u00e9chets et de l\u2019\u00e9nergie sont des lieux vivants, qui continuent \u00e0 innover et \u00e0 \u0153uvrer concr\u00e8tement au service des enjeux de d\u00e9veloppement durable des territoires : pr\u00e9vention des pollutions, protection de la sant\u00e9 humaine et des ressources naturelles, lutte contre le changement climatique, \u2026 Et pourtant, ils restent trop peu connus.<\/p>\n<p style=\"text-align: left;\"><strong>D\u00e9couvrez les 6 sites ouverts dans le d\u00e9partement du Var le 20 septembre 2025<\/strong><\/p>\n<p style=\"text-align: left;\"><strong>Station d\u2019\u00c9puration Amphora<\/strong><\/p>\n<p style=\"text-align: left;\">945 Avenue du 8 Mai 1945, 83130 La Garde \u2013 Lien d\u2019inscription: <a href=\"https:\/\/evdr.co\/5c1zyw\" rel=\"nofollow noopener\" target=\"_blank\">https:\/\/evdr.co\/5c1zyw<\/a><\/p>\n<p style=\"text-align: left;\">Venez visiter la station d\u2019\u00e9puration de la M\u00e9tropole Toulon Provence M\u00e9diterran\u00e9e, une installation qui joue un r\u00f4le essentiel dans la pr\u00e9servation de la faune et la flore locales et d\u00e9couvrez l\u2019envers du d\u00e9cor du traitement de l\u2019eau.<\/p>\n<p style=\"text-align: left;\"><strong>Usine d\u2019eau potable de Dardennes<\/strong><\/p>\n<p style=\"text-align: left;\">Barrage de Dardennes, 83200 Le Revest-les-Eaux \u2013 Lien d\u2019inscription: <a href=\"https:\/\/evdr.co\/izt7yw\" rel=\"nofollow noopener\" target=\"_blank\">https:\/\/evdr.co\/izt7yw<\/a><\/p>\n<p style=\"text-align: left;\">De la prise d\u2019eau brute dans le barrage jusqu\u2019aux robinets, l\u2019eau potable n\u2019aura plus aucun secret pour vous !<\/p>\n<p style=\"text-align: left;\"><strong>Station d\u2019\u00c9puration de Nans-les-Pins<\/strong><\/p>\n<p style=\"text-align: left;\">413 route de la Transhumance, 83860 Nans-les-Pins \u2013 Lien d\u2019inscription: <a href=\"https:\/\/evdr.co\/fo0evw\" rel=\"nofollow noopener\" target=\"_blank\">https:\/\/evdr.co\/fo0evw<\/a><\/p>\n<p style=\"text-align: left;\">La station d\u2019\u00e9puration de Nans-les-Pins vous ouvre ses portes. Une station d\u2019\u00e9puration pas comme les autres qui utilise un proc\u00e9d\u00e9 qui concilie technologie de pointe et solutions issues de la nature<\/p>\n<p style=\"text-align: left;\"><strong>Station d\u2019\u00c9puration de La Nartelle \u00e0 Sainte Maxime<\/strong><\/p>\n<p style=\"text-align: left;\">Avenue de Casabianca, 83120 Sainte-Maxime \u2013 Lien d\u2019inscription: <a href=\"https:\/\/evdr.co\/lhafvw\" rel=\"nofollow noopener\" target=\"_blank\">https:\/\/evdr.co\/lhafvw<\/a><\/p>\n<p style=\"text-align: left;\">Partez \u00e0 la d\u00e9couverte de la station d\u2019\u00e9puration de la Nartelle situ\u00e9e \u00e0 Sainte Maxime, et suivez les eaux us\u00e9es et les diff\u00e9rentes \u00e9tapes de traitement pour les transformer en eau propre pr\u00eate \u00e0 \u00eatre rejet\u00e9e \u00e0 la mer. Et parce que chaque goutte d\u2019eau est pr\u00e9cieuse et qu\u2019il est indispensable d\u2019\u00e9conomiser les ressources en eau, les eaux us\u00e9es de la station sont recycl\u00e9es depuis 2006 pour l\u2019arrosage du golf et de plusieurs espaces verts municipaux.<\/p>\n<p style=\"text-align: left;\"><strong>Station d\u2019\u00c9puration de Font Mourier \u00e0 Cogolin<\/strong><\/p>\n<p style=\"text-align: left;\">1708 route de la foux, 83 310 Cogolin \u2013 Lien d\u2019inscription: <a href=\"https:\/\/evdr.co\/1v38rw\" rel=\"nofollow noopener\" target=\"_blank\">https:\/\/evdr.co\/1v38rw<\/a><\/p>\n<p style=\"text-align: left;\">Envie de comprendre le fonctionnement d\u2019une station d\u2019\u00e9puration? Guid\u00e9s par nos \u00e9quipes qui y travaillent au quotidien, vous pourrez d\u00e9couvrir les secrets de la d\u00e9pollution des eaux us\u00e9es, essentielles avant leur retour dans le milieu naturel.<\/p>\n<p style=\"text-align: left;\"><strong>Usine d\u2019eau potable du Muy<\/strong><\/p>\n<p style=\"text-align: left;\">Chemin des Hauts Petignons, Le Muy \u2013 Lien d\u2019inscription: <a href=\"https:\/\/evdr.co\/1rf27\" rel=\"nofollow noopener\" target=\"_blank\">https:\/\/evdr.co\/1rf27<\/a><\/p>\n<p style=\"text-align: left;\">D\u00e9couvrez les secrets de fabrication de l\u2019eau du robinet gr\u00e2ce \u00e0 la visite de l\u2019usine d\u2019eau potable du Muy.<\/p>\n","protected":false},"excerpt":{"rendered":"Pour la 42\u00e8me \u00e9dition des Journ\u00e9es europ\u00e9ennes du patrimoine, Veolia ouvre les portes de plus de soixante-dix sites&hellip;\n","protected":false},"author":2,"featured_media":384811,"comment_status":"","ping_status":"","sticky":false,"template":"","format":"standard","meta":{"footnotes":""},"categories":[9619],"tags":[1111,11,1777,674,1011,27,12,882,25,2310],"class_list":{"0":"post-384810","1":"post","2":"type-post","3":"status-publish","4":"format-standard","5":"has-post-thumbnail","7":"category-toulon","8":"tag-actu","9":"tag-actualites","10":"tag-eu","11":"tag-europe","12":"tag-fr","13":"tag-france","14":"tag-news","15":"tag-provence-alpes-cote-dazur","16":"tag-republique-francaise","17":"tag-toulon"},"share_on_mastodon":{"url":"https:\/\/pubeurope.com\/@fr\/115190291859970942","error":""},"_links":{"self":[{"href":"https:\/\/www.europesays.com\/fr\/wp-json\/wp\/v2\/posts\/384810","targetHints":{"allow":["GET"]}}],"collection":[{"href":"https:\/\/www.europesays.com\/fr\/wp-json\/wp\/v2\/posts"}],"about":[{"href":"https:\/\/www.europesays.com\/fr\/wp-json\/wp\/v2\/types\/post"}],"author":[{"embeddable":true,"href":"https:\/\/www.europesays.com\/fr\/wp-json\/wp\/v2\/users\/2"}],"replies":[{"embeddable":true,"href":"https:\/\/www.europesays.com\/fr\/wp-json\/wp\/v2\/comments?post=384810"}],"version-history":[{"count":0,"href":"https:\/\/www.europesays.com\/fr\/wp-json\/wp\/v2\/posts\/384810\/revisions"}],"wp:featuredmedia":[{"embeddable":true,"href":"https:\/\/www.europesays.com\/fr\/wp-json\/wp\/v2\/media\/384811"}],"wp:attachment":[{"href":"https:\/\/www.europesays.com\/fr\/wp-json\/wp\/v2\/media?parent=384810"}],"wp:term":[{"taxonomy":"category","embeddable":true,"href":"https:\/\/www.europesays.com\/fr\/wp-json\/wp\/v2\/categories?post=384810"},{"taxonomy":"post_tag","embeddable":true,"href":"https:\/\/www.europesays.com\/fr\/wp-json\/wp\/v2\/tags?post=384810"}],"curies":[{"name":"wp","href":"https:\/\/api.w.org\/{rel}","templated":true}]}}