{"id":384812,"date":"2025-09-12T08:05:11","date_gmt":"2025-09-12T08:05:11","guid":{"rendered":"https:\/\/www.europesays.com\/fr\/384812\/"},"modified":"2025-09-12T08:05:11","modified_gmt":"2025-09-12T08:05:11","slug":"toulon-meteo-vendredi-le-ciel-parfaitement-degage-sur-la-region","status":"publish","type":"post","link":"https:\/\/www.europesays.com\/fr\/384812\/","title":{"rendered":"TOULON : M\u00e9t\u00e9o &#8211; Vendredi, le ciel parfaitement d\u00e9gag\u00e9\u00a0sur la r\u00e9gion"},"content":{"rendered":"<p><strong>Ce vendredi, le ciel restera\u00a0parfaitement d\u00e9gag\u00e9\u00a0sur l\u2019ensemble de la r\u00e9gion Provence-Alpes-C\u00f4te d\u2019Azur. <\/strong><\/p>\n<p>Le soleil brillera, accompagn\u00e9 d\u2019un mistral encore bien pr\u00e9sent, avec des rafales pouvant atteindre 50 km\/h.<\/p>\n<p>La matin\u00e9e d\u00e9butera sur une note\u00a0<strong>fra\u00eeche<\/strong>, entre 8 et 20\u00b0, avant une nette remont\u00e9e.<\/p>\n<p>L\u2019apr\u00e8s-midi, le thermom\u00e8tre affichera entre 22 et 28\u00b0.<\/p>\n<p>On pr\u00e9voit 25\u00b0 sur\u00a0<strong>Aix<\/strong>,\u00a0<strong>Cadolive<\/strong>,\u00a0<strong>Peypin<\/strong>,\u00a0<strong>Auriol<\/strong>\u00a0et\u00a0<strong>Allauch<\/strong>, 26\u00b0 \u00e0\u00a0<strong>Marseille<\/strong>,\u00a0<strong>La Ciotat<\/strong>,\u00a0<strong>Bandol<\/strong>,\u00a0<strong>Six-Fours-les-Plages<\/strong>\u00a0et\u00a0<strong>Saint-Mandrier<\/strong>, 27\u00b0 du c\u00f4t\u00e9 de\u00a0<strong>Toulon<\/strong>,\u00a0<strong>Le Pradet<\/strong>,\u00a0<strong>Hy\u00e8res<\/strong>\u00a0et\u00a0<strong>Puget-Ville<\/strong>, et jusqu\u2019\u00e0 28\u00b0 vers\u00a0<strong>La Londe-les-Maures<\/strong>\u00a0et le\u00a0<strong>Rayol-Canadel<\/strong>.<\/p>\n<p>Demain, l\u2019instabilit\u00e9 s\u2019imposera avec l\u2019arriv\u00e9e d\u2019orages.<\/p>\n<p><strong>ComLaRadio\u00a0<\/strong><br \/><strong>Thierry CARI<\/strong><br \/><strong>Voix Off<\/strong><br \/><strong>Animateur \/ pr\u00e9sentateur<\/strong><br \/><strong><a href=\"https:\/\/presseagence.fr\/toulon-meteo-vendredi-le-ciel-parfaitement-degage-sur-la-region\/mailto:Contact@thierrycari.com\" rel=\"nofollow noopener\" target=\"_blank\">Contact@thierrycari.com<\/a><\/strong><br \/><strong><a href=\"http:\/\/www.thierrycari.com\" rel=\"nofollow noopener\" target=\"_blank\">www.thierrycari.com<\/a><\/strong><\/p>\n","protected":false},"excerpt":{"rendered":"Ce vendredi, le ciel restera\u00a0parfaitement d\u00e9gag\u00e9\u00a0sur l\u2019ensemble de la r\u00e9gion Provence-Alpes-C\u00f4te d\u2019Azur. Le soleil brillera, accompagn\u00e9 d\u2019un mistral&hellip;\n","protected":false},"author":2,"featured_media":252142,"comment_status":"","ping_status":"","sticky":false,"template":"","format":"standard","meta":{"footnotes":""},"categories":[9619],"tags":[1111,11,1777,674,1011,27,12,882,25,2310],"class_list":{"0":"post-384812","1":"post","2":"type-post","3":"status-publish","4":"format-standard","5":"has-post-thumbnail","7":"category-toulon","8":"tag-actu","9":"tag-actualites","10":"tag-eu","11":"tag-europe","12":"tag-fr","13":"tag-france","14":"tag-news","15":"tag-provence-alpes-cote-dazur","16":"tag-republique-francaise","17":"tag-toulon"},"share_on_mastodon":{"url":"https:\/\/pubeurope.com\/@fr\/115190295672215531","error":""},"_links":{"self":[{"href":"https:\/\/www.europesays.com\/fr\/wp-json\/wp\/v2\/posts\/384812","targetHints":{"allow":["GET"]}}],"collection":[{"href":"https:\/\/www.europesays.com\/fr\/wp-json\/wp\/v2\/posts"}],"about":[{"href":"https:\/\/www.europesays.com\/fr\/wp-json\/wp\/v2\/types\/post"}],"author":[{"embeddable":true,"href":"https:\/\/www.europesays.com\/fr\/wp-json\/wp\/v2\/users\/2"}],"replies":[{"embeddable":true,"href":"https:\/\/www.europesays.com\/fr\/wp-json\/wp\/v2\/comments?post=384812"}],"version-history":[{"count":0,"href":"https:\/\/www.europesays.com\/fr\/wp-json\/wp\/v2\/posts\/384812\/revisions"}],"wp:featuredmedia":[{"embeddable":true,"href":"https:\/\/www.europesays.com\/fr\/wp-json\/wp\/v2\/media\/252142"}],"wp:attachment":[{"href":"https:\/\/www.europesays.com\/fr\/wp-json\/wp\/v2\/media?parent=384812"}],"wp:term":[{"taxonomy":"category","embeddable":true,"href":"https:\/\/www.europesays.com\/fr\/wp-json\/wp\/v2\/categories?post=384812"},{"taxonomy":"post_tag","embeddable":true,"href":"https:\/\/www.europesays.com\/fr\/wp-json\/wp\/v2\/tags?post=384812"}],"curies":[{"name":"wp","href":"https:\/\/api.w.org\/{rel}","templated":true}]}}