{"id":384813,"date":"2025-09-12T08:06:26","date_gmt":"2025-09-12T08:06:26","guid":{"rendered":"https:\/\/www.europesays.com\/fr\/384813\/"},"modified":"2025-09-12T08:06:26","modified_gmt":"2025-09-12T08:06:26","slug":"violence-et-outrage-contre-le-maire-de-perols-pres-de-montpellier-six-mois-de-prison-avec-sursis","status":"publish","type":"post","link":"https:\/\/www.europesays.com\/fr\/384813\/","title":{"rendered":"Violence et outrage contre le maire de P\u00e9rols pr\u00e8s de Montpellier\u00a0: six mois de prison avec sursis"},"content":{"rendered":"<p>\n                                                                Jean-Pierre Rico, le maire de P\u00e9rols, avait \u00e9t\u00e9 violemment pris \u00e0 partie devant l\u2019h\u00f4tel de ville de sa commune, le 31\u00a0janvier dernier. La police municipale s\u2019\u00e9tait interpos\u00e9e.\n                            <\/p>\n<p>Six mois de prison avec sursis avec mise \u00e0 l\u2019\u00e9preuve pendant deux ans, interdiction d\u2019entrer en contact avec le maire de P\u00e9rols et de para\u00eetre \u00e0 l\u2019h\u00f4tel de ville de la commune, obligation d\u2019indemniser l\u2019\u00e9lu et de rembourser les frais de justice engag\u00e9s. Le tout, avec ex\u00e9cution provisoire.<\/p>\n<p>C\u2019est la sanction prononc\u00e9e jeudi 11\u00a0septembre par le tribunal correctionnel de Montpellier \u00e0 l\u2019encontre de l\u2019homme qui avait violent\u00e9 et outrag\u00e9 Jean-Pierre Rico, le 31\u00a0janvier dernier devant sa mairie.<\/p>\n<p>Venu consulter les comptes du club taurin<\/p>\n<p>Le mis en cause, bien connu dans le milieu des courses camarguaises, s\u2019\u00e9tait pr\u00e9sent\u00e9 \u00e0 la mairie pour consulter les comptes du club taurin de P\u00e9rols. Le maire lui avait expliqu\u00e9 qu\u2019il devait en faire la demande par \u00e9crit et l\u2019avait raccompagn\u00e9 dans le calme. C\u2019est en comprenant que la police municipale avait \u00e9t\u00e9 alert\u00e9e que l\u2019individu s\u2019en \u00e9tait pris \u00e0 Jean-Pierre Rico, prof\u00e9rant des insultes et le saisissant par ses v\u00eatements. Le maire avait d\u00e9pos\u00e9 plainte.<\/p>\n<p>\u00c0 la barre du tribunal, le pr\u00e9venu, 57 ans, dont trente pass\u00e9s dans la vie associative (football et course camarguaise) nie toute violence de sa part. \u00ab\u00a0Pour vous, ce n\u2019est pas de la violence de saisir quelqu\u2019un par sa veste\u00a0?\u00a0\u00bb, lui demande la pr\u00e9sidente, Ilana Lachkar. \u00ab\u00a0Non\u00a0\u00bb, r\u00e9pond-il, expliquant cet incident par une bousculade qui serait survenue avec le maire et les policiers municipaux, dans le sas exigu de l\u2019h\u00f4tel de ville, au moment o\u00f9 il partait. Par ailleurs, il nie les insultes et tout diff\u00e9rend avec Jean-Pierre Rico.<\/p>\n<p>D\u00e9j\u00e0 condamn\u00e9 pour outrage et r\u00e9bellion<\/p>\n<p>\u00ab\u00a0La police municipale a donc menti dans son rapport\u00a0?\u00a0\u00bb, l\u2019interpelle la procureure Estelle Bois.\u00a0\u00ab\u00a0Oui, elle a menti\u00a0\u00bb, soutient le quinquag\u00e9naire, quatre condamnations au casier judiciaire, dont une pour outrage et r\u00e9bellion.<\/p>\n<p>L\u2019avocate du maire de P\u00e9rols, Me Anne-Sophie Dehant, d\u00e9crit un individu qui \u00ab\u00a0explose\u00a0\u00bb devant son client lors de cette altercation. \u00ab\u00a0Monsieur Rico est de bonne composition car il aurait pu demander qu\u2019on l\u2019interpelle. Ce qui me d\u00e9range, c\u2019est qu\u2019il ne fait preuve d\u2019aucune remise en question. Les maires sont de plus en plus attaqu\u00e9s par des citoyens. C\u2019est quelque chose qu\u2019il faut combattre\u00a0\u00bb.<\/p>\n<p>\u00ab\u00a0Je m\u2019\u00e9trangle quand j\u2019entends monsieur dire que la police municipale a fait un faux. Si on avait voulu vous enfoncer, elle vous aurait pass\u00e9 les menottes\u00a0\u00bb, adresse la procureure au pr\u00e9venu. Elle pointe un homme \u00ab\u00a0qui a du mal \u00e0 garder ses nerfs et \u00e0 surveiller son langage\u00a0\u00bb et requiert six mois de prison avec\u00a0sursis probatoire pendant deux ans.<\/p>\n<p>\u00ab\u00a0L\u2019enqu\u00eate \u00e0 d\u00e9charge n\u2019a pas \u00e9t\u00e9 r\u00e9alis\u00e9e\u00a0\u00bb<\/p>\n<p>En d\u00e9fense, Me Khadija Aoudia, du barreau de N\u00eemes, hausse le ton pour d\u00e9noncer \u00ab\u00a0une violation manifeste de l\u2019article\u00a066 de la Constitution\u00a0\u00bb sur la protection de la libert\u00e9 individuelle, et le recours du maire aux forces de l\u2019ordre \u00ab\u00a0alors qu\u2019il n\u2019y avait aucune infraction, aucun trouble \u00e0 l\u2019ordre public\u00a0\u00bb\u00a0lorsque son client s\u2019est pr\u00e9sent\u00e9 \u00e0 la mairie. L\u2019avocate s\u2019interroge en outre sur un rapport d\u2019intervention qui correspond \u00ab\u00a0mot pour mot\u00a0\u00bb aux propos rapport\u00e9s par Jean-Pierre Rico, et estime que \u00ab\u00a0l\u2019enqu\u00eate \u00e0 d\u00e9charge n\u2019a pas \u00e9t\u00e9 r\u00e9alis\u00e9e\u00a0\u00bb.<\/p>\n<p>Apr\u00e8s d\u00e9lib\u00e9ration, le tribunal a n\u00e9anmoins suivi les r\u00e9quisitions du minist\u00e8re public en reconnaissant le pr\u00e9venu coupable des faits reproch\u00e9s.<\/p>\n","protected":false},"excerpt":{"rendered":"Jean-Pierre Rico, le maire de P\u00e9rols, avait \u00e9t\u00e9 violemment pris \u00e0 partie devant l\u2019h\u00f4tel de ville de sa&hellip;\n","protected":false},"author":2,"featured_media":384814,"comment_status":"","ping_status":"","sticky":false,"template":"","format":"standard","meta":{"footnotes":""},"categories":[9599],"tags":[1111,11,1777,674,1011,27,2208,12,2680,25],"class_list":{"0":"post-384813","1":"post","2":"type-post","3":"status-publish","4":"format-standard","5":"has-post-thumbnail","7":"category-montpellier","8":"tag-actu","9":"tag-actualites","10":"tag-eu","11":"tag-europe","12":"tag-fr","13":"tag-france","14":"tag-montpellier","15":"tag-news","16":"tag-occitanie","17":"tag-republique-francaise"},"share_on_mastodon":{"url":"https:\/\/pubeurope.com\/@fr\/115190299604480923","error":""},"_links":{"self":[{"href":"https:\/\/www.europesays.com\/fr\/wp-json\/wp\/v2\/posts\/384813","targetHints":{"allow":["GET"]}}],"collection":[{"href":"https:\/\/www.europesays.com\/fr\/wp-json\/wp\/v2\/posts"}],"about":[{"href":"https:\/\/www.europesays.com\/fr\/wp-json\/wp\/v2\/types\/post"}],"author":[{"embeddable":true,"href":"https:\/\/www.europesays.com\/fr\/wp-json\/wp\/v2\/users\/2"}],"replies":[{"embeddable":true,"href":"https:\/\/www.europesays.com\/fr\/wp-json\/wp\/v2\/comments?post=384813"}],"version-history":[{"count":0,"href":"https:\/\/www.europesays.com\/fr\/wp-json\/wp\/v2\/posts\/384813\/revisions"}],"wp:featuredmedia":[{"embeddable":true,"href":"https:\/\/www.europesays.com\/fr\/wp-json\/wp\/v2\/media\/384814"}],"wp:attachment":[{"href":"https:\/\/www.europesays.com\/fr\/wp-json\/wp\/v2\/media?parent=384813"}],"wp:term":[{"taxonomy":"category","embeddable":true,"href":"https:\/\/www.europesays.com\/fr\/wp-json\/wp\/v2\/categories?post=384813"},{"taxonomy":"post_tag","embeddable":true,"href":"https:\/\/www.europesays.com\/fr\/wp-json\/wp\/v2\/tags?post=384813"}],"curies":[{"name":"wp","href":"https:\/\/api.w.org\/{rel}","templated":true}]}}