{"id":384815,"date":"2025-09-12T08:07:16","date_gmt":"2025-09-12T08:07:16","guid":{"rendered":"https:\/\/www.europesays.com\/fr\/384815\/"},"modified":"2025-09-12T08:07:16","modified_gmt":"2025-09-12T08:07:16","slug":"violences-sur-un-journaliste-reaction-du-prefet-ce-que-lon-sait","status":"publish","type":"post","link":"https:\/\/www.europesays.com\/fr\/384815\/","title":{"rendered":"violences sur un journaliste, r\u00e9action du pr\u00e9fet, ce que l&rsquo;on sait"},"content":{"rendered":"<p>            Par<br \/>\n        <strong><br \/>\n            <a href=\"https:\/\/actu.fr\/auteur\/jm-aubert\" title=\"Consulter tous les articles de Jean-Marc Aubert\" rel=\"nofollow noopener\" target=\"_blank\">Jean-Marc Aubert<\/a><br \/>\n        <\/strong><\/p>\n<p>        Publi\u00e9 le<\/p>\n<p>            12 sept. 2025 \u00e0 9h19<br \/>\n        ; mis \u00e0 jour le 12 sept. 2025 \u00e0 10h05    <\/p>\n<p>Un <strong>\u00e9tudiant en journalisme<\/strong>, Samuel Clauzier en alternance chez le m\u00e9dia Rue89 accuse un policier de l\u2019avoir molest\u00e9 lors de la manifestation de <strong>\u00ab\u00a0Bloquons tout\u00a0\u00bb,<\/strong> ce mercredi 10 septembre 2025, dans les rues de <strong>Montpellier<\/strong>. Que s\u2019est-il r\u00e9ellement pass\u00e9 ? Va t-il y avoir une suite judiciaire, car le journaliste indique vouloir d\u00e9poser plainte ? <strong>Samuel Clauzier<\/strong> a film\u00e9 la sc\u00e8ne\u00a0sur la place de la Com\u00e9die, une <strong>vid\u00e9o<\/strong>\u00a0en ligne sur les r\u00e9seaux sociaux, qui sera vers\u00e9e \u00e0 la proc\u00e9dure judiciaire s\u2019il porte plainte.<\/p>\n<p>    <a href=\"https:\/\/www.google.com\/maps\/embed?pb=!1m18!1m12!1m3!1d3074.870994463839!2d3.877319201006769!3d43.608383400751876!2m3!1f0!2f0!3f0!3m2!1i1024!2i768!4f13.1!3m3!1m2!1s0x12b6afa73c64b9ed%3A0xaa592f351e697ee8!2sPl.%20de%20la%20Com%C3%A9die%2C%2034000%20Montpellier!5e0!3m2!1sfr!2sfr!4v1757655076132!5m2!1sfr!2sfr\" title=\"Ouvrie le lien\" rel=\"nofollow noopener\" target=\"_blank\">Cliquez ici pour visualiser le contenu<\/a><\/p>\n<p class=\" wall-content\">\u00ab\u00a0Alors que je filme une interpellation, un policier de la compagnie d\u2019intervention me prend \u00e0 partie et m\u2019agresse \u00e0 plusieurs reprises : \u00e9tranglement, coups dans mon smartphone. Nombreuses entraves au travail de la presse depuis le d\u00e9but de la journ\u00e9e \u00e0 Montpellier\u00a0\u00bb, a \u00e9crit Samuel Clauziel sur son compte X.<\/p>\n<p class=\" wall-content\">\n<p class=\" wall-content\">Dans un communiqu\u00e9, l\u2019<strong>\u00c9cole sup\u00e9rieure de journalisme -SNJ Pro\u00a0Campus<\/strong> install\u00e9e dans la Cit\u00e9 cr\u00e9ative \u00e0 Montpellier \u00ab\u00a0condamne fermement les violences dont a \u00e9t\u00e9 victime l\u2019un de ses\u00a0\u00e9tudiants en journalisme, en reportage dans le cadre d\u2019un cours, lors de la\u00a0manifestation du 10 septembre \u00e0 Montpellier.<br \/>Cet \u00e9tudiant, en alternance chez Rue89, \u00e9tait clairement identifi\u00e9 :\u00a0titulaire d\u2019une carte de presse, <strong>porteur d\u2019un brassard \u00abpresse\u00bb<\/strong> et d\u2019un casque\u00a0estampill\u00e9 \u00ab presse \u00bb. Il s\u2019est \u00e9galement pr\u00e9sent\u00e9 verbalement comme tel aux forces de\u00a0l\u2019ordre. Malgr\u00e9 ces \u00e9l\u00e9ments, il a \u00e9t\u00e9 violemment pris \u00e0 partie par des agents cens\u00e9s\u00a0garantir la s\u00e9curit\u00e9 publique\u00a0\u00bb.<\/p>\n<p class=\" wall-content\"><strong>Sophie Merle<\/strong>, directrice de l\u2019ESJ Pro Campus ajoute que, \u00ab\u00a0agress\u00e9 physiquement, l\u2019\u00e9tudiant, dont une partie du\u00a0mat\u00e9riel a \u00e9t\u00e9 cass\u00e9, \u00e9tait en situation p\u00e9dagogique, encadr\u00e9 par notre \u00e9tablissement,\u00a0et remplissait pleinement sa mission d\u2019observation et de reportage\u00a0\u00bb. Elle rappelle que, \u00ab\u00a0l\u2019exercice du m\u00e9tier de journaliste, y compris en formation, doit\u00a0pouvoir se faire dans des conditions de s\u00e9curit\u00e9 et de respect. Ce type d\u2019agression est<br \/>non seulement inadmissible, mais aussi profond\u00e9ment inqui\u00e9tant pour la libert\u00e9 de la<br \/>presse et pour la formation des futurs professionnels de l\u2019information\u00a0\u00bb.<\/p>\n<p>Vid\u00e9os : en ce moment sur Actu<\/p>\n<p class=\" wall-content\">\n<p class=\" wall-content\">Et Sophie Merle de pr\u00e9ciser : \u00ab\u00a0L\u2019ESJ Pro Campus apporte tout son soutien \u00e0 l\u2019\u00e9tudiant concern\u00e9 et reste mobilis\u00e9e\u00a0pour d\u00e9fendre les droits et la s\u00e9curit\u00e9 de ses \u00e9l\u00e8ves dans l\u2019exercice de leur mission\u00a0d\u2019information\u00a0\u00bb.\u00a0L\u2019ESJ Pro est une filiale du groupe Centre France \u2013 La Montagne qui soutient une\u00a0presse libre, et ind\u00e9pendante\u00a0\u00bb.<\/p>\n<p>Votre r\u00e9gion, votre actu !<\/p>\n<p>Recevez chaque jour les infos qui comptent pour vous.<\/p>\n<p>\t<a href=\"https:\/\/actu.fr\/newsletter\" class=\"ac-btn ac-btn--corner ac-btn--medium ac-btn--blue800\" rel=\"nofollow noopener\" target=\"_blank\">S&rsquo;incrire<\/a><\/p>\n<p class=\" wall-content\">Ce jeudi soir, sur X, le pr\u00e9fet de l\u2019H\u00e9rault, <strong>Fran\u00e7ois-Xavier Lauch<\/strong> a publi\u00e9 une longue mise au point, d\u00e9non\u00e7ant notamment des rumeurs relatives \u00e0 un tir de LBD -Lanceur de balle de d\u00e9fense- sur des manifestants rassembl\u00e9s dans le rond-point des Pr\u00e8s d\u2019Ar\u00e8nes.<\/p>\n<p class=\" wall-content\">\n<p class=\" wall-content\">Sollicit\u00e9e dans l\u2019a foul\u00e9e par <strong>M\u00e9tropolitain <\/strong>sur les accusations qui journaliste<strong>,\u00a0<\/strong>la pr\u00e9fecture de l\u2019H\u00e9rault r\u00e9agit : \u00ab\u00a0il\u00a0\u00a0s\u2019av\u00e8re que les consignes de port du Rio et des cam\u00e9ras pi\u00e9tons \u00a0ont \u00e9t\u00e9 rappel\u00e9es avant la manifestation, ainsi que les r\u00e8gles principales du sch\u00e9ma national du maintien de l\u2019ordre, le Snmo\u00a0\u00bb.<\/p>\n<p class=\" wall-content\"><strong>C\u2019est quoi le Rio dans la police ?<\/strong>\u00a0Le R\u00e9f\u00e9rentiel des identit\u00e9s et de l\u2019organisation -Rio- est un num\u00e9ro d\u2019identification individuel que doivent porter de mani\u00e8re visible sur leur uniforme les policiers et les gendarmes.<\/p>\n<p class=\" wall-content\">Et le Snmo ?\u00a0Le <strong>sch\u00e9ma national du maintien de l\u2019ordre -Snmo<\/strong>\u2013 est, en France, un document publi\u00e9 par le minist\u00e8re de l\u2019Int\u00e9rieur, qui vise \u00e0 \u00e9tablir les modalit\u00e9s op\u00e9rationnelles du maintien de l\u2019ordre par l\u2019ensemble des forces de s\u00e9curit\u00e9 int\u00e9rieures, la police nationale et la gendarmerie nationale).\u00a0Publi\u00e9 en septembre 2020 par le ministre G\u00e9rald Darmanin, le Snmo trouve son origine dans le mouvement des Gilets jaunes, durant lequel les forces de l\u2019ordre ont \u00e9t\u00e9 d\u00e9bord\u00e9es en plusieurs occasions\u00a0; en juin 2019, le ministre de l\u2019Int\u00e9rieur d\u2019alors, Christophe Castaner, ouvrait ainsi une r\u00e9flexion sur l\u2019\u00e9volution de la doctrine du maintien de l\u2019ordre.\u00a0Il fait l\u2019objet de vives critiques des organisations repr\u00e9sentatives des journalistes et des associations de d\u00e9fense des droits de l\u2019homme et plusieurs de ses dispositions ont \u00e9t\u00e9 annul\u00e9es par le Conseil d\u2019\u00c9tat.<\/p>\n<p>\u00ab\u00a0Un engagement long et difficile\u00a0\u00bb<\/p>\n<p class=\" wall-content\">La pr\u00e9fecture confirme que, \u00ab\u00a0l\u2019engagement des policiers a \u00e9t\u00e9 extr\u00eamement long et difficile. Certains effectifs ont \u00e9t\u00e9 engag\u00e9s de 6h \u00e0 17h non stop, de Pr\u00e9s-d\u2019Ar\u00e8nes, au coeur de Montpellier.\u00a0La vid\u00e9o -partielle- diffus\u00e9e est imm\u00e9diatement post\u00e9rieure \u00e0 un bond offensif d\u2019une unit\u00e9 de la DIPN 34, au bas de la rue de la loge et au pied de l\u2019Op\u00e9ra Com\u00e9die et avait pour fond le fait que le policier aurait \u00e9t\u00e9 emp\u00each\u00e9 de r\u00e9aliser les interpellations, par ailleurs demand\u00e9es en salle op\u00e9rationnelle, d\u2019o\u00f9 a \u00e9t\u00e9 donn\u00e9 le feu vert\u00a0\u00bb.<\/p>\n<p class=\" wall-content\">\u00ab\u00a0Pour m\u00e9moire le Snmo autorise la presse \u00e0 effectuer son travail, y compris apr\u00e8s les sommations. Pour autant, la presse ne peut s\u2019opposer \u00e0 la force publique et aux interpellations.\u00a0Juste avant ces faits, les policiers \u00e9taient aux prises de quelques centaines d\u2019individus lan\u00e7ant des projectiles sur les forces de l\u2019ordre et les invectivant. C\u2019est d\u2019ailleurs \u00e0 ce titre que la majeure partie des interpellations ont \u00e9t\u00e9 r\u00e9alis\u00e9es.\u00a0Le pr\u00e9fet de l\u2019H\u00e9rault dit son attachement \u00e0 appliquer le Snmo et son attention \u00e0 ce que chaque partie le fasse\u00a0\u00bb, souligne la pr\u00e9fecture de l\u2019H\u00e9rault.\u00a0<\/p>\n<p>Manifestation ill\u00e9gale<\/p>\n<p class=\" wall-content\">Cette sc\u00e8ne d\u2019un policier national molestant le journaliste a eu de nombreux t\u00e9moins directs, dont un policier en civil de la brigade anti-criminalit\u00e9 -Bac- du commissariat central, accouru pour calmer la situation.<\/p>\n<p class=\" wall-content\">Le pr\u00e9fet de l\u2019H\u00e9rault rappelle que <strong>cette manifestation de jeudi \u00e9tait ill\u00e9gale<\/strong>, car aucune de demande d\u2019autorisation n\u2019a \u00e9t\u00e9 d\u00e9pos\u00e9e en amont, contrairement \u00e0 la mobilisation pr\u00e9vue jeudi 18 septembre en France, avec un d\u00e9fil\u00e9 \u00e0 Montpellier qui s\u2019annonce important, car des syndicats absents dans le cort\u00e8ge ce jeudi, comme les salari\u00e9s de TaM 3M et de la SNCF annoncent leur pr\u00e9sence.<\/p>\n<p class=\" wall-content\">Personnalisez votre actualit\u00e9 en ajoutant vos villes et m\u00e9dias en favori avec <a href=\"https:\/\/moncompte.actu.fr\" title=\"D\u00e9couvez Mon Actu\" rel=\"nofollow noopener\" data-trk=\"{&quot;cta&quot;:{&quot;action&quot;:&quot;https:\\\/\\\/moncompte.actu.fr&quot;,&quot;category&quot;:&quot;mon compte&quot;,&quot;from&quot;:&quot;article footer&quot;,&quot;name&quot;:&quot;Mon actu&quot;,&quot;type&quot;:&quot;cta&quot;}}\" target=\"_blank\">Mon Actu<\/a>.<\/p>\n","protected":false},"excerpt":{"rendered":"Par Jean-Marc Aubert Publi\u00e9 le 12 sept. 2025 \u00e0 9h19 ; mis \u00e0 jour le 12 sept. 2025&hellip;\n","protected":false},"author":2,"featured_media":380872,"comment_status":"","ping_status":"","sticky":false,"template":"","format":"standard","meta":{"footnotes":""},"categories":[9599],"tags":[1111,11,47212,1777,674,118,1011,27,2208,12,2680,1072,25],"class_list":{"0":"post-384815","1":"post","2":"type-post","3":"status-publish","4":"format-standard","5":"has-post-thumbnail","7":"category-montpellier","8":"tag-actu","9":"tag-actualites","10":"tag-bloquons-tout","11":"tag-eu","12":"tag-europe","13":"tag-faits-divers","14":"tag-fr","15":"tag-france","16":"tag-montpellier","17":"tag-news","18":"tag-occitanie","19":"tag-police","20":"tag-republique-francaise"},"share_on_mastodon":{"url":"https:\/\/pubeurope.com\/@fr\/115190303738779357","error":""},"_links":{"self":[{"href":"https:\/\/www.europesays.com\/fr\/wp-json\/wp\/v2\/posts\/384815","targetHints":{"allow":["GET"]}}],"collection":[{"href":"https:\/\/www.europesays.com\/fr\/wp-json\/wp\/v2\/posts"}],"about":[{"href":"https:\/\/www.europesays.com\/fr\/wp-json\/wp\/v2\/types\/post"}],"author":[{"embeddable":true,"href":"https:\/\/www.europesays.com\/fr\/wp-json\/wp\/v2\/users\/2"}],"replies":[{"embeddable":true,"href":"https:\/\/www.europesays.com\/fr\/wp-json\/wp\/v2\/comments?post=384815"}],"version-history":[{"count":0,"href":"https:\/\/www.europesays.com\/fr\/wp-json\/wp\/v2\/posts\/384815\/revisions"}],"wp:featuredmedia":[{"embeddable":true,"href":"https:\/\/www.europesays.com\/fr\/wp-json\/wp\/v2\/media\/380872"}],"wp:attachment":[{"href":"https:\/\/www.europesays.com\/fr\/wp-json\/wp\/v2\/media?parent=384815"}],"wp:term":[{"taxonomy":"category","embeddable":true,"href":"https:\/\/www.europesays.com\/fr\/wp-json\/wp\/v2\/categories?post=384815"},{"taxonomy":"post_tag","embeddable":true,"href":"https:\/\/www.europesays.com\/fr\/wp-json\/wp\/v2\/tags?post=384815"}],"curies":[{"name":"wp","href":"https:\/\/api.w.org\/{rel}","templated":true}]}}