{"id":384816,"date":"2025-09-12T08:08:08","date_gmt":"2025-09-12T08:08:08","guid":{"rendered":"https:\/\/www.europesays.com\/fr\/384816\/"},"modified":"2025-09-12T08:08:08","modified_gmt":"2025-09-12T08:08:08","slug":"cest-bientot-le-weekend-voici-nos-idees-de-sorties-a-rouen","status":"publish","type":"post","link":"https:\/\/www.europesays.com\/fr\/384816\/","title":{"rendered":"C&rsquo;est bient\u00f4t le weekend ! Voici nos id\u00e9es de sorties \u00e0 Rouen"},"content":{"rendered":"<p>            Par<br \/>\n        <strong><br \/>\n            <a href=\"https:\/\/actu.fr\/auteur\/julien-bouteiller\" title=\"Consulter tous les articles de Julien Bouteiller\" rel=\"nofollow noopener\" target=\"_blank\">Julien Bouteiller<\/a><br \/>\n        <\/strong><\/p>\n<p>        Publi\u00e9 le<\/p>\n<p>            12 sept. 2025 \u00e0 9h56        <\/p>\n<p>Clairement, le beau temps ne sera pas au rendez-vous. Mais on pourra tout de m\u00eame profiter de ce weekend <strong>pour sortir un peu<\/strong>. On a justement <strong>quelques id\u00e9es pour bouger \u00e0 Rouen<\/strong> ces samedi 13 et dimanche 14 septembre 2025.<\/p>\n<p>D\u00e9couvrir un nouveau bar<\/p>\n<p class=\" wall-content\">Vous avez d\u00e9j\u00e0 bu un verre <strong>avec un avion juste au-dessus de votre t\u00eate<\/strong> ? Non ? Et bien c\u2019est possible maintenant \u00e0 Rouen, <a href=\"https:\/\/actu.fr\/normandie\/rouen_76540\/un-avion-au-plafond-decouvrez-le-tarmac-nouveau-bar-de-la-place-saint-marc-a-rouen_63103109.html\" rel=\"nofollow noopener\" target=\"_blank\">en vous rendant au Tarmac<\/a>. Ce nouveau bar <strong>remplace Alaf\u00fbt, place Saint-Marc,<\/strong> et propose un d\u00e9cor pour le moins insolite. \u00c0 tester !<\/p>\n<p><b>Session shopping \u00e0 la braderie<\/b><\/p>\n<p class=\" wall-content\">C\u2019est d\u00e9sormais un rendez-vous bien install\u00e9. <a href=\"https:\/\/actu.fr\/normandie\/rouen_76540\/manif-du-10-septembre-et-braderie-des-commercants-feront-ils-bon-menage-a-rouen_63130944.html\" rel=\"nofollow noopener\" target=\"_blank\">La braderie des commer\u00e7ants<\/a> bat d\u00e9j\u00e0 son plein et se poursuit ce weekend. Au programme, <strong>de bonnes affaires chez les commer\u00e7ants<\/strong> qui d\u00e9ballent leurs \u00e9tals, mais aussi une roue de la chance pour gagner des cadeaux et une fanfare ce samedi, pour l\u2019ambiance.<\/p>\n<p><b>Des livres mais pas que<\/b><\/p>\n<p class=\" wall-content\"><strong>Les amateurs de lecture<\/strong> ont rendez-vous en bord de Seine ce dimanche. L\u2019\u00e9v\u00e9nement <a href=\"https:\/\/www.visiterouen.com\/offres\/quai-des-livres-et-des-vinyles-rouen-fr-5877685\/\" rel=\"nofollow noopener\" target=\"_blank\">Quai des Livres<\/a> est de retour, <strong>entre les ponts Guillaume-le-Conqu\u00e9rant et Flaubert<\/strong>. Un grand <strong>march\u00e9 de livres, vinyles et jeux<\/strong> sera install\u00e9, pour les curieux et les chineurs. Des auteurs seront \u00e9galement pr\u00e9sents pour des rencontres et d\u00e9dicaces.<\/p>\n<p>Une grande foire \u00e0 tout<\/p>\n<p class=\" wall-content\">Toujours pour les chineurs, rendez-vous <strong>dans le quartier de la Croix de Pierre<\/strong> ce dimanche, pour la traditionnelle <strong>foire \u00e0 tout<\/strong>. Il y aura de quoi faire puisque plus d\u2019une centaine d\u2019exposants sont annonc\u00e9s, de 7h \u00e0 18h <strong>dans les rues Saint-Vivien, Saint-Hilaire et \u00c9douard-Adam.<\/strong><\/p>\n<p>Un concert dans un lieu atypique<\/p>\n<p class=\" wall-content\">Samedi soir, vous pourrez profiter d\u2019un concert dans un lieu atypique. Pour la deuxi\u00e8me fois,<strong> l\u2019\u00c9glise-Brasserie Saint-Nicaise<\/strong> accueille <a href=\"https:\/\/www.facebook.com\/events\/24689816937279220\/?acontext=%7B%22event_action_history%22%3A%5B%7B%22surface%22%3A%22home%22%7D%2C%7B%22mechanism%22%3A%22attachment%22%2C%22surface%22%3A%22newsfeed%22%7D%5D%2C%22ref_notif_type%22%3Anull%7D\" rel=\"nofollow noopener\" target=\"_blank\">la chorale de l\u2019Ensemble Akhora<\/a>. Le groupe proposera un\u00a0Voyage en eaux sonores avec des chants marins et spirituels.\u00a0<\/p>\n<p>Suivez l\u2019actualit\u00e9 de Rouen <a href=\"https:\/\/www.whatsapp.com\/channel\/0029VaKfnf99hXF2ddApFB1D\" rel=\"nofollow noopener\" target=\"_blank\">sur notre cha\u00eene WhatsApp<\/a> et <a href=\"https:\/\/www.tiktok.com\/@76actu.fr?lang=fr\" rel=\"nofollow noopener\" target=\"_blank\">sur notre compte TikTok<\/a>Vous souhaitez annoncer un \u00e9v\u00e9nement festif ou associatif, une initiative locale ? Rendez-vous sur notre plateforme <a href=\"https:\/\/www.infolocale.fr\/decouvrir\/actu\/\" rel=\"nofollow noopener\" target=\"_blank\">Infolocale<\/a>.<\/p>\n<p class=\" wall-content\">Personnalisez votre actualit\u00e9 en ajoutant vos villes et m\u00e9dias en favori avec <a href=\"https:\/\/moncompte.actu.fr\" title=\"D\u00e9couvez Mon Actu\" rel=\"nofollow noopener\" data-trk=\"{&quot;cta&quot;:{&quot;action&quot;:&quot;https:\\\/\\\/moncompte.actu.fr&quot;,&quot;category&quot;:&quot;mon compte&quot;,&quot;from&quot;:&quot;article footer&quot;,&quot;name&quot;:&quot;Mon actu&quot;,&quot;type&quot;:&quot;cta&quot;}}\" target=\"_blank\">Mon Actu<\/a>.<\/p>\n<p>                    <script async src=\"\/\/www.tiktok.com\/embed.js\"><\/script><\/p>\n","protected":false},"excerpt":{"rendered":"Par Julien Bouteiller Publi\u00e9 le 12 sept. 2025 \u00e0 9h56 Clairement, le beau temps ne sera pas au&hellip;\n","protected":false},"author":2,"featured_media":384817,"comment_status":"","ping_status":"","sticky":false,"template":"","format":"standard","meta":{"footnotes":""},"categories":[9587],"tags":[1111,11,9086,1777,674,1011,27,1652,12,5161,25,9590],"class_list":{"0":"post-384816","1":"post","2":"type-post","3":"status-publish","4":"format-standard","5":"has-post-thumbnail","7":"category-rouen","8":"tag-actu","9":"tag-actualites","10":"tag-bon-plan-a-rouen","11":"tag-eu","12":"tag-europe","13":"tag-fr","14":"tag-france","15":"tag-loisirs-culture","16":"tag-news","17":"tag-normandie","18":"tag-republique-francaise","19":"tag-rouen"},"share_on_mastodon":{"url":"https:\/\/pubeurope.com\/@fr\/115190307576817680","error":""},"_links":{"self":[{"href":"https:\/\/www.europesays.com\/fr\/wp-json\/wp\/v2\/posts\/384816","targetHints":{"allow":["GET"]}}],"collection":[{"href":"https:\/\/www.europesays.com\/fr\/wp-json\/wp\/v2\/posts"}],"about":[{"href":"https:\/\/www.europesays.com\/fr\/wp-json\/wp\/v2\/types\/post"}],"author":[{"embeddable":true,"href":"https:\/\/www.europesays.com\/fr\/wp-json\/wp\/v2\/users\/2"}],"replies":[{"embeddable":true,"href":"https:\/\/www.europesays.com\/fr\/wp-json\/wp\/v2\/comments?post=384816"}],"version-history":[{"count":0,"href":"https:\/\/www.europesays.com\/fr\/wp-json\/wp\/v2\/posts\/384816\/revisions"}],"wp:featuredmedia":[{"embeddable":true,"href":"https:\/\/www.europesays.com\/fr\/wp-json\/wp\/v2\/media\/384817"}],"wp:attachment":[{"href":"https:\/\/www.europesays.com\/fr\/wp-json\/wp\/v2\/media?parent=384816"}],"wp:term":[{"taxonomy":"category","embeddable":true,"href":"https:\/\/www.europesays.com\/fr\/wp-json\/wp\/v2\/categories?post=384816"},{"taxonomy":"post_tag","embeddable":true,"href":"https:\/\/www.europesays.com\/fr\/wp-json\/wp\/v2\/tags?post=384816"}],"curies":[{"name":"wp","href":"https:\/\/api.w.org\/{rel}","templated":true}]}}