{"id":384818,"date":"2025-09-12T08:09:12","date_gmt":"2025-09-12T08:09:12","guid":{"rendered":"https:\/\/www.europesays.com\/fr\/384818\/"},"modified":"2025-09-12T08:09:12","modified_gmt":"2025-09-12T08:09:12","slug":"des-dizaines-de-manifestants-rassembles-devant-le-site-damazon-a-saint-etienne-du-rouvray","status":"publish","type":"post","link":"https:\/\/www.europesays.com\/fr\/384818\/","title":{"rendered":"des dizaines de manifestants\u00a0rassembl\u00e9s devant le site d&rsquo;Amazon \u00e0 Saint-Etienne-du-Rouvray"},"content":{"rendered":"<p melodystyle=\"texte\">Une op\u00e9ration de blocage est en cours depuis 5h du matin, vendredi 12\u00a0septembre, devant le site d&rsquo;Amazon \u00e0 Saint-Etienne-du-Rouvray pr\u00e8s de Rouen \u00e0 l&rsquo;initiative des partisans du <a href=\"https:\/\/www.tendanceouest.com\/actualite-431933-live-mouvement-bloquons-tout-en-normandie-suivez-en-direct-toutes-les-actions-menees\" target=\"_blank\" rel=\"nofollow noopener\">mouvement \u00ab\u00a0Bloquons Tout\u00a0\u00bb dont les actions se poursuivent au-del\u00e0 de la journ\u00e9e du 10\u00a0septembre<\/a>.<\/p>\n<p melodystyle=\"texte\">Les manifestants revendiquent \u00ab\u00a0une cinquantaine de citoyennes et citoyens\u00a0\u00bb devant le site \u00e0 proximit\u00e9 du d\u00e9p\u00f4t Amazon avec \u00ab\u00a0palettes et pneus\u00a0\u00bb, tandis que la police \u00e9voque entre 20 et 40 personnes sur place.<\/p>\n<p melodystyle=\"texte\"><b>\u2022 A lire aussi.\u00a0<\/b><a href=\"https:\/\/www.tendanceouest.com\/actualite-432002-journee-bloquons-tout-apres-l-assemblee-generale-a-rouen-quelles-suites-pour-le-mouvement\" rel=\"nofollow noopener\" target=\"_blank\">Journ\u00e9e \u00ab\u00a0Bloquons tout\u00a0\u00bb. Apr\u00e8s l&rsquo;assembl\u00e9e g\u00e9n\u00e9rale \u00e0 Rouen, quelles suites pour le mouvement\u00a0?<\/a><\/p>\n<p>D&rsquo;autres actions<\/p>\n<p melodystyle=\"texte\">Une autre\u00a0action du collectif est pr\u00e9vue dans l&rsquo;apr\u00e8s-midi pour une op\u00e9ration de tractage devant la maison d&rsquo;arr\u00eat de Rouen pour informer le public sur la manifestation du samedi 13\u00a0septembre, d\u00e9cid\u00e9 la veille en assembl\u00e9e g\u00e9n\u00e9rale. Le cort\u00e8ge doit partir de la place Saint-Sever \u00e0 15h pour s&rsquo;achever \u00e0 l&rsquo;h\u00f4tel de Ville et terminer en assembl\u00e9e g\u00e9n\u00e9rale.<\/p><\/p>\n","protected":false},"excerpt":{"rendered":"Une op\u00e9ration de blocage est en cours depuis 5h du matin, vendredi 12\u00a0septembre, devant le site d&rsquo;Amazon \u00e0&hellip;\n","protected":false},"author":2,"featured_media":384819,"comment_status":"","ping_status":"","sticky":false,"template":"","format":"standard","meta":{"footnotes":""},"categories":[9587],"tags":[1111,11,1777,674,1011,27,12,5161,25,9590],"class_list":{"0":"post-384818","1":"post","2":"type-post","3":"status-publish","4":"format-standard","5":"has-post-thumbnail","7":"category-rouen","8":"tag-actu","9":"tag-actualites","10":"tag-eu","11":"tag-europe","12":"tag-fr","13":"tag-france","14":"tag-news","15":"tag-normandie","16":"tag-republique-francaise","17":"tag-rouen"},"share_on_mastodon":{"url":"https:\/\/pubeurope.com\/@fr\/115190311502220997","error":""},"_links":{"self":[{"href":"https:\/\/www.europesays.com\/fr\/wp-json\/wp\/v2\/posts\/384818","targetHints":{"allow":["GET"]}}],"collection":[{"href":"https:\/\/www.europesays.com\/fr\/wp-json\/wp\/v2\/posts"}],"about":[{"href":"https:\/\/www.europesays.com\/fr\/wp-json\/wp\/v2\/types\/post"}],"author":[{"embeddable":true,"href":"https:\/\/www.europesays.com\/fr\/wp-json\/wp\/v2\/users\/2"}],"replies":[{"embeddable":true,"href":"https:\/\/www.europesays.com\/fr\/wp-json\/wp\/v2\/comments?post=384818"}],"version-history":[{"count":0,"href":"https:\/\/www.europesays.com\/fr\/wp-json\/wp\/v2\/posts\/384818\/revisions"}],"wp:featuredmedia":[{"embeddable":true,"href":"https:\/\/www.europesays.com\/fr\/wp-json\/wp\/v2\/media\/384819"}],"wp:attachment":[{"href":"https:\/\/www.europesays.com\/fr\/wp-json\/wp\/v2\/media?parent=384818"}],"wp:term":[{"taxonomy":"category","embeddable":true,"href":"https:\/\/www.europesays.com\/fr\/wp-json\/wp\/v2\/categories?post=384818"},{"taxonomy":"post_tag","embeddable":true,"href":"https:\/\/www.europesays.com\/fr\/wp-json\/wp\/v2\/tags?post=384818"}],"curies":[{"name":"wp","href":"https:\/\/api.w.org\/{rel}","templated":true}]}}