{"id":384820,"date":"2025-09-12T08:10:14","date_gmt":"2025-09-12T08:10:14","guid":{"rendered":"https:\/\/www.europesays.com\/fr\/384820\/"},"modified":"2025-09-12T08:10:14","modified_gmt":"2025-09-12T08:10:14","slug":"dix-sites-grenoblois-ouvrent-au-public-pour-les-journees-du-patrimoine","status":"publish","type":"post","link":"https:\/\/www.europesays.com\/fr\/384820\/","title":{"rendered":"Dix sites grenoblois ouvrent au public pour les Journ\u00e9es du patrimoine"},"content":{"rendered":"<p>                            <img loading=\"lazy\" width=\"1014\" height=\"633\" class=\"attachment-article size-article wp-post-image lazyload\" alt=\"\" decoding=\"async\" src=\"https:\/\/www.europesays.com\/fr\/wp-content\/uploads\/2025\/09\/000_LB0B3-scaled-e1723021593119.jpg\" data-eio-rwidth=\"1014\" data-eio-rheight=\"633\"\/><\/p>\n<p>Vue g\u00e9n\u00e9rale de Grenoble (Photo JEAN-PIERRE CLATOT \/ AFP)<\/p>\n<p class=\"content\" style=\"font-size:1.2em;font-weight:700\">\u00c0 l&rsquo;occasion des Journ\u00e9es du patrimoine qui se tiendront les 19 et 20 septembre prochains, Grenoble Alpes M\u00e9tropole ouvrira au public dix de ses \u00e9quipements. <\/p>\n<p>A l&rsquo;occasion des Journ\u00e9es du patrimoine, Grenoble Alpes M\u00e9tropole ouvrira les portes de dix de ses \u00e9quipements au public les 19 et 20 septembre prochains. Parmi ces dix lieux se trouvent notamment : les archives municipales et m\u00e9tropolitaines de Grenoble, le centre de sciences m\u00e9tropolitain \u00ab\u00a0Cosmocit\u00e9\u00a0\u00bb, la station d&rsquo;\u00e9puration \u00ab\u00a0Aquapole\u00a0\u00bb, la maison de la culture de Grenoble, ou encore, le centre de tri des d\u00e9chets de La Tronche. <\/p>\n<p>Les visites de site sont accessibles gratuitement dans la limite des places disponibles. Les int\u00e9ress\u00e9s sont invit\u00e9s \u00e0 s&rsquo;inscrire sur <a href=\"https:\/\/services.demarches.grenoblealpesmetropole.fr\/s-inscrire-a-une-activite-a-un-service\/visite-centre-technique-vizille\/\" rel=\"nofollow noopener\" target=\"_blank\">le site de la M\u00e9tropole. <\/a><\/p>\n<p><strong>Lire aussi : <\/strong><\/p>\n","protected":false},"excerpt":{"rendered":"Vue g\u00e9n\u00e9rale de Grenoble (Photo JEAN-PIERRE CLATOT \/ AFP) \u00c0 l&rsquo;occasion des Journ\u00e9es du patrimoine qui se tiendront&hellip;\n","protected":false},"author":2,"featured_media":384821,"comment_status":"","ping_status":"","sticky":false,"template":"","format":"standard","meta":{"footnotes":""},"categories":[9566],"tags":[1111,11,2430,1777,674,1011,27,2731,12,25],"class_list":{"0":"post-384820","1":"post","2":"type-post","3":"status-publish","4":"format-standard","5":"has-post-thumbnail","7":"category-grenoble","8":"tag-actu","9":"tag-actualites","10":"tag-auvergne-rhone-alpes","11":"tag-eu","12":"tag-europe","13":"tag-fr","14":"tag-france","15":"tag-grenoble","16":"tag-news","17":"tag-republique-francaise"},"share_on_mastodon":{"url":"https:\/\/pubeurope.com\/@fr\/115190316160764041","error":""},"_links":{"self":[{"href":"https:\/\/www.europesays.com\/fr\/wp-json\/wp\/v2\/posts\/384820","targetHints":{"allow":["GET"]}}],"collection":[{"href":"https:\/\/www.europesays.com\/fr\/wp-json\/wp\/v2\/posts"}],"about":[{"href":"https:\/\/www.europesays.com\/fr\/wp-json\/wp\/v2\/types\/post"}],"author":[{"embeddable":true,"href":"https:\/\/www.europesays.com\/fr\/wp-json\/wp\/v2\/users\/2"}],"replies":[{"embeddable":true,"href":"https:\/\/www.europesays.com\/fr\/wp-json\/wp\/v2\/comments?post=384820"}],"version-history":[{"count":0,"href":"https:\/\/www.europesays.com\/fr\/wp-json\/wp\/v2\/posts\/384820\/revisions"}],"wp:featuredmedia":[{"embeddable":true,"href":"https:\/\/www.europesays.com\/fr\/wp-json\/wp\/v2\/media\/384821"}],"wp:attachment":[{"href":"https:\/\/www.europesays.com\/fr\/wp-json\/wp\/v2\/media?parent=384820"}],"wp:term":[{"taxonomy":"category","embeddable":true,"href":"https:\/\/www.europesays.com\/fr\/wp-json\/wp\/v2\/categories?post=384820"},{"taxonomy":"post_tag","embeddable":true,"href":"https:\/\/www.europesays.com\/fr\/wp-json\/wp\/v2\/tags?post=384820"}],"curies":[{"name":"wp","href":"https:\/\/api.w.org\/{rel}","templated":true}]}}