{"id":384822,"date":"2025-09-12T08:11:13","date_gmt":"2025-09-12T08:11:13","guid":{"rendered":"https:\/\/www.europesays.com\/fr\/384822\/"},"modified":"2025-09-12T08:11:13","modified_gmt":"2025-09-12T08:11:13","slug":"interrompue-deux-heures-en-raison-du-heurt-dune-personne-par-un-train-la-circulation-des-ter-reprend-entre-lyon-et-grenoble","status":"publish","type":"post","link":"https:\/\/www.europesays.com\/fr\/384822\/","title":{"rendered":"interrompue deux heures en raison du heurt d&rsquo;une personne par un train, la circulation des TER reprend entre Lyon et Grenoble"},"content":{"rendered":"<p>En raison d&rsquo;une manifestation, les lignes T2 et T5 ne circulent pas sur l&rsquo;int\u00e9gralit\u00e9 de leur trac\u00e9 ce matin.<\/p>\n<p>\u27a1\ufe0f Le <strong>T2<\/strong> circule uniquement de Bron H\u00f4tel de Ville \u00e0 H\u00f4tel de R\u00e9gion Montrochet. Les stations des Aliz\u00e9s \u00e0 Saint-Priest Bel-Air ne sont plus desservies.\u00a0<\/p>\n<p>\u27a1\ufe0f Le <strong>T5<\/strong> circule uniquement de Eurexpo \u00e0 Parc du Ch\u00eane. Les stations de Grange Blanche \u00e0 Lyc\u00e9e Jean-Paul-Sartre ne sont plus desservies. Des bus relais sont mis en place entre H\u00f4tel de Ville de Bron \u00e0 Parc du Ch\u00eane.<\/p>\n<p>La reprise normale du trafic est estim\u00e9e \u00e0 11 heures par les TCL.<\/p>\n","protected":false},"excerpt":{"rendered":"En raison d&rsquo;une manifestation, les lignes T2 et T5 ne circulent pas sur l&rsquo;int\u00e9gralit\u00e9 de leur trac\u00e9 ce&hellip;\n","protected":false},"author":2,"featured_media":384823,"comment_status":"","ping_status":"","sticky":false,"template":"","format":"standard","meta":{"footnotes":""},"categories":[9566],"tags":[1111,11,2430,3542,3152,2757,3153,3154,3155,3156,1777,674,107,1011,27,2731,2428,12,25,2429,1097,2803],"class_list":{"0":"post-384822","1":"post","2":"type-post","3":"status-publish","4":"format-standard","5":"has-post-thumbnail","7":"category-grenoble","8":"tag-actu","9":"tag-actualites","10":"tag-auvergne-rhone-alpes","11":"tag-circulation","12":"tag-edition-est-lyonnais","13":"tag-edition-lyon-villeurbanne","14":"tag-edition-ouest-lyonnais","15":"tag-edition-sud-lyonnais","16":"tag-edition-tarare","17":"tag-edition-villefranche","18":"tag-eu","19":"tag-europe","20":"tag-fil-info","21":"tag-fr","22":"tag-france","23":"tag-grenoble","24":"tag-lyon","25":"tag-news","26":"tag-republique-francaise","27":"tag-rhone","28":"tag-trafic","29":"tag-transport"},"share_on_mastodon":{"url":"https:\/\/pubeurope.com\/@fr\/115190319335467226","error":""},"_links":{"self":[{"href":"https:\/\/www.europesays.com\/fr\/wp-json\/wp\/v2\/posts\/384822","targetHints":{"allow":["GET"]}}],"collection":[{"href":"https:\/\/www.europesays.com\/fr\/wp-json\/wp\/v2\/posts"}],"about":[{"href":"https:\/\/www.europesays.com\/fr\/wp-json\/wp\/v2\/types\/post"}],"author":[{"embeddable":true,"href":"https:\/\/www.europesays.com\/fr\/wp-json\/wp\/v2\/users\/2"}],"replies":[{"embeddable":true,"href":"https:\/\/www.europesays.com\/fr\/wp-json\/wp\/v2\/comments?post=384822"}],"version-history":[{"count":0,"href":"https:\/\/www.europesays.com\/fr\/wp-json\/wp\/v2\/posts\/384822\/revisions"}],"wp:featuredmedia":[{"embeddable":true,"href":"https:\/\/www.europesays.com\/fr\/wp-json\/wp\/v2\/media\/384823"}],"wp:attachment":[{"href":"https:\/\/www.europesays.com\/fr\/wp-json\/wp\/v2\/media?parent=384822"}],"wp:term":[{"taxonomy":"category","embeddable":true,"href":"https:\/\/www.europesays.com\/fr\/wp-json\/wp\/v2\/categories?post=384822"},{"taxonomy":"post_tag","embeddable":true,"href":"https:\/\/www.europesays.com\/fr\/wp-json\/wp\/v2\/tags?post=384822"}],"curies":[{"name":"wp","href":"https:\/\/api.w.org\/{rel}","templated":true}]}}