{"id":384824,"date":"2025-09-12T08:12:37","date_gmt":"2025-09-12T08:12:37","guid":{"rendered":"https:\/\/www.europesays.com\/fr\/384824\/"},"modified":"2025-09-12T08:12:37","modified_gmt":"2025-09-12T08:12:37","slug":"bruz-le-courtage-en-travaux-a-la-carte-avec-la-maison-des-travaux","status":"publish","type":"post","link":"https:\/\/www.europesays.com\/fr\/384824\/","title":{"rendered":"Bruz. Le courtage en travaux \u00e0 la carte avec La Maison des Travaux"},"content":{"rendered":"<p>Cr\u00e9\u00e9e il y a cinq ans par \u00c9ric Ballereau, l\u2019agence La Maison des Travaux de Bruz &#8211; Saint-Jacques &#8211; Ch\u00e2teaugiron a d\u00e9j\u00e0 accompagn\u00e9 pr\u00e8s de 170 projets de r\u00e9novation et\/ou d\u2019extension en Ille-et-Vilaine. Gr\u00e2ce \u00e0 un r\u00e9seau d\u2019artisans locaux r\u00e9put\u00e9s et un savoir-faire dans la gestion de projets, l\u2019agence de courtage en travaux accompagne tous types de chantiers, des plus simples aux plus complexes. Rencontre.<\/p>\n<p>La Maison des Travaux : un r\u00e9seau d\u2019artisans qualifi\u00e9s pour les projets de r\u00e9novation et d\u2019extension au sud-ouest de Rennes<br \/>\nPouvez-vous revenir sur votre parcours et ce qui vous a amen\u00e9 \u00e0 ouvrir une agence La Maison des Travaux ?<\/p>\n<p><strong>\u00c9ric Ballereau :<\/strong> Commercial de formation, j\u2019ai d\u2019abord travaill\u00e9 dans l\u2019agroalimentaire puis dans le domaine des beaux-arts, avant de devenir conseiller en assurances. J&rsquo;ai toujours souhait\u00e9 entreprendre et peu \u00e0 peu, j\u2019ai eu envie de d\u00e9couvrir de nouveaux horizons. J&rsquo;ai fait un bilan de comp\u00e9tences qui a r\u00e9v\u00e9l\u00e9 mon app\u00e9tence pour le service \u00e0 la personne, le conseil et l\u2019accompagnement, ainsi que pour le monde du b\u00e2timent. C&rsquo;est l\u00e0 que j\u2019ai d\u00e9couvert le m\u00e9tier de courtier en travaux. Rapidement, j\u2019ai \u00e9t\u00e9 s\u00e9duit par le concept de La Maison des Travaux qui propose une approche claire et simple, avec des valeurs proches des miennes autour de l\u2019accompagnement des personnes et des artisans. J&rsquo;ai ouvert une franchise en novembre 2020. Pendant trois ans, j\u2019ai travaill\u00e9 depuis mon domicile \u00e0 Noyal-Ch\u00e2tillon, avant d\u2019ouvrir une agence physique \u00e0 Saint-Jacques-de-la-Lande.<\/p>\n<p>Depuis, votre \u00e9quipe s\u2019est agrandie ?<\/p>\n<p>Tout \u00e0 fait, nous sommes aujourd\u2019hui trois courtiers en travaux. Guillaume Usureau m\u2019a rejoint en octobre 2023. Il dispose d\u2019une v\u00e9ritable expertise dans le domaine puisqu\u2019il g\u00e9rait autrefois une entreprise de travaux (peinture, rev\u00eatement de sol, \u00e9lectricit\u00e9). Puis Cl\u00e9ment Huet a int\u00e9gr\u00e9 notre \u00e9quipe en janvier 2024. Dessinateur de formation puis commercial dans le domaine de la maison individuelle, son expertise nous permet d&rsquo;int\u00e9grer la r\u00e9alisation des plans techniques en interne.<\/p>\n<p><img loading=\"lazy\" decoding=\"async\" style=\"display: block; margin-left: auto; margin-right: auto;\" src=\"https:\/\/www.europesays.com\/fr\/wp-content\/uploads\/2025\/09\/P35441555D6954973G.jpg\" alt=\"\" width=\"640\" height=\"439\"\/><\/p>\n<p class=\"elmt-legende\">L&rsquo;\u00e9quipe de courtiers de La Maison des Travaux Bruz &#8211; Saint-Jacques &#8211; Ch\u00e2teaugiron \u00a9 La Maison des Travaux<\/p>\n<p>En quoi consiste le m\u00e9tier du courtier en travaux ?<\/p>\n<p>Il s\u2019agit d\u2019une mise en relation entre un r\u00e9seau d\u2019artisans s\u00e9lectionn\u00e9s par nos soins et des porteurs de projet, g\u00e9n\u00e9ralement des particuliers, m\u00eame s\u2019il nous arrive aussi de travailler pour des professionnels (commer\u00e7ants, artisans, etc.). Notre r\u00f4le consiste \u00e0 d\u00e9finir et \u00e0 rassembler les corps de m\u00e9tier n\u00e9cessaires au bon d\u00e9roulement du projet de nos clients et d\u2019en coordonner l\u2019action sur le chantier.<\/p>\n<p>Quels types de travaux accompagnez-vous ?<\/p>\n<p>Nous accompagnons toutes sortes de travaux de r\u00e9novation \u00e9nerg\u00e9tique, de d\u00e9coration, d\u2019am\u00e9nagement int\u00e9rieur et ext\u00e9rieur ou d\u2019extension. Il n\u2019y a pas de limites dans notre champ d\u2019intervention : qu\u2019il s\u2019agisse de refaire simplement les sols de la maison ou de l\u2019appartement, d\u2019am\u00e9nager les combles, de r\u00e9nover une salle de bains ou d\u2019envisager la r\u00e9novation compl\u00e8te d\u2019une habitation avec cr\u00e9ation d\u2019une extension, nous nous adaptons aux besoins du client. La seule condition, c\u2019est que nous n\u2019intervenons pas pour des constructions neuves.<\/p>\n<p><img loading=\"lazy\" decoding=\"async\" style=\"display: block; margin-left: auto; margin-right: auto;\" src=\"https:\/\/www.europesays.com\/fr\/wp-content\/uploads\/2025\/09\/P35441536D6954973G.jpg\" alt=\"\" width=\"550\" height=\"733\"\/><\/p>\n<p class=\"elmt-legende\">Cr\u00e9ation d&rsquo;une extension de maison \u00a9 La Maison des Travaux<\/p>\n<p>Un accompagnement \u00e0 la carte pour un chantier 100 % sur mesure en Ille-et-Vilaine<br \/>\nComment se d\u00e9roule un accompagnement de projet par La Maison des Travaux ?<\/p>\n<p>Les porteurs de projet nous contactent, directement ou par l\u2019interm\u00e9diaire de nos partenaires (agents immobiliers, courtiers en cr\u00e9dit immobilier, etc.). En premier lieu, nous posons le cadre du projet : nous d\u00e9finissons le p\u00e9rim\u00e8tre technique (Quels travaux sont \u00e0 faire ? Est-ce r\u00e9alisable ? Y a-t-il des d\u00e9marches administratives \u00e0 effectuer ? L\u2019intervention d\u2019un architecte est-elle n\u00e9cessaire ? Etc.), le p\u00e9rim\u00e8tre budg\u00e9taire et puis le p\u00e9rim\u00e8tre de r\u00e9alisation. Concr\u00e8tement, nous d\u00e9terminons les travaux n\u00e9cessaires \u00e0 la bonne r\u00e9alisation du projet et accompagnons nos clients dans la recherche de financement de leurs travaux, le tout dans le respect de leurs contraintes temporelles.<\/p>\n<p>Une fois le cadre pos\u00e9, comment se poursuit cet accompagnement ?<\/p>\n<p>Nous consultons parmi notre r\u00e9seau d\u2019artisans partenaires les corps de m\u00e9tier ad\u00e9quats pour le projet en question. Nous organisons une r\u00e9union collective avec l\u2019ensemble des artisans pour \u00e9changer sur le projet et se coordonner sur sa r\u00e9alisation. Les artisans nous soumettent leur devis, que nous pr\u00e9sentons gratuitement au client apr\u00e8s d&rsquo;\u00e9ventuels ajustements. Une fois que le client signe les devis, nous programmons une nouvelle r\u00e9union afin d\u2019\u00e9tablir le calendrier du chantier. Si besoin, notamment pour les chantiers de grande envergure, nous pouvons faire appel \u00e0 un conducteur de travaux, lequel va chapeauter l\u2019organisation du chantier et en faire le suivi.<\/p>\n<p>Finalement, il s\u2019agit d\u2019une prestation \u00e0 la carte ?<\/p>\n<p>Exactement. Nos clients nous confient pr\u00e9cis\u00e9ment ce qu&rsquo;ils souhaitent. Ils peuvent tout \u00e0 fait se r\u00e9server une partie des travaux ou bien s\u2019en remettre totalement \u00e0 notre expertise. C&rsquo;est un vrai service \u00e0 la carte, nous nous adaptons \u00e0 leurs envies, \u00e0 leurs besoins et \u00e0 leur budget. L&rsquo;objectif, in fine, c\u2019est que nos clients vivent la meilleure exp\u00e9rience de travaux possible !<\/p>\n<p><img loading=\"lazy\" decoding=\"async\" src=\"https:\/\/www.europesays.com\/fr\/wp-content\/uploads\/2025\/09\/P35441535D6954973G.jpg\" alt=\"\" width=\"640\" height=\"480\"\/><\/p>\n<p class=\"elmt-legende\">Am\u00e9nagement de combles pr\u00e8s de Rennes \u00a9 La Maison des Travaux<\/p>\n<p>Les atouts du courtage en travaux par La Maison des Travaux Bruz &#8211; Saint-Jacques &#8211; Ch\u00e2teaugiron<br \/>\nPourquoi faire appel \u00e0 un courtier en travaux ?<\/p>\n<p>L&rsquo;avantage, c\u2019est de gagner du temps tout en ayant une plus grande coh\u00e9rence dans les travaux. Le courtier en travaux se charge de d\u00e9finir et de cadrer toutes les composantes du projet et les corps de m\u00e9tier n\u00e9cessaires. Ainsi, au lieu de multiplier les rendez-vous avec un certain nombre d\u2019entreprises, tout est centralis\u00e9 par le courtier qui s\u00e9lectionne des artisans fiables au meilleur rapport qualit\u00e9-prix. Ce sont des professionnels du b\u00e2timent qui ont l\u2019habitude de travailler ensemble, ce qui permet une gestion de chantier plus fluide et efficace. De fait, confier son projet de r\u00e9novation \u00e0 un courtier en travaux permet aussi d\u2019amorcer son projet en toute confiance, en particulier lorsqu\u2019on ne connait personne dans le domaine du b\u00e2timent.<\/p>\n<p>Comment s\u00e9lectionnez-vous les artisans avec lesquels vous travaillez ?<\/p>\n<p>Nous travaillons uniquement avec des artisans locaux et privil\u00e9gions les entreprises \u00e0 taille humaine pour davantage de souplesse et de proximit\u00e9 dans le suivi de chantier. Lorsque nous nous int\u00e9ressons \u00e0 un nouveau professionnel, soit via notre r\u00e9seau ou bien en \u00e9changeant avec les n\u00e9goces en mat\u00e9riaux, nous allons avant tout v\u00e9rifier la sant\u00e9 de l\u2019entreprise, essentielle pour mener \u00e0 bien un projet en toute s\u00e9r\u00e9nit\u00e9. Pour cela, nous commandons un audit financier via La Maison des Travaux.<\/p>\n<p>Ensuite, nous prenons contact avec l\u2019artisan pour lui pr\u00e9senter notre activit\u00e9 et notre concept. Nous le rencontrons dans son environnement, \u00e0 son d\u00e9p\u00f4t ou sur un chantier, afin d&rsquo;observer sa fa\u00e7on de travailler. Puis nous lui demandons une liste de deux ou trois clients que nous pouvons contacter pour avoir un retour sur la prestation de l\u2019entreprise en question chez eux.<\/p>\n<p>Lorsque nous avons \u00e9tabli que l\u2019entreprise est financi\u00e8rement solide, que la qualit\u00e9 de son travail est av\u00e9r\u00e9e et que sa fa\u00e7on de travailler et ses valeurs humaines sont en ad\u00e9quation avec les n\u00f4tres, alors nous l\u2019ajoutons \u00e0 notre r\u00e9seau de partenaires.<\/p>\n<p><img loading=\"lazy\" decoding=\"async\" src=\"https:\/\/www.europesays.com\/fr\/wp-content\/uploads\/2025\/09\/P35441537D6954973G.jpg\" alt=\"\" width=\"550\" height=\"833\"\/><\/p>\n<p class=\"elmt-legende\">Avant \/ apr\u00e8s : r\u00e9novation de fa\u00e7ade \u00a9 La Maison des Travaux<\/p>\n<p>R\u00e9novation de maison autour de Bruz : un chantier bien ficel\u00e9 avec La Maison des Travaux<br \/>\nQuels conseils donneriez-vous \u00e0 un particulier qui souhaite r\u00e9nover sa maison ou son appartement ?<\/p>\n<p>Avant toute chose, il est essentiel de savoir pourquoi on entreprend des travaux, quelle est la r\u00e9elle motivation : gain de place, gain de confort, \u00e9conomies d\u2019\u00e9nergie, apport de plus-value \u00e0 la maison&#8230; Parfois, ce qu\u2019on a en t\u00eate n\u2019est pas forc\u00e9ment la solution la plus avantageuse d\u2019un point de vue pratique et\/ou \u00e9conomique. Il arrive que nous r\u00e9orientions le client dans son projet afin de l\u2019optimiser et d\u2019avoir quelque chose qui lui corresponde mieux, pour sa plus grande satisfaction. La cl\u00e9, c\u2019est d\u2019\u00eatre \u00e0 l\u2019\u00e9coute de nos clients.<\/p>\n<p>Ensuite, il est important d\u2019\u00eatre bien accompagn\u00e9, surtout lorsqu\u2019il s\u2019agit d\u2019une r\u00e9novation compl\u00e8te. Faire appel \u00e0 un professionnel capable de rassembler des artisans s\u00e9rieux, comprendre les devis, g\u00e9rer les rendez-vous, la coordination et tout le suivi comme nous savons le faire, c\u2019est la garantie d\u2019un chantier en toute s\u00e9r\u00e9nit\u00e9 !<\/p>\n<p><img loading=\"lazy\" decoding=\"async\" src=\"https:\/\/www.europesays.com\/fr\/wp-content\/uploads\/2025\/09\/P35441551D6954973G.jpg\" alt=\"\" width=\"640\" height=\"400\"\/><\/p>\n<p class=\"elmt-legende\">Am\u00e9nagement de terrasse \u00a9 La Maison des Travaux<\/p>\n<p>Infos pratiques<\/p>\n<p><strong>La Maison des Travaux Bruz<\/strong><\/p>\n<\/p>\n<p>\u00a0<\/p>\n","protected":false},"excerpt":{"rendered":"Cr\u00e9\u00e9e il y a cinq ans par \u00c9ric Ballereau, l\u2019agence La Maison des Travaux de Bruz &#8211; Saint-Jacques&hellip;\n","protected":false},"author":2,"featured_media":384825,"comment_status":"","ping_status":"","sticky":false,"template":"","format":"standard","meta":{"footnotes":""},"categories":[2821],"tags":[1111,11,829,26739,11617,51755,1777,674,1011,27,2142,12,584,25,2086],"class_list":{"0":"post-384824","1":"post","2":"type-post","3":"status-publish","4":"format-standard","5":"has-post-thumbnail","7":"category-rennes","8":"tag-actu","9":"tag-actualites","10":"tag-bretagne","11":"tag-bruz","12":"tag-carte","13":"tag-courtage","14":"tag-eu","15":"tag-europe","16":"tag-fr","17":"tag-france","18":"tag-maison","19":"tag-news","20":"tag-rennes","21":"tag-republique-francaise","22":"tag-travaux"},"share_on_mastodon":{"url":"https:\/\/pubeurope.com\/@fr\/115190323406450796","error":""},"_links":{"self":[{"href":"https:\/\/www.europesays.com\/fr\/wp-json\/wp\/v2\/posts\/384824","targetHints":{"allow":["GET"]}}],"collection":[{"href":"https:\/\/www.europesays.com\/fr\/wp-json\/wp\/v2\/posts"}],"about":[{"href":"https:\/\/www.europesays.com\/fr\/wp-json\/wp\/v2\/types\/post"}],"author":[{"embeddable":true,"href":"https:\/\/www.europesays.com\/fr\/wp-json\/wp\/v2\/users\/2"}],"replies":[{"embeddable":true,"href":"https:\/\/www.europesays.com\/fr\/wp-json\/wp\/v2\/comments?post=384824"}],"version-history":[{"count":0,"href":"https:\/\/www.europesays.com\/fr\/wp-json\/wp\/v2\/posts\/384824\/revisions"}],"wp:featuredmedia":[{"embeddable":true,"href":"https:\/\/www.europesays.com\/fr\/wp-json\/wp\/v2\/media\/384825"}],"wp:attachment":[{"href":"https:\/\/www.europesays.com\/fr\/wp-json\/wp\/v2\/media?parent=384824"}],"wp:term":[{"taxonomy":"category","embeddable":true,"href":"https:\/\/www.europesays.com\/fr\/wp-json\/wp\/v2\/categories?post=384824"},{"taxonomy":"post_tag","embeddable":true,"href":"https:\/\/www.europesays.com\/fr\/wp-json\/wp\/v2\/tags?post=384824"}],"curies":[{"name":"wp","href":"https:\/\/api.w.org\/{rel}","templated":true}]}}