{"id":384826,"date":"2025-09-12T08:13:12","date_gmt":"2025-09-12T08:13:12","guid":{"rendered":"https:\/\/www.europesays.com\/fr\/384826\/"},"modified":"2025-09-12T08:13:12","modified_gmt":"2025-09-12T08:13:12","slug":"10-septembre-a-rennes-on-a-ete-surpris-de-voir-des-manifestants-au-blosne","status":"publish","type":"post","link":"https:\/\/www.europesays.com\/fr\/384826\/","title":{"rendered":"10 septembre \u00e0 Rennes : \u00ab\u00a0On a \u00e9t\u00e9 surpris de voir des manifestants au Blosne\u00a0\u00bb"},"content":{"rendered":"<p class=\"PopSlotParagraph qg-tx2 qg-xtra-lh svelte-1r0pyek\">L\u2019info d\u2019ici \u00e0 Rennes et on revient ce matin sur la journee du 10 septembre\u2026 on a bp parl\u00e9 du bus incendie\u00e9 sur la rocade sud \u2026 et des affrontements place sainte anne<\/p>\n<p class=\"PopSlotParagraph qg-tx2 qg-xtra-lh svelte-1r0pyek\">Mais au blosne aussi la journ\u00e9e a \u00e9t\u00e9 tendue. Dans la matin\u00e9e les forces de l\u2019ordre ont suivi un groupe de manifestants\u2026 occasionnant des r\u00e9actions diverses \u00c9ric Bouvet<\/p>\n<p class=\"PopSlotParagraph qg-tx2 qg-xtra-lh svelte-1r0pyek\">Ils venaient de la rocade explique la Pr\u00e9fecture dans un communiqu\u00e9.<\/p>\n<p class=\"PopSlotParagraph qg-tx2 qg-xtra-lh svelte-1r0pyek\">Serat qui travaille dans la boucherie de la place Jean Normand les a vus arriver.<\/p>\n<p class=\"PopSlotParagraph qg-tx2 qg-xtra-lh svelte-1r0pyek\">Serat qui travaille dans la boucherie de la place Jean Normand les a vus arriver.<\/p>\n<p class=\"PopSlotParagraph qg-tx2 qg-xtra-lh svelte-1r0pyek\">SON<\/p>\n<p class=\"PopSlotParagraph qg-tx2 qg-xtra-lh svelte-1r0pyek\">La jungle pour ce commer\u00e7ant.<\/p>\n<p class=\"PopSlotParagraph qg-tx2 qg-xtra-lh svelte-1r0pyek\">Des personnes extr\u00eamement agressives pour la pr\u00e9fecture.<\/p>\n<p class=\"PopSlotParagraph qg-tx2 qg-xtra-lh svelte-1r0pyek\">Ce professionnel de sant\u00e9 du quartier lui a per\u00e7u l&rsquo;\u00e9pisode autrement.<\/p>\n<p class=\"PopSlotParagraph qg-tx2 qg-xtra-lh svelte-1r0pyek\">SON<\/p>\n<p class=\"PopSlotParagraph qg-tx2 qg-xtra-lh svelte-1r0pyek\">Choqu\u00e9, Barbara l&rsquo;a \u00e9t\u00e9 aussi.<\/p>\n<p class=\"PopSlotParagraph qg-tx2 qg-xtra-lh svelte-1r0pyek\">Elle a assist\u00e9 \u00e0 toute la sc\u00e8ne depuis son balcon.<\/p>\n<p class=\"PopSlotParagraph qg-tx2 qg-xtra-lh svelte-1r0pyek\">SON 2<\/p>\n<p class=\"PopSlotParagraph qg-tx2 qg-xtra-lh svelte-1r0pyek\">D\u00e9bordement jusqu&rsquo;\u00e0 l&rsquo;\u00e9cole Guillevicun peu plus haut.<\/p>\n<p class=\"PopSlotParagraph qg-tx2 qg-xtra-lh svelte-1r0pyek\">SON 1<\/p>\n<p class=\"PopSlotParagraph qg-tx2 qg-xtra-lh svelte-1r0pyek\">Des manifestants ont saut\u00e9 les barri\u00e8res et atterri dans la cour de l&rsquo;\u00e9cole.<\/p>\n<p class=\"PopSlotParagraph qg-tx2 qg-xtra-lh svelte-1r0pyek\">D&rsquo;autres ont \u00e9t\u00e9 poursuivi jusqu&rsquo;\u00e0 l&rsquo;entr\u00e9e de la maternelle.<\/p>\n<p class=\"PopSlotParagraph qg-tx2 qg-xtra-lh svelte-1r0pyek\">Ce qui a effray\u00e9 pas mal d&rsquo;enfants, notamment l&rsquo;un des gar\u00e7ons de Margaux.<\/p>\n<p class=\"PopSlotParagraph qg-tx2 qg-xtra-lh svelte-1r0pyek\">SON 1<\/p>\n<p class=\"PopSlotParagraph qg-tx2 qg-xtra-lh svelte-1r0pyek\">Les parents de l&rsquo;\u00e9cole ont \u00e9t\u00e9 inform\u00e9s de la situation par la direction de l&rsquo;\u00e9cole<\/p>\n<p class=\"PopSlotParagraph qg-tx2 qg-xtra-lh svelte-1r0pyek\">L&rsquo;inspection acad\u00e9mique a aussi propos\u00e9 une cellule psychologique pour ceux qui pourraient en avoir besoin.<\/p>\n<p class=\"PopSlotParagraph qg-tx2 qg-xtra-lh svelte-1r0pyek\">Cela dit, Margaux relativise<\/p>\n<p class=\"PopSlotParagraph qg-tx2 qg-xtra-lh svelte-1r0pyek\">SON 2<\/p>\n<p class=\"PopSlotParagraph qg-tx2 qg-xtra-lh svelte-1r0pyek\">Dans son communiqu\u00e9, la Pr\u00e9fecture confirme que des gaz lacrymog\u00e8nes ont du \u00eatre utilis\u00e9s, entra\u00eenant la pr\u00e9sence de fum\u00e9es qui ont pu incommoder les personnes pr\u00e9sentes.<\/p>\n","protected":false},"excerpt":{"rendered":"L\u2019info d\u2019ici \u00e0 Rennes et on revient ce matin sur la journee du 10 septembre\u2026 on a bp&hellip;\n","protected":false},"author":2,"featured_media":384827,"comment_status":"","ping_status":"","sticky":false,"template":"","format":"standard","meta":{"footnotes":""},"categories":[2821],"tags":[1111,11,829,1777,674,1011,27,12,584,25],"class_list":{"0":"post-384826","1":"post","2":"type-post","3":"status-publish","4":"format-standard","5":"has-post-thumbnail","7":"category-rennes","8":"tag-actu","9":"tag-actualites","10":"tag-bretagne","11":"tag-eu","12":"tag-europe","13":"tag-fr","14":"tag-france","15":"tag-news","16":"tag-rennes","17":"tag-republique-francaise"},"share_on_mastodon":{"url":"https:\/\/pubeurope.com\/@fr\/115190327264307215","error":""},"_links":{"self":[{"href":"https:\/\/www.europesays.com\/fr\/wp-json\/wp\/v2\/posts\/384826","targetHints":{"allow":["GET"]}}],"collection":[{"href":"https:\/\/www.europesays.com\/fr\/wp-json\/wp\/v2\/posts"}],"about":[{"href":"https:\/\/www.europesays.com\/fr\/wp-json\/wp\/v2\/types\/post"}],"author":[{"embeddable":true,"href":"https:\/\/www.europesays.com\/fr\/wp-json\/wp\/v2\/users\/2"}],"replies":[{"embeddable":true,"href":"https:\/\/www.europesays.com\/fr\/wp-json\/wp\/v2\/comments?post=384826"}],"version-history":[{"count":0,"href":"https:\/\/www.europesays.com\/fr\/wp-json\/wp\/v2\/posts\/384826\/revisions"}],"wp:featuredmedia":[{"embeddable":true,"href":"https:\/\/www.europesays.com\/fr\/wp-json\/wp\/v2\/media\/384827"}],"wp:attachment":[{"href":"https:\/\/www.europesays.com\/fr\/wp-json\/wp\/v2\/media?parent=384826"}],"wp:term":[{"taxonomy":"category","embeddable":true,"href":"https:\/\/www.europesays.com\/fr\/wp-json\/wp\/v2\/categories?post=384826"},{"taxonomy":"post_tag","embeddable":true,"href":"https:\/\/www.europesays.com\/fr\/wp-json\/wp\/v2\/tags?post=384826"}],"curies":[{"name":"wp","href":"https:\/\/api.w.org\/{rel}","templated":true}]}}