{"id":384828,"date":"2025-09-12T08:14:34","date_gmt":"2025-09-12T08:14:34","guid":{"rendered":"https:\/\/www.europesays.com\/fr\/384828\/"},"modified":"2025-09-12T08:14:34","modified_gmt":"2025-09-12T08:14:34","slug":"la-cheminee-de-lancienne-brasserie-fischer-a-completement-disparu","status":"publish","type":"post","link":"https:\/\/www.europesays.com\/fr\/384828\/","title":{"rendered":"la chemin\u00e9e de l\u2019ancienne Brasserie Fischer a compl\u00e8tement disparu"},"content":{"rendered":"<p>    <img loading=\"lazy\" width=\"1800\" height=\"900\" src=\"https:\/\/www.europesays.com\/fr\/wp-content\/uploads\/2025\/08\/jeanne-callthepolice.jpg\" class=\"attachment-full size-full\" alt=\"\" id=\"imageLove\" decoding=\"async\"  \/><\/p>\n<p id=\"breadcrumbs\"><a href=\"https:\/\/pokaa.fr\/\" target=\"_blank\" rel=\"noopener\">Accueil<\/a> \/ <a href=\"https:\/\/pokaa.fr\/categories\/actu\/\" target=\"_blank\" rel=\"noopener\">Info locale<\/a> \/ Schiltigheim : la chemin\u00e9e de l\u2019ancienne Brasserie Fischer a compl\u00e8tement disparu<\/p>\n<p>                    Info locale<\/p>\n<p class=\"p1\"><b>Symbole embl\u00e9matique de la friche de la Brasserie Fischer, la chemin\u00e9e a d\u00e9finitivement disparu cette semaine. Deux ans apr\u00e8s avoir \u00e9t\u00e9 partiellement d\u00e9construite pour cause de fragilit\u00e9 et de son affaissement dans le sol, elle devrait en partie \u00eatre r\u00e9utilis\u00e9e pour une oeuvre m\u00e9morielle.<\/b><\/p>\n<p class=\"p1\">C\u2019est la fin d\u2019un symbole de la friche de la Brasserie Fischer, laiss\u00e9e \u00e0 l\u2019abandon depuis 2009 et en r\u00e9habilitation depuis 2015. Alors qu\u2019une grosse partie du site a d\u00e9j\u00e0 \u00e9t\u00e9 am\u00e9nag\u00e9e, et que le sort du MK2 est encore incertain, <b>la chemin\u00e9e qui se tenait devant le b\u00e2timent a en effet d\u00e9finitivement disparu du site cette semaine<\/b>.<\/p>\n<p class=\"p1\">Une disparition faisant suite \u00e0 un affaissement dans le sol qui s\u2019\u00e9tait d\u00e9roul\u00e9 fin janvier 2023. <b>Encore \u00e0 39 m\u00e8tres de hauteur, la chemin\u00e9e avait alors \u00e9t\u00e9 rabot\u00e9e de plusieurs dizaines de m\u00e8tres pour \u00e9viter qu\u2019elle ne s\u2019effondre compl\u00e8tement<\/b>. Depuis, elle \u00e9tait entour\u00e9e d\u2019une armature carr\u00e9e de ferraille et ne faisait plus que quelques m\u00e8tres de haut. Mais c\u2019est d\u00e9sormais de l\u2019histoire ancienne.<\/p>\n<p>                <img width=\"667\" height=\"500\" src=\"https:\/\/www.europesays.com\/fr\/wp-content\/uploads\/2025\/09\/img-6275-grande-667x500.jpeg\" class=\"attachment-gallery size-gallery\" alt=\"site fischer schiltigheim\" data-full-url=\"https:\/\/pokaa.fr\/wp-content\/uploads\/2025\/01\/28\/img-6275-grande.jpeg\" decoding=\"async\" loading=\"lazy\"  \/>            <\/p>\n<p>                <img width=\"667\" height=\"500\" src=\"https:\/\/www.europesays.com\/fr\/wp-content\/uploads\/2025\/09\/img-0250-667x500.jpg\" class=\"attachment-gallery size-gallery\" alt=\"chemin\u00e9e fischer schiltigheim\" data-full-url=\"https:\/\/pokaa.fr\/wp-content\/uploads\/2025\/09\/10\/img-0250.jpg\" decoding=\"async\" loading=\"lazy\"  \/>            <\/p>\n<p>                    Avant\/apr\u00e8s. 1. \u00a9 Nicolas Kaspar \/ Pokaa ; 2. \u00a9 Phil Off \/ Pokaa<\/p>\n<p>Une d\u00e9construction\/d\u00e9molition, et peut-\u00eatre une future r\u00e9utilisation<\/p>\n<p class=\"p1\">D\u00e9sormais, lorsque l\u2019on passe par la route de Bischwiller, <b>on ne voit plus qu\u2019un tas de ferrailles et de gravats, reliquat de plus de deux si\u00e8cles de pr\u00e9sence de la chemin\u00e9e \u00e0 Schiltigheim<\/b>. M\u00eame si des espoirs subsistaient quant \u00e0 la conservation de la chemin\u00e9e, la fragilit\u00e9 de l\u2019ouvrage ainsi que l\u2019instabilit\u00e9 du sous-sol et des galeries souterraines ont pr\u00e9cipit\u00e9 sa disparition.<\/p>\n<p>    <img width=\"450\" height=\"600\" src=\"https:\/\/www.europesays.com\/fr\/wp-content\/uploads\/2025\/09\/img-0249-450x600.jpg\" class=\"attachment-image-size-M size-image-size-M\" alt=\"chemin\u00e9e fischer schiltigheim\" decoding=\"async\" loading=\"lazy\"  \/>         \u00a9 Phil Off \/ Pokaa <\/p>\n<p class=\"p1\"><b>La chemin\u00e9e \u00e9tant inscrite au titre des monuments historiques<\/b>, sa d\u00e9molition\/d\u00e9construction ne pouvait pas \u00eatre uniquement act\u00e9e sur d\u00e9cision du promoteur Cogedim. Selon un communiqu\u00e9 de ce dernier, le choix a \u00e9t\u00e9 fait \u00ab\u00a0en concertation avec la Ville de Schiltigheim, la Drac Grand Est et l\u2019architecte des b\u00e2timents de France\u00a0\u00bb.<\/p>\n<p class=\"p1\">D\u00e9sormais, alors que les briques sont parties et que la ferraille devrait suivre le m\u00eame chemin d\u2019ici la fin de la semaine,<b> le futur de la chemin\u00e9e pourrait passer par une r\u00e9utilisation de certaines briques au sein d\u2019une oeuvre m\u00e9morielle<\/b>, <a href=\"https:\/\/c.dna.fr\/culture-loisirs\/2025\/09\/09\/la-cheminee-de-l-ancienne-brasserie-fischer-deconstruite\" target=\"_blank\" rel=\"noopener\">selon les DNA<\/a>. Un appel \u00e0 projets devrait \u00eatre lanc\u00e9 fin septembre.<\/p>\n","protected":false},"excerpt":{"rendered":"Accueil \/ Info locale \/ Schiltigheim : la chemin\u00e9e de l\u2019ancienne Brasserie Fischer a compl\u00e8tement disparu Info locale&hellip;\n","protected":false},"author":2,"featured_media":384829,"comment_status":"","ping_status":"","sticky":false,"template":"","format":"standard","meta":{"footnotes":""},"categories":[2820],"tags":[1111,11,51756,1777,674,1011,27,775,12,25,5512,640],"class_list":{"0":"post-384828","1":"post","2":"type-post","3":"status-publish","4":"format-standard","5":"has-post-thumbnail","7":"category-strasbourg","8":"tag-actu","9":"tag-actualites","10":"tag-brasserie-fischer","11":"tag-eu","12":"tag-europe","13":"tag-fr","14":"tag-france","15":"tag-grand-est","16":"tag-news","17":"tag-republique-francaise","18":"tag-schiltigheim","19":"tag-strasbourg"},"share_on_mastodon":{"url":"https:\/\/pubeurope.com\/@fr\/115190331310026696","error":""},"_links":{"self":[{"href":"https:\/\/www.europesays.com\/fr\/wp-json\/wp\/v2\/posts\/384828","targetHints":{"allow":["GET"]}}],"collection":[{"href":"https:\/\/www.europesays.com\/fr\/wp-json\/wp\/v2\/posts"}],"about":[{"href":"https:\/\/www.europesays.com\/fr\/wp-json\/wp\/v2\/types\/post"}],"author":[{"embeddable":true,"href":"https:\/\/www.europesays.com\/fr\/wp-json\/wp\/v2\/users\/2"}],"replies":[{"embeddable":true,"href":"https:\/\/www.europesays.com\/fr\/wp-json\/wp\/v2\/comments?post=384828"}],"version-history":[{"count":0,"href":"https:\/\/www.europesays.com\/fr\/wp-json\/wp\/v2\/posts\/384828\/revisions"}],"wp:featuredmedia":[{"embeddable":true,"href":"https:\/\/www.europesays.com\/fr\/wp-json\/wp\/v2\/media\/384829"}],"wp:attachment":[{"href":"https:\/\/www.europesays.com\/fr\/wp-json\/wp\/v2\/media?parent=384828"}],"wp:term":[{"taxonomy":"category","embeddable":true,"href":"https:\/\/www.europesays.com\/fr\/wp-json\/wp\/v2\/categories?post=384828"},{"taxonomy":"post_tag","embeddable":true,"href":"https:\/\/www.europesays.com\/fr\/wp-json\/wp\/v2\/tags?post=384828"}],"curies":[{"name":"wp","href":"https:\/\/api.w.org\/{rel}","templated":true}]}}