{"id":384830,"date":"2025-09-12T08:15:13","date_gmt":"2025-09-12T08:15:13","guid":{"rendered":"https:\/\/www.europesays.com\/fr\/384830\/"},"modified":"2025-09-12T08:15:13","modified_gmt":"2025-09-12T08:15:13","slug":"le-double-casse-tete-de-la-censure-a-strasbourg","status":"publish","type":"post","link":"https:\/\/www.europesays.com\/fr\/384830\/","title":{"rendered":"Le double casse-t\u00eate de la censure \u00e0 Strasbourg"},"content":{"rendered":"<p data-olk-copy-source=\"MessageBody\">La session pl\u00e9ni\u00e8re de Strasbourg cette semaine a \u00e9t\u00e9 le th\u00e9\u00e2tre d\u2019un spectacle politique fran\u00e7ais, Ursula von der Leyen prise entre deux feux et Bruxelles s\u2019effor\u00e7ant de d\u00e9terminer comment \u2013 voire si \u2013 deux motions de censure contre la Commission peuvent coexister.<\/p>\n<p>La gauche a officiellement lanc\u00e9 le d\u00e9fi jeudi. La copr\u00e9sidente Manon Aubry a annonc\u00e9 que son groupe avait d\u00e9pos\u00e9 une motion de censure contre l\u2019ex\u00e9cutif. Mais il ne s\u2019agissait pas seulement d\u2019une salve de l\u2019extr\u00eame gauche : Jordan Bardella, pr\u00e9sident du Rassemblement national et dirigeant du groupe d\u2019extr\u00eame droite Patriotes pour l\u2019Europe, avait d\u00e9j\u00e0 d\u00e9pos\u00e9 son texte la veille, juste apr\u00e8s le discours sur l\u2019\u00e9tat de l\u2019Union d\u2019Ursula von der Leyen.<\/p>\n<p>Il a critiqu\u00e9 la Commission, la qualifiant d\u2019\u00ab impuissante \u00bb\u00a0sur la sc\u00e8ne internationale, et a compar\u00e9 Ursula von der Leyen \u00e0 Emmanuel Macron. Le spectacle semblait moins concerner Bruxelles qu\u2019une reprise maladroite du drame parisien transpos\u00e9 \u00e0 Strasbourg.<\/p>\n<p>Jordan Bardella a d\u00e9clar\u00e9 qu\u2019il s\u2019agissait d\u2019un\u00a0\u00ab vote de confiance pour ou contre l\u2019Europe d\u2019Ursula von der Leyen, pour ou contre l\u2019Europe d\u2019Emmanuel Macron \u00bb\u00a0devant un public \u00e0 moiti\u00e9 int\u00e9ress\u00e9, pr\u00e9occup\u00e9 par les nouvelles de Paris, o\u00f9 Emmanuel Macron venait de nommer S\u00e9bastien Lecornu au poste de Premier ministre apr\u00e8s l\u2019effondrement du gouvernement de Fran\u00e7ois Bayrou lors d\u2019un vote de confiance \u00e9crasant.<\/p>\n<p>La s\u00e9ance de questions r\u00e9ponses qui a suivi l\u2019annonce de la censure s\u2019est rapidement transform\u00e9e en s\u00e9minaire sur la politique fran\u00e7aise.<\/p>\n<p>Puis est venu le moment de d\u00e9j\u00e0-vu : Jordan Bardella a laiss\u00e9 entendre que son groupe pourrait m\u00eame soutenir le texte de la gauche, faisant \u00e9cho au bouleversement survenu dans son pays lorsque l\u2019extr\u00eame droite a franchi les lignes partisanes pour faire tomber Fran\u00e7ois Bayrou.<\/p>\n<p>Apr\u00e8s avoir pass\u00e9 des mois \u00e0 se pr\u00e9senter comme\u00a0\u00ab l\u2019opposition responsable \u00bb\u00a0qui ne plongerait pas la France dans le chaos, le Rassemblement national de Marine Le Pen s\u2019est joint aux partis de gauche et d\u2019extr\u00eame gauche pour bloquer le programme d\u2019aust\u00e9rit\u00e9 de Fran\u00e7ois Bayrou, qui pr\u00e9voyait le gel des prestations sociales et la suppression de deux jours f\u00e9ri\u00e9s.<\/p>\n<p>Revenons \u00e0 Strasbourg. Lorsqu\u2019on lui a demand\u00e9 si le soutien de l\u2019extr\u00eame droite \u00e0 leur motion de censure rendait les choses d\u00e9licates, Manon Aubry a r\u00e9pondu \u00e0 Rapporteur :\u00a0\u00ab Nous ne pouvons rien y faire. Ils ne font que reproduire ce qu\u2019ils ont fait en France. \u00bb\u00a0Mais elle a mis en garde :\u00a0\u00ab Ils accordent peu d\u2019attention au contenu. Sont-ils vraiment d\u2019accord pour agir contre le g\u00e9nocide \u00e0 Gaza ou contre la r\u00e9action anti-\u00e9cologique ? \u00bb<\/p>\n<p>Il y a toutefois un hic : personne \u00e0 Bruxelles ne sait comment deux motions de censure peuvent coexister ; le r\u00e8glement parlementaire ne le pr\u00e9cise pas.\u00a0\u00ab Les \u00e9tapes suivantes seront d\u00e9termin\u00e9es apr\u00e8s v\u00e9rification \u00bb, ont d\u00e9clar\u00e9 les services du Parlement europ\u00e9en \u00e0 Rapporteur. Jamais auparavant deux motions de ce type n\u2019avaient \u00e9t\u00e9 d\u00e9pos\u00e9es en m\u00eame temps.<\/p>\n<p>La tentative rat\u00e9e de l\u2019extr\u00eame droite en juillet a d\u00e9j\u00e0 ouvert la bo\u00eete de Pandore, montrant \u00e0 quel point il est facile de d\u00e9poser une motion de censure. Seulement 72 signatures.<\/p>\n<p>Ce qui va se passer maintenant d\u00e9pend de la Conf\u00e9rence des pr\u00e9sidents, l\u2019organe directeur du Parlement, qui se chargera de programmer les deux motions une fois que les services juridiques auront v\u00e9rifi\u00e9 leur validit\u00e9, un processus qui pourrait prendre un certain temps.\u00a0D\u2019ici l\u00e0, le Parlement navigue en eaux inconnues.<\/p>\n<p><strong>La France pr\u00e9pare ses avions de chasse alors que l\u2019OTAN renforce ses d\u00e9fenses<\/strong><\/p>\n<p>Plusieurs membres de l\u2019OTAN envoient des troupes, de l\u2019artillerie et des syst\u00e8mes de d\u00e9fense a\u00e9rienne pour s\u00e9curiser son flanc est apr\u00e8s qu\u2019une nu\u00e9e de drones russes a p\u00e9n\u00e9tr\u00e9 dans l\u2019espace a\u00e9rien polonais mercredi.<\/p>\n<p>En r\u00e9ponse, Varsovie a d\u00e9p\u00each\u00e9 des forces pour les abattre. Les Pays-Bas et la R\u00e9publique tch\u00e8que ont promis leur soutien d\u00e9fensif au pays. L\u2019Allemagne a d\u00e9clar\u00e9 qu\u2019elle\u00a0\u00ab intensifierait son engagement le long de la fronti\u00e8re orientale de l\u2019OTAN \u00bb\u00a0et \u00e9tendrait sa surveillance a\u00e9rienne au-dessus de la Pologne. Jeudi soir, Emmanuel Macron a annonc\u00e9 que la France enverrait trois avions de combat Rafale pour aider \u00e0 s\u00e9curiser l\u2019espace a\u00e9rien polonais.<\/p>\n<p><strong>L\u2019op\u00e9ration s\u00e9duction de l\u2019Ukraine envers la Hongrie<\/strong><\/p>\n<p>Alors que la Hongrie continue de bloquer l\u2019adh\u00e9sion de l\u2019Ukraine \u00e0 l\u2019UE, Kiev entreprend une nouvelle tentative : l\u2019\u00e9largissement est vraiment ennuyeux. Jeudi, \u00e0 Budapest, le ministre hongrois des Affaires \u00e9trang\u00e8res, P\u00e9ter Szijj\u00e1rt\u00f3, a rencontr\u00e9 le vice-Premier ministre ukrainien, Taras Kachka,\u00a0<a title=\"https:\/\/email.newsletter.euractiv.fr\/c\/eJxs0suOqkoYBeCngckJpi5AwYABgtgoDYLibUIKKDYoN6FQ7Kc_6WTvnM7Jnq7_-0dr5QaWoaKJzIBEIaqKMERiaRQ4J1CFTM2JkmoyzAvGYJoRAFmOZcjEykAAKUCHCBAMFbSAi1RARNdMotpIXwJZVXWsC4gIMmjZa6wZ52xYsGmgGa-ei2IQa6PkvBewKSBHQA5raFUv_mazrhGQk32bzZzdP9EDfZlhedWbp3mHYLqdrTe29Cj2-fYUEheMb3K0UjMn7eYiFYfVnXs4zaSUNJs2QFnlexvvFpUNX67y3N4q9SM7X_QbLaPLaZT1_u18oHPkJ9B2n-N961ROnDX19aQq69ij3iuu6eyT61GV5d4LzWB_YG3L7nxF9-2Bd5ErHT_WbD9PaWWpw9sKfi1JmOj9IQykxJ-KQjp3vqUhs3gcTfQaOkZj-AkfvTU0aOvC2N3N6wvZBWh2D9VuqJd6RHaPy5S-A1eatO3XOw1W6mkT-vtWjZd2MEavrzmaSoJdoFBVu9Ubmt99svRJd1prZTLfzHqdFGicWl1KubTDQDrLyvH9eauf3jLuU28t-_v5tq3ySxZ6XuJV7Bw2Lwl8gsRTjpYTSh_FyzXNXZIQ1EtJKGBn4k0ydtOQMQHbfwoTkPqdNyyvpkbA9n-d_r5kXctZywVsX7uW_QN_x5wN3xxI4I-jTU-rX62AbSdKvNU-scydezC91V5sDKipGkYyFgdjpAMtFy0fKyrI4OdwRG4wmiX_f09-zhdA8WmgfwMAAP__YZ74pg\" href=\"https:\/\/email.newsletter.euractiv.fr\/c\/eJxs0suOqkoYBeCngckJpi5AwYABgtgoDYLibUIKKDYoN6FQ7Kc_6WTvnM7Jnq7_-0dr5QaWoaKJzIBEIaqKMERiaRQ4J1CFTM2JkmoyzAvGYJoRAFmOZcjEykAAKUCHCBAMFbSAi1RARNdMotpIXwJZVXWsC4gIMmjZa6wZ52xYsGmgGa-ei2IQa6PkvBewKSBHQA5raFUv_mazrhGQk32bzZzdP9EDfZlhedWbp3mHYLqdrTe29Cj2-fYUEheMb3K0UjMn7eYiFYfVnXs4zaSUNJs2QFnlexvvFpUNX67y3N4q9SM7X_QbLaPLaZT1_u18oHPkJ9B2n-N961ROnDX19aQq69ij3iuu6eyT61GV5d4LzWB_YG3L7nxF9-2Bd5ErHT_WbD9PaWWpw9sKfi1JmOj9IQykxJ-KQjp3vqUhs3gcTfQaOkZj-AkfvTU0aOvC2N3N6wvZBWh2D9VuqJd6RHaPy5S-A1eatO3XOw1W6mkT-vtWjZd2MEavrzmaSoJdoFBVu9Ubmt99svRJd1prZTLfzHqdFGicWl1KubTDQDrLyvH9eauf3jLuU28t-_v5tq3ySxZ6XuJV7Bw2Lwl8gsRTjpYTSh_FyzXNXZIQ1EtJKGBn4k0ydtOQMQHbfwoTkPqdNyyvpkbA9n-d_r5kXctZywVsX7uW_QN_x5wN3xxI4I-jTU-rX62AbSdKvNU-scydezC91V5sDKipGkYyFgdjpAMtFy0fKyrI4OdwRG4wmiX_f09-zhdA8WmgfwMAAP__YZ74pg\" data-auth=\"NotApplicable\" data-linkindex=\"1\" rel=\"nofollow noopener\" target=\"_blank\">lui pr\u00e9sentant<\/a>\u00a0une longue liste de griefs familiers concernant l\u2019aptitude de l\u2019Ukraine \u00e0 adh\u00e9rer \u00e0 l\u2019UE.<\/p>\n<p>Avant la r\u00e9union, Taras Kachka a d\u00e9clar\u00e9 \u00e0 Eddy Wax que son objectif \u00e9tait de\u00a0\u00ab convaincre la Hongrie qu\u2019il s\u2019agit d\u2019une question technique \u00bb.<\/p>\n<p>L\u2019Ukraine souhaite que la Hongrie autorise l\u2019ouverture du premier groupe de chapitres de n\u00e9gociation.\u00a0\u00ab M\u00eame s\u2019ils ont leur propre opinion sur l\u2019avenir de l\u2019Ukraine dans l\u2019UE, cela ne signifie pas qu\u2019ils doivent bloquer les pr\u00e9paratifs techniques \u00bb, a d\u00e9clar\u00e9 Taras Kachka lors d\u2019une rencontre avec Rapporteur \u00e0 Bruxelles.\u00a0\u00ab Donnez-nous une chance de passer l\u2019examen. \u00bb<\/p>\n<p>Son plan A consiste \u00e0 continuer \u00e0 travailler sur les pr\u00e9paratifs techniques avec l\u2019aide de la Commission. Lorsqu\u2019on lui a demand\u00e9 si cela signifiait qu\u2019il attendait que Viktor Orb\u00e1n soit destitu\u00e9 l\u2019ann\u00e9e prochaine, Taras Kachka a r\u00e9pondu cat\u00e9goriquement\u00a0\u00ab non ! \u00bb.<\/p>\n<p>\u00ab La Hongrie sera toujours notre voisine \u00bb, a-t-il poursuivi.\u00a0\u00ab Il est important pour nous de maintenir le dialogue avec elle. \u00bb<\/p>\n<p><strong>Un diplomate europ\u00e9en lib\u00e9r\u00e9 de d\u00e9tention en Bi\u00e9lorussie<\/strong><\/p>\n<p>Mikalai Khila, membre du personnel local de la mission de l\u2019UE \u00e0 Minsk, a \u00e9t\u00e9 lib\u00e9r\u00e9 apr\u00e8s avoir \u00e9t\u00e9 d\u00e9tenu depuis 2024 pour purger une\u00a0<a title=\"https:\/\/email.newsletter.euractiv.fr\/c\/eJxs0suOozgYBeCnIZtRImNz84IFVKASQlXlAiSwsYwxCSEGwjXU049K6ta0Rr09__evzslMpMiqseCmrKu6pkEkw8XNlFmu8hwbDIIcUJVDnGWGwTItzVMZG3xRmBBAFWAZAh3JKlzJq1SCOjYsXVtDbANF0zDCEtQlBVR86h6873m74kNLWV-Mq7xdPMxb3zcSsiToStDlghaP1d8sq4UEXfZjvBcrHeTX39bhusGfo3d4_1DLeM-PBypCf9Z30xiOITw-n2HixyQffLD3lmibqGojxik5YeAVRydqm0NZ2scgpufLJQrfRXcqbdeLnjfdNUKrHW7Oq76yKZnDTfnYOlkUd46rv-61Lc5uT5W0Yerb2_l0feeUk-7shU_foocBBkvdW8LLl3f_Er0Ti2CaqN0BenEn48bu9_dmJtEU5VMj2wekVe7Xbrb1Tx1-CE2Bn6CE5xlmPnuJ0N8HbjJObNrtUyPY7tOkSNv7S-aNi41ts4zbHVmWTqzhTSLPobbZBAUBzM4fcfWGCoeogkTfz17ODFzmeRWhSmVw3DeYRHA5lpVQQH2aHXue55huP7IhJMdznKoP_BVsswGh5TcEAB-fw6tRNoZlWWtC0G13zYGE3KEXpKuHlnEJrX-3JUHtJxc8KwYhofV_hf66sLrqedVLaJ3UFf9H_hX3vP3hYAl-OyoaWlwrCa3dI_GdE3mz9tvA8p3TQpiyoRkIKmjRmh1t6W1V9V1BJQX8uZpFb3LKyP_fyZ_bBfJiNOG_AQAA___FSvpz\" href=\"https:\/\/email.newsletter.euractiv.fr\/c\/eJxs0suOozgYBeCnIZtRImNz84IFVKASQlXlAiSwsYwxCSEGwjXU049K6ta0Rr09__evzslMpMiqseCmrKu6pkEkw8XNlFmu8hwbDIIcUJVDnGWGwTItzVMZG3xRmBBAFWAZAh3JKlzJq1SCOjYsXVtDbANF0zDCEtQlBVR86h6873m74kNLWV-Mq7xdPMxb3zcSsiToStDlghaP1d8sq4UEXfZjvBcrHeTX39bhusGfo3d4_1DLeM-PBypCf9Z30xiOITw-n2HixyQffLD3lmibqGojxik5YeAVRydqm0NZ2scgpufLJQrfRXcqbdeLnjfdNUKrHW7Oq76yKZnDTfnYOlkUd46rv-61Lc5uT5W0Yerb2_l0feeUk-7shU_foocBBkvdW8LLl3f_Er0Ti2CaqN0BenEn48bu9_dmJtEU5VMj2wekVe7Xbrb1Tx1-CE2Bn6CE5xlmPnuJ0N8HbjJObNrtUyPY7tOkSNv7S-aNi41ts4zbHVmWTqzhTSLPobbZBAUBzM4fcfWGCoeogkTfz17ODFzmeRWhSmVw3DeYRHA5lpVQQH2aHXue55huP7IhJMdznKoP_BVsswGh5TcEAB-fw6tRNoZlWWtC0G13zYGE3KEXpKuHlnEJrX-3JUHtJxc8KwYhofV_hf66sLrqedVLaJ3UFf9H_hX3vP3hYAl-OyoaWlwrCa3dI_GdE3mz9tvA8p3TQpiyoRkIKmjRmh1t6W1V9V1BJQX8uZpFb3LKyP_fyZ_bBfJiNOG_AQAA___FSvpz\" data-auth=\"NotApplicable\" data-linkindex=\"2\" rel=\"nofollow noopener\" target=\"_blank\">peine de<\/a>\u00a0quatre ans de prison.<\/p>\n<p>Sa lib\u00e9ration s\u2019inscrit dans le cadre d\u2019une initiative plus large qui a permis de lib\u00e9rer 52 personnes.\u00a0<a title=\"https:\/\/email.newsletter.euractiv.fr\/c\/eJxs0klvqzwYBeBfA5tPRMYGGy9YkDAlQEYylA0iYApJGAqGJvz6T5Va3erqbs_7vKtzMh0psqqJTJeJSjCGSIZiodMc51qWU5ZnuUJklRIKGKY5IIgqhGRiqUMAVUBlCAiSVTiTZ1cBEqoZBJuQzoGCMUVUgERQQM0--wfjnHUzNnRJystxlnfiQy84bwVkCNAWoM2qpHzM_mXTphKgnX6Z1TO9W8CHkxEUtbROy7vPy-n6Sh0X8EMfBNH7uMtdEEWG0oYWvkbx9nPJJVJKnaq4hyvsmm5_7Ffr8xlvTns7CMLK7UNvPm7fTslxWWarpVPiuq12PSycOfBkzzt7VnGJrDbKGvN8xx9t_4YuUunJK8vwV3M_hovrpsrYgU4Xa2sSfwgmW10mqfscmgAbLjWlrb024gcNp81ojWEzl14vd3Tw4sJD9-Ct9s6dLM63xX6X93QaXog4xeOo0TezKjf5sI-RcwqnSFlfLJUdN-fTbjrATOsXtTNXbybftl6QgFSWpNVtMxbA1ixHA9NS-8zv0ns1jDUdyRM-yOYCCdIwG5_seT8dK_s0P3dQWybFzX9cd09DaWOzl4IdjOOGfkjbO_dtILmjYRhGHMe3-qIFArIHXsV9M3QpE5D5U5UA8VdesawcKgGZf9r8vqRNzVnNBWRGTc3-k79jzrovDiTw45KqTcr3WkCmvY996xAvjO0yNHzrIFa6rGENQQWJnd4nXVLMat6XiaCA35MRuc6SNP77Pf49XCCLow7_DwAA__-NMPW5\" href=\"https:\/\/email.newsletter.euractiv.fr\/c\/eJxs0klvqzwYBeBfA5tPRMYGGy9YkDAlQEYylA0iYApJGAqGJvz6T5Va3erqbs_7vKtzMh0psqqJTJeJSjCGSIZiodMc51qWU5ZnuUJklRIKGKY5IIgqhGRiqUMAVUBlCAiSVTiTZ1cBEqoZBJuQzoGCMUVUgERQQM0--wfjnHUzNnRJystxlnfiQy84bwVkCNAWoM2qpHzM_mXTphKgnX6Z1TO9W8CHkxEUtbROy7vPy-n6Sh0X8EMfBNH7uMtdEEWG0oYWvkbx9nPJJVJKnaq4hyvsmm5_7Ffr8xlvTns7CMLK7UNvPm7fTslxWWarpVPiuq12PSycOfBkzzt7VnGJrDbKGvN8xx9t_4YuUunJK8vwV3M_hovrpsrYgU4Xa2sSfwgmW10mqfscmgAbLjWlrb024gcNp81ojWEzl14vd3Tw4sJD9-Ct9s6dLM63xX6X93QaXog4xeOo0TezKjf5sI-RcwqnSFlfLJUdN-fTbjrATOsXtTNXbybftl6QgFSWpNVtMxbA1ixHA9NS-8zv0ns1jDUdyRM-yOYCCdIwG5_seT8dK_s0P3dQWybFzX9cd09DaWOzl4IdjOOGfkjbO_dtILmjYRhGHMe3-qIFArIHXsV9M3QpE5D5U5UA8VdesawcKgGZf9r8vqRNzVnNBWRGTc3-k79jzrovDiTw45KqTcr3WkCmvY996xAvjO0yNHzrIFa6rGENQQWJnd4nXVLMat6XiaCA35MRuc6SNP77Pf49XCCLow7_DwAA__-NMPW5\" data-auth=\"NotApplicable\" data-linkindex=\"3\" rel=\"nofollow noopener\" target=\"_blank\">Tant<\/a>\u00a0Ursula von der Leyen que Kaja Kallas<a title=\"https:\/\/email.newsletter.euractiv.fr\/c\/eJxs0kmPslgYBeBfA5uO5s7AggUqKIqKiopsCMO9AjLIpFX96zuVVKUrX77teZ93dU6qYwKpKnMdKlRhDGGI5EzHcSIIQwlJOUppyoBGEUOCRCngqoiQnOsIIAo0iICCIUVTOI0lpGiqobAF0maAMKZhTUKKREDN333Jh4F3Uz52UTLkr6no5FLPhuEpYUNCloQsXkV5Of2bTZpKQlbyZdYfyWOLNgQY22w9qcSh7MbWn6jMdO2bErwdu4_3dKnU3rIesn2_97euS--ndS4qlp3EOYPzgrRPZXsuF-5-WR7v_b-3MwVHiyAPfBT1C8yqVV9alnnsCzOhgQXm88ftPG9v2N-VKbXV2WV5H9Kxsz-Dlm_BfZOA1Xob472odvvzE13zzx3QCi3JGHAdse6t-H45G22HL8fLwef5xRk8vDPGJsgDDh_mBeZt0Xn2Ffi9abw3XXZL2Sunnmc4zhoiwxfnrI6fpWllk9Vr9ia1_9g5jqEWs3E0UXxy-L5NJ_2xSEYWHMJdUe42YDV59Gqz8ETrP6IZFfQlxKfWYRELIgqtD8PYKDacXO_Ci6zqFLQqXdVFc7riUKke8-Lqag4sgQ2r8c3JfGsYbhh-2KmWHSRsjUMV9s3YJVzCi5-yJMS-8oqn-VhJePF_n9-XpKkHXg8SXgRNzf-B3_HAuy8OJuDHRdUzyu-1hBfWMXTMUzg3XNszHPMkVzpUmYoRwXKn91EXZdN66PNIIuD3aORB51ES_vke_p4ugPJLR_8FAAD__1aY-Kc\" href=\"https:\/\/email.newsletter.euractiv.fr\/c\/eJxs0kmPslgYBeBfA5uO5s7AggUqKIqKiopsCMO9AjLIpFX96zuVVKUrX77teZ93dU6qYwKpKnMdKlRhDGGI5EzHcSIIQwlJOUppyoBGEUOCRCngqoiQnOsIIAo0iICCIUVTOI0lpGiqobAF0maAMKZhTUKKREDN333Jh4F3Uz52UTLkr6no5FLPhuEpYUNCloQsXkV5Of2bTZpKQlbyZdYfyWOLNgQY22w9qcSh7MbWn6jMdO2bErwdu4_3dKnU3rIesn2_97euS--ndS4qlp3EOYPzgrRPZXsuF-5-WR7v_b-3MwVHiyAPfBT1C8yqVV9alnnsCzOhgQXm88ftPG9v2N-VKbXV2WV5H9Kxsz-Dlm_BfZOA1Xob472odvvzE13zzx3QCi3JGHAdse6t-H45G22HL8fLwef5xRk8vDPGJsgDDh_mBeZt0Xn2Ffi9abw3XXZL2Sunnmc4zhoiwxfnrI6fpWllk9Vr9ia1_9g5jqEWs3E0UXxy-L5NJ_2xSEYWHMJdUe42YDV59Gqz8ETrP6IZFfQlxKfWYRELIgqtD8PYKDacXO_Ci6zqFLQqXdVFc7riUKke8-Lqag4sgQ2r8c3JfGsYbhh-2KmWHSRsjUMV9s3YJVzCi5-yJMS-8oqn-VhJePF_n9-XpKkHXg8SXgRNzf-B3_HAuy8OJuDHRdUzyu-1hBfWMXTMUzg3XNszHPMkVzpUmYoRwXKn91EXZdN66PNIIuD3aORB51ES_vke_p4ugPJLR_8FAAD__1aY-Kc\" data-auth=\"NotApplicable\" data-linkindex=\"4\" rel=\"nofollow noopener\" target=\"_blank\">\u00a0ont salu\u00e9<\/a>\u00a0cette nouvelle, remerciant publiquement Donald Trump pour son r\u00f4le dans la facilitation de cette lib\u00e9ration.<\/p>\n<p><strong>Le Parlement europ\u00e9en exhorte les \u00c9tats \u00e0 reconna\u00eetre la Palestine<\/strong><\/p>\n<p>Les d\u00e9put\u00e9s europ\u00e9ens ont adopt\u00e9 une r\u00e9solution appelant l\u2019Union \u00e0 reconna\u00eetre l\u2019\u00c9tat palestinien dans le cadre d\u2019une solution \u00e0 deux \u00c9tats, tout en soutenant les mesures contre Isra\u00ebl pr\u00e9sent\u00e9es par Ursula von der Leyen dans son discours sur l\u2019\u00e9tat de l\u2019Union, notamment des sanctions contre les colons violents et une suspension partielle de l\u2019accord bilat\u00e9ral. Le vote a \u00e9t\u00e9 de 305 voix pour, 151 contre et 122 abstentions.<\/p>\n<p>Pr\u00e9sent\u00e9e conjointement par les socialistes, Renew et les Verts, la r\u00e9solution appelle \u00e9galement \u00e0 une action plus forte de l\u2019UE contre la famine \u00e0 Gaza et pour la lib\u00e9ration des otages. Le texte a \u00e9t\u00e9 r\u00e9dig\u00e9 apr\u00e8s des n\u00e9gociations tendues, les r\u00e9f\u00e9rences au\u00a0\u00ab g\u00e9nocide \u00bb\u00a0et aux sanctions contre les ministres isra\u00e9liens ayant \u00e9t\u00e9 supprim\u00e9es afin de garantir un accord.<\/p>\n<p><strong>Le meurtre de Charlie Kirk divise le Parlement<\/strong><\/p>\n<p>L\u2019assassinat du commentateur conservateur am\u00e9ricain Charlie Kirk a d\u00e9clench\u00e9 jeudi un d\u00e9bat houleux parmi les d\u00e9put\u00e9s europ\u00e9ens sur le fait de lui rendre hommage par une minute de silence,\u00a0<a title=\"https:\/\/email.newsletter.euractiv.fr\/c\/eJxs0suOqkoYBeCngckJpi5cBwwQGlSgBbHVZlLBogSaq1jYyNOfdLJ3zs7Jnq7_-0dr5SaWoaKLzISaoqkqwhCJpakaSNa0W65r9KbK1MhyGYEbpEyVAdPwVaxMBJACDIiAhqGCVnB1FZBm6JamOshYA1lVDWwISBNk0LHvR8M4Z-OKTWNGefVc3UaxMUvOBwFbAnIF5LI2q5rV3yztWwG59MfsZlqH3h0tVny4Gh4u4muWHFKj9gM9msONckiyKPXqJIOV_XE9fyrkORcJ6mLNUDSH7uAUuPsqDtHHKbjUzn6ooI8S--lk581dOyefdIyBvD02dDjPV5ZM-rq4J7x49fUW9T5Mczsrme6m4D5NDfHsxI59314P8-V1C73T3j0vWySBvFHgOmSPWTnHNXmTip0RTdJz_tgaVu73AftK0mijT9rxGc9XOpS-MhMmn8aqmT7dY_K69Ci0527pWUCa0F-WpvpO8Ij09X782nBHCQ4OIzfM27xQlDpaT6ohv6o9G91Gf-fRYG8WCtxLlD5S4Hnl7qIWu4p4ZCttckUmpT7BRXK-CAnu9En0e9Gm799LtR3qUn2nbXiir_EdHGMO2teh3W-I9FV2KnAb_eR8K7plWQ4hS-9U0kPA7sRb8uinkTIBO7-bE5D6k7csr6ZWwM5_5f660L7jrOMCdtK-Y__AXzFn4w8HEvjtsnbIqqITsOMeSPCWENuKtkcreEvE1oS6qmMkY3E0H9mYlauOP6pMkMGfCxK5yTJK_v9O_twxgOLTRP8GAAD__xAB_fM\" href=\"https:\/\/email.newsletter.euractiv.fr\/c\/eJxs0suOqkoYBeCngckJpi5cBwwQGlSgBbHVZlLBogSaq1jYyNOfdLJ3zs7Jnq7_-0dr5SaWoaKLzISaoqkqwhCJpakaSNa0W65r9KbK1MhyGYEbpEyVAdPwVaxMBJACDIiAhqGCVnB1FZBm6JamOshYA1lVDWwISBNk0LHvR8M4Z-OKTWNGefVc3UaxMUvOBwFbAnIF5LI2q5rV3yztWwG59MfsZlqH3h0tVny4Gh4u4muWHFKj9gM9msONckiyKPXqJIOV_XE9fyrkORcJ6mLNUDSH7uAUuPsqDtHHKbjUzn6ooI8S--lk581dOyefdIyBvD02dDjPV5ZM-rq4J7x49fUW9T5Mczsrme6m4D5NDfHsxI59314P8-V1C73T3j0vWySBvFHgOmSPWTnHNXmTip0RTdJz_tgaVu73AftK0mijT9rxGc9XOpS-MhMmn8aqmT7dY_K69Ci0527pWUCa0F-WpvpO8Ij09X782nBHCQ4OIzfM27xQlDpaT6ohv6o9G91Gf-fRYG8WCtxLlD5S4Hnl7qIWu4p4ZCttckUmpT7BRXK-CAnu9En0e9Gm799LtR3qUn2nbXiir_EdHGMO2teh3W-I9FV2KnAb_eR8K7plWQ4hS-9U0kPA7sRb8uinkTIBO7-bE5D6k7csr6ZWwM5_5f660L7jrOMCdtK-Y__AXzFn4w8HEvjtsnbIqqITsOMeSPCWENuKtkcreEvE1oS6qmMkY3E0H9mYlauOP6pMkMGfCxK5yTJK_v9O_twxgOLTRP8GAAD__xAB_fM\" data-auth=\"NotApplicable\" data-linkindex=\"5\" rel=\"nofollow noopener\" target=\"_blank\">rapporte<\/a>\u00a0Magnus Lund Nielsen.<\/p>\n<p>Charlie Kirk a \u00e9t\u00e9 abattu mercredi sur sc\u00e8ne lors d\u2019un \u00e9v\u00e9nement en plein air dans l\u2019Utah. Quelques heures plus tard, Charlie Weimers, du groupe d\u2019extr\u00eame droite ECR, a appel\u00e9 ses coll\u00e8gues \u00e0 Strasbourg \u00e0 observer une minute de silence lors de la s\u00e9ance pl\u00e9ni\u00e8re de jeudi. Il a \u00e9t\u00e9 bri\u00e8vement autoris\u00e9 \u00e0 s\u2019exprimer conform\u00e9ment aux r\u00e8gles de proc\u00e9dure, mais des sources internes au Parlement ont d\u00e9clar\u00e9 \u00e0 Euractiv que la chambre avait refus\u00e9 d\u2019approuver cet hommage.<\/p>\n<p><strong>La liste des candidats \u00e0 l\u2019adh\u00e9sion au programme SAFE s\u2019allonge<\/strong><\/p>\n<p>Les ambassadeurs de l\u2019UE se r\u00e9unissent aujourd\u2019hui pour discuter de la possibilit\u00e9 d\u2019utiliser le programme de pr\u00eats SAFE de 150 milliards d\u2019euros de l\u2019Union pour acheter des armes au Royaume-Uni et au Canada, \u00e0 condition que ces deux pays participent \u00e9galement.<\/p>\n<p>La France souhaite que la participation soit plafonn\u00e9e \u00e0 50 % de la valeur des achats, afin de donner la priorit\u00e9 aux fabricants europ\u00e9ens d\u2019\u00e9quipements de d\u00e9fense. Alors que les 27 discutaient de l\u2019inclusion de Londres et d\u2019Ottawa, Ankara et S\u00e9oul ont \u00e9galement pos\u00e9 leur candidature. La Commission \u00e9valuera d\u2019abord si ces pays remplissent les conditions requises avant de d\u00e9cider de proposer ou non au Conseil de rouvrir les n\u00e9gociations. La Turquie fait face \u00e0 une t\u00e2che difficile, compte tenu de l\u2019opposition de longue date de pays tels que la Gr\u00e8ce \u00e0 son r\u00f4le dans la d\u00e9fense europ\u00e9enne.<\/p>\n<p>En ce qui concerne la mani\u00e8re dont les Etats membres de l\u2019UE souhaitent utiliser les pr\u00eats, il est temps de se remettre au travail. Les envoy\u00e9s nationaux ont \u00e9t\u00e9 invit\u00e9s \u00e0 des r\u00e9unions pr\u00e9liminaires avec la Commission ce mois-ci afin de pr\u00e9senter leurs id\u00e9es pour leurs projets : quoi acheter et combien d\u00e9penser. L\u2019ex\u00e9cutif a d\u00e9j\u00e0 diffus\u00e9 un mod\u00e8le.<\/p>\n<p><strong>Le d\u00e9bat s\u2019intensifie autour de l\u2019interdiction des voitures \u00e0 essence en 2035 dans l\u2019UE<\/strong><\/p>\n<p>Les constructeurs automobiles sont \u00e0 Bruxelles aujourd\u2019hui pour un nouveau dialogue de haut niveau sur l\u2019industrie, et l\u2019enjeu est plus important que d\u2019habitude lors des ateliers des PDG.<\/p>\n<p>Mais selon des personnes proches du commissaire au March\u00e9 unique St\u00e9phane S\u00e9journ\u00e9, le seul sujet dont tout le monde veut parler est la suppression de l\u2019interdiction par l\u2019UE des voitures neuves diesel et essence \u00e0 partir de 2035, rapporte Nikolaus J. Kurmayer.<\/p>\n<p>Comment pourraient-ils en \u00eatre autrement ? Le momentum est de leur c\u00f4t\u00e9 : la semaine a commenc\u00e9 avec Friedrich Merz appelant \u00e0 la lev\u00e9e de l\u2019interdiction lors de son discours d\u2019ouverture au salon automobile IAA de Munich, suivi par Ursula von der Leyen signalant qu\u2019elle \u00e9tait ouverte \u00e0 cette id\u00e9e.<\/p>\n<p>Les constructeurs automobiles allemands se sont joints \u00e0 cette initiative hier, cette fois-ci soutenus par les m\u00e9tallurgistes IG Metall (ce qui est surprenant). Jusqu\u2019\u00e0 pr\u00e9sent, rares sont ceux qui, dans l\u2019industrie, ont adh\u00e9r\u00e9 \u00e0 l\u2019appel de l\u2019UE \u00e0 se concentrer sur les v\u00e9hicules \u00e9lectriques l\u00e9gers.<\/p>\n<p><strong>Pas d\u2019accord en vue sur l\u2019objectif climatique pour 2040<\/strong><\/p>\n<p>Les ambassadeurs se r\u00e9unissent aujourd\u2019hui avant le Conseil Environnement du 18 septembre afin de pr\u00e9parer l\u2019objectif climatique de l\u2019Union pour 2040. Aucun accord n\u2019est attendu,\u00a0\u00ab tout sera d\u00e9cid\u00e9 lors du Conseil \u00bb, a d\u00e9clar\u00e9 un diplomate europ\u00e9en, alors que les tensions politiques persistent entre les pays qui s\u2019inqui\u00e8tent des co\u00fbts et ceux qui sont d\u00e9termin\u00e9s \u00e0 ne pas se pr\u00e9senter les mains vides \u00e0 la COP30 au Br\u00e9sil.<\/p>\n<p>Le Danemark pr\u00e9side les discussions et a propos\u00e9 des concessions importantes \u2013 notamment une plus grande marge de man\u0153uvre pour l\u2019externalisation vers des pays tiers et un ajustement \u00e0 la baisse de l\u2019objectif si l\u2019industrie lourde se trouve en difficult\u00e9 \u2013 dans l\u2019<a title=\"https:\/\/email.newsletter.euractiv.fr\/c\/eJxs0stuo0gYBeCngc3IVl2ggAULDNhOYsdxbKDNBhVFYQgXYyiuTz-K1K2JRr09__evzklMrEBVl7kJNVUjBGGI5MzUKOeQMaJRlWFC1ZRBhXCeUKIAoFBVzk0EkAoMiICGoYrWcB1LSDN0SyMOMjZAIcTAhoQ0SQE1H7uSC8HbNe9bykQ-rNNWLs1MiEbCloS2Etryiubl-m-WPSoJbdm3eZ1Y4e4OaLHO2a_Ve2oVMyjyuX45nm4xqmzieX3NluLG4dMGex4uehQcbo2HBk2DAx6cHXBjEXv-hq9YHC5nAD8vna7YfBF8OnrQCbV258aTCJT07eXt_tz4zh1uK6d7EniluH2OThrgE6q5QVRIAIDU2sKw5NW4HP1TQy_67ZTgtrc1f2_HFZrj46dnDY-9ru8LfWOlaGP32X6-9wFeXsvL9SN5S49Fg71Bb5rdTPsj05upyD-ywzvrzn4JqdXNFxbP518jqPZaHSZfweCdL83QP11hsVXx-oWyJOvbaEi_mmnx5jDjNdcfRX0qAv2VxWqyuTfacg1qUFWsnM5ejbL-fRzT4DPrBUvHqMdwtS_14UNE6cHwNc_FcUzvO9S6X7fu9B6EQrnazyf3Txtnp1wNstolKwon6ERWbVlOFI0vU-EDCW97UUXdo28Zl7Dzp0kJke-84kneVxJ2_iv794U9asFrIWEnfNT8H_g7Frz95mAF_jhaNTS_1xJ2tp_Rwb1EtvXxcrUO7kWuTKgTHSMFy63Z0ZZm61p0OZUU8HNRsjA5ZdH_36OfuwZQHkz0bwAAAP__rf4F0Q\" href=\"https:\/\/email.newsletter.euractiv.fr\/c\/eJxs0stuo0gYBeCngc3IVl2ggAULDNhOYsdxbKDNBhVFYQgXYyiuTz-K1K2JRr09__evzklMrEBVl7kJNVUjBGGI5MzUKOeQMaJRlWFC1ZRBhXCeUKIAoFBVzk0EkAoMiICGoYrWcB1LSDN0SyMOMjZAIcTAhoQ0SQE1H7uSC8HbNe9bykQ-rNNWLs1MiEbCloS2Etryiubl-m-WPSoJbdm3eZ1Y4e4OaLHO2a_Ve2oVMyjyuX45nm4xqmzieX3NluLG4dMGex4uehQcbo2HBk2DAx6cHXBjEXv-hq9YHC5nAD8vna7YfBF8OnrQCbV258aTCJT07eXt_tz4zh1uK6d7EniluH2OThrgE6q5QVRIAIDU2sKw5NW4HP1TQy_67ZTgtrc1f2_HFZrj46dnDY-9ru8LfWOlaGP32X6-9wFeXsvL9SN5S49Fg71Bb5rdTPsj05upyD-ywzvrzn4JqdXNFxbP518jqPZaHSZfweCdL83QP11hsVXx-oWyJOvbaEi_mmnx5jDjNdcfRX0qAv2VxWqyuTfacg1qUFWsnM5ejbL-fRzT4DPrBUvHqMdwtS_14UNE6cHwNc_FcUzvO9S6X7fu9B6EQrnazyf3Txtnp1wNstolKwon6ERWbVlOFI0vU-EDCW97UUXdo28Zl7Dzp0kJke-84kneVxJ2_iv794U9asFrIWEnfNT8H_g7Frz95mAF_jhaNTS_1xJ2tp_Rwb1EtvXxcrUO7kWuTKgTHSMFy63Z0ZZm61p0OZUU8HNRsjA5ZdH_36OfuwZQHkz0bwAAAP__rf4F0Q\" data-auth=\"NotApplicable\" data-linkindex=\"6\" rel=\"nofollow noopener\" target=\"_blank\">espoir de<\/a>\u00a0parvenir \u00e0 un accord.<\/p>\n<p>Les divisions persistent, un diplomate qualifiant les concessions danoises de\u00a0\u00ab loin d\u2019\u00eatre suffisantes \u00bb.<\/p>\n<p><strong>Les nomin\u00e9s pour le prix Sakharov de cette ann\u00e9e sont connus\u2026<\/strong><\/p>\n<p>Parmi les huit candidats au prix annuel des droits de l\u2019homme d\u00e9cern\u00e9 par le Parlement figurent des journalistes et des travailleurs humanitaires palestiniens, nomin\u00e9s par les socialistes ; l\u2019activiste bi\u00e9lorusse Andrzej Poczobut, soutenu par le PPE et l\u2019ECR ; Budapest Pride, nomin\u00e9 par les Verts ; et le dernier candidat en date, Charlie Kirk, propos\u00e9 \u00e0 titre posthume par Ren\u00e9 Aust, du groupe d\u2019extr\u00eame droite ESN, au nom de l\u2019AfD allemande.<\/p>\n<p>Les dirigeants politiques du Parlement d\u00e9signeront le laur\u00e9at en octobre, apr\u00e8s que les commissions des affaires \u00e9trang\u00e8res et du d\u00e9veloppement auront r\u00e9duit le nombre de candidats \u00e0 trois. L\u2019ann\u00e9e derni\u00e8re, le PPE s\u2019est associ\u00e9 \u00e0 des groupes d\u2019extr\u00eame droite pour louer les figures de l\u2019opposition v\u00e9n\u00e9zu\u00e9lienne, donnant naissance \u00e0 la d\u00e9sormais c\u00e9l\u00e8bre \u00ab\u00a0<a title=\"https:\/\/email.newsletter.euractiv.fr\/c\/eJxs0s-OqkgYBfCngc0EU3-AggULBgSlUURsrrKpFFAIo4BCgThPP-nkdqYzme35ft_qnNLCKtQMmVuQaETXEYZIrq2Cl2ZVmYSoPMdcq4BZcKhpSNe1irFSlRsLAaQBEyJAMNTQCq5yCRHTsInuIvNPoOq6iU0JEUkFHX-Ndy4EH1Z8GlghmnlVDfLdqoV4SNiWkCchj7esua_-zxZ9KyGv-DLBUtzWStgDO15O5p6_7h-UnPN4oU4Ubt03-XgVGmei3ubChsLPqbJtTmP2JBBP5saI8_k6OHrsKOOYp8dY5J4e_FJekeMv_TZ5XW5zlNbd9f5hx4qz39_O4HabXf_ta_sbOd9Zo7RhUqY9nPJyzIw324H1wh5d51QZip1N5P1SM9tIdS9L1PawhGX6zKPTJtuV86TMS3Ihtv75vmh-uPHyxHjG6dMO1mMav_rPFyD1CLV1dFV61M4ConNgP8Sza8ZOn3aGuviwfc4Y_93sguQd7BbvRG6fKlCbzg6Pwe7xjrasiGr-VxwYaHMNzkqz2xvXc70_kWqa6XzYcGoiOuOFV0R7aI1ZrNX-maIjjftsaYaj33sPOmwdfjnFlX4gVMnTd33EITV823YpBTStcSFhbxItHftpKLiE3e-2JKR_5S0vm6mVsPtvob8vRd8J3gkJu1nf8T_g71jw4YsDBXw71j5Yc-0k7HpHGq4T6tiH7ckO14ncWtDQDYxULA_WyAZWrzoxNkxSwc_VyMLirKD_fac_twugPFvonwAAAP__k-_5mQ\" href=\"https:\/\/email.newsletter.euractiv.fr\/c\/eJxs0s-OqkgYBfCngc0EU3-AggULBgSlUURsrrKpFFAIo4BCgThPP-nkdqYzme35ft_qnNLCKtQMmVuQaETXEYZIrq2Cl2ZVmYSoPMdcq4BZcKhpSNe1irFSlRsLAaQBEyJAMNTQCq5yCRHTsInuIvNPoOq6iU0JEUkFHX-Ndy4EH1Z8GlghmnlVDfLdqoV4SNiWkCchj7esua_-zxZ9KyGv-DLBUtzWStgDO15O5p6_7h-UnPN4oU4Ubt03-XgVGmei3ubChsLPqbJtTmP2JBBP5saI8_k6OHrsKOOYp8dY5J4e_FJekeMv_TZ5XW5zlNbd9f5hx4qz39_O4HabXf_ta_sbOd9Zo7RhUqY9nPJyzIw324H1wh5d51QZip1N5P1SM9tIdS9L1PawhGX6zKPTJtuV86TMS3Ihtv75vmh-uPHyxHjG6dMO1mMav_rPFyD1CLV1dFV61M4ConNgP8Sza8ZOn3aGuviwfc4Y_93sguQd7BbvRG6fKlCbzg6Pwe7xjrasiGr-VxwYaHMNzkqz2xvXc70_kWqa6XzYcGoiOuOFV0R7aI1ZrNX-maIjjftsaYaj33sPOmwdfjnFlX4gVMnTd33EITV823YpBTStcSFhbxItHftpKLiE3e-2JKR_5S0vm6mVsPtvob8vRd8J3gkJu1nf8T_g71jw4YsDBXw71j5Yc-0k7HpHGq4T6tiH7ckO14ncWtDQDYxULA_WyAZWrzoxNkxSwc_VyMLirKD_fac_twugPFvonwAAAP__k-_5mQ\" data-auth=\"NotApplicable\" data-linkindex=\"7\" rel=\"nofollow noopener\" target=\"_blank\">majorit\u00e9 v\u00e9n\u00e9zu\u00e9lienne \u00bb.<\/a><\/p>\n","protected":false},"excerpt":{"rendered":"La session pl\u00e9ni\u00e8re de Strasbourg cette semaine a \u00e9t\u00e9 le th\u00e9\u00e2tre d\u2019un spectacle politique fran\u00e7ais, Ursula von der&hellip;\n","protected":false},"author":2,"featured_media":384831,"comment_status":"","ping_status":"","sticky":false,"template":"","format":"standard","meta":{"footnotes":""},"categories":[2820],"tags":[1111,11,1777,674,1011,27,775,12,25,640],"class_list":{"0":"post-384830","1":"post","2":"type-post","3":"status-publish","4":"format-standard","5":"has-post-thumbnail","7":"category-strasbourg","8":"tag-actu","9":"tag-actualites","10":"tag-eu","11":"tag-europe","12":"tag-fr","13":"tag-france","14":"tag-grand-est","15":"tag-news","16":"tag-republique-francaise","17":"tag-strasbourg"},"share_on_mastodon":{"url":"https:\/\/pubeurope.com\/@fr\/115190335028958832","error":""},"_links":{"self":[{"href":"https:\/\/www.europesays.com\/fr\/wp-json\/wp\/v2\/posts\/384830","targetHints":{"allow":["GET"]}}],"collection":[{"href":"https:\/\/www.europesays.com\/fr\/wp-json\/wp\/v2\/posts"}],"about":[{"href":"https:\/\/www.europesays.com\/fr\/wp-json\/wp\/v2\/types\/post"}],"author":[{"embeddable":true,"href":"https:\/\/www.europesays.com\/fr\/wp-json\/wp\/v2\/users\/2"}],"replies":[{"embeddable":true,"href":"https:\/\/www.europesays.com\/fr\/wp-json\/wp\/v2\/comments?post=384830"}],"version-history":[{"count":0,"href":"https:\/\/www.europesays.com\/fr\/wp-json\/wp\/v2\/posts\/384830\/revisions"}],"wp:featuredmedia":[{"embeddable":true,"href":"https:\/\/www.europesays.com\/fr\/wp-json\/wp\/v2\/media\/384831"}],"wp:attachment":[{"href":"https:\/\/www.europesays.com\/fr\/wp-json\/wp\/v2\/media?parent=384830"}],"wp:term":[{"taxonomy":"category","embeddable":true,"href":"https:\/\/www.europesays.com\/fr\/wp-json\/wp\/v2\/categories?post=384830"},{"taxonomy":"post_tag","embeddable":true,"href":"https:\/\/www.europesays.com\/fr\/wp-json\/wp\/v2\/tags?post=384830"}],"curies":[{"name":"wp","href":"https:\/\/api.w.org\/{rel}","templated":true}]}}