{"id":384832,"date":"2025-09-12T08:16:13","date_gmt":"2025-09-12T08:16:13","guid":{"rendered":"https:\/\/www.europesays.com\/fr\/384832\/"},"modified":"2025-09-12T08:16:13","modified_gmt":"2025-09-12T08:16:13","slug":"moyenne-corniche-les-travaux-suspendus-dans-les-prochaines-heures-pour-faciliter-la-circulation","status":"publish","type":"post","link":"https:\/\/www.europesays.com\/fr\/384832\/","title":{"rendered":"Moyenne Corniche: les travaux suspendus dans les prochaines heures pour faciliter la circulation?"},"content":{"rendered":"<p>Impossible pour le ministre d\u2019\u00c9tat d\u2019\u00e9chapper au sujet qui fait du bruit dans le Landerneau depuis quelques jours: que compte-t-il faire pour solutionner la pagaille de <a href=\"https:\/\/www.nicematin.com\/a\/1001413\" target=\"_blank\" rel=\"noopener\">circulation monstre aux heures de pointe sur la Moyenne Corniche<\/a> depuis plusieurs jours?<\/p>\n<p>L\u2019installation d\u2019un chantier pour b\u00e2tir un b\u00e2timent de logements sociaux sur la commune de Cap-d\u2019Ail r\u00e9duit cet axe majeur de circulation \u00e0 une seule voie sur plusieurs dizaines de m\u00e8tres. Une <a href=\"https:\/\/www.nicematin.com\/a\/1000954\" target=\"_blank\" rel=\"noopener\">situation promise pour durer un an et demi<\/a>.<\/p>\n<p>\u00ab\u00a0Une chauss\u00e9e r\u00e9tr\u00e9cie pendant dix-huit mois, c\u2019est inimaginable\u00a0\u00bb, r\u00e9pond le chef du gouvernement princier, bien conscient de la <a href=\"https:\/\/www.nicematin.com\/a\/1000569\" target=\"_blank\" rel=\"noopener\">nuisance majeure<\/a> et qui avance s\u2019\u00eatre entretenu \u00ab\u00a0personnellement\u00a0\u00bb depuis le d\u00e9but de la semaine avec le maire de Cap-d\u2019Ail, la M\u00e9tropole Nice C\u00f4te d\u2019Azur, le pr\u00e9fet et la direction g\u00e9n\u00e9rale d\u2019Erilia, l\u2019entreprise qui op\u00e8re sur place.<\/p>\n<p><strong>Une d\u00e9cision \u00ab\u00a0dans les tout prochains jours\u00a0\u00bb<\/strong><\/p>\n<p>\u00ab\u00a0Ces \u00e9changes doivent nous permettre de trouver des conditions pour garantir la s\u00e9curit\u00e9 des travailleurs et accompagner le chantier pour qu\u2019il n\u2019y ait pas besoin pendant la totalit\u00e9 de la journ\u00e9e de cette emprise sur la chauss\u00e9e. Il est difficile de concevoir de bouger les plots en b\u00e9ton arm\u00e9 tous les jours. Mais ils peuvent travailler diff\u00e9remment, ou trouver une autre possibilit\u00e9 d\u2019approvisionnement du chantier. Ce sera sans doute une d\u00e9pense suppl\u00e9mentaire pour l\u2019ex\u00e9cution du chantier, \u00e0 laquelle la Principaut\u00e9 est pr\u00eate \u00e0 contribuer.\u00a0\u00bb<\/p>\n<p>Avant de trouver une solution, le chantier pourrait tout bonnement \u00eatre suspendu dans les heures qui viennent. Provisoirement. Le ministre d\u2019\u00c9tat voyant poindre notamment une augmentation de la circulation en amont et pendant le Monaco Yacht Show du 24 au 27 septembre.<\/p>\n<p>\u00ab\u00a0On ne va pas ajouter des difficult\u00e9s suppl\u00e9mentaires et nous souhaitons que la d\u00e9cision de suspension provisoire du chantier soit prise dans les tout prochains jours.\u00a0\u00bb Affaire \u00e0 suivre&#8230;<\/p>\n","protected":false},"excerpt":{"rendered":"Impossible pour le ministre d\u2019\u00c9tat d\u2019\u00e9chapper au sujet qui fait du bruit dans le Landerneau depuis quelques jours:&hellip;\n","protected":false},"author":2,"featured_media":384833,"comment_status":"","ping_status":"","sticky":false,"template":"","format":"standard","meta":{"footnotes":""},"categories":[2819],"tags":[1111,11,1777,674,332,1011,27,12,2401,882,25],"class_list":{"0":"post-384832","1":"post","2":"type-post","3":"status-publish","4":"format-standard","5":"has-post-thumbnail","7":"category-nice","8":"tag-actu","9":"tag-actualites","10":"tag-eu","11":"tag-europe","12":"tag-faits-de-societe","13":"tag-fr","14":"tag-france","15":"tag-news","16":"tag-nice","17":"tag-provence-alpes-cote-dazur","18":"tag-republique-francaise"},"share_on_mastodon":{"url":"https:\/\/pubeurope.com\/@fr\/115190339016802058","error":""},"_links":{"self":[{"href":"https:\/\/www.europesays.com\/fr\/wp-json\/wp\/v2\/posts\/384832","targetHints":{"allow":["GET"]}}],"collection":[{"href":"https:\/\/www.europesays.com\/fr\/wp-json\/wp\/v2\/posts"}],"about":[{"href":"https:\/\/www.europesays.com\/fr\/wp-json\/wp\/v2\/types\/post"}],"author":[{"embeddable":true,"href":"https:\/\/www.europesays.com\/fr\/wp-json\/wp\/v2\/users\/2"}],"replies":[{"embeddable":true,"href":"https:\/\/www.europesays.com\/fr\/wp-json\/wp\/v2\/comments?post=384832"}],"version-history":[{"count":0,"href":"https:\/\/www.europesays.com\/fr\/wp-json\/wp\/v2\/posts\/384832\/revisions"}],"wp:featuredmedia":[{"embeddable":true,"href":"https:\/\/www.europesays.com\/fr\/wp-json\/wp\/v2\/media\/384833"}],"wp:attachment":[{"href":"https:\/\/www.europesays.com\/fr\/wp-json\/wp\/v2\/media?parent=384832"}],"wp:term":[{"taxonomy":"category","embeddable":true,"href":"https:\/\/www.europesays.com\/fr\/wp-json\/wp\/v2\/categories?post=384832"},{"taxonomy":"post_tag","embeddable":true,"href":"https:\/\/www.europesays.com\/fr\/wp-json\/wp\/v2\/tags?post=384832"}],"curies":[{"name":"wp","href":"https:\/\/api.w.org\/{rel}","templated":true}]}}