{"id":384834,"date":"2025-09-12T08:17:22","date_gmt":"2025-09-12T08:17:22","guid":{"rendered":"https:\/\/www.europesays.com\/fr\/384834\/"},"modified":"2025-09-12T08:17:22","modified_gmt":"2025-09-12T08:17:22","slug":"d1-feminine-incapable-de-gagner-a-nice-depuis-son-arrivee-dans-lelite-plan-de-cuques-peut-il-le-faire","status":"publish","type":"post","link":"https:\/\/www.europesays.com\/fr\/384834\/","title":{"rendered":"D1 f\u00e9minine : incapable de gagner \u00e0 Nice depuis son arriv\u00e9e dans l&rsquo;\u00e9lit\u00e9, Plan-de-Cuques peut-il le faire ?"},"content":{"rendered":"<p>Depuis qu&rsquo;elles ont retrouv\u00e9 l&rsquo;\u00e9lite tricolore en\u00a02020, jamais <a href=\"https:\/\/www.laprovence.com\/article\/sports\/1113451340576115\/handball-d1-feminine-plan-de-cuques-a-lheure-de-la-reprise\" target=\"_blank\" rel=\"nofollow noopener\">les Plan-de-Cuquoises<\/a> n&rsquo;ont r\u00e9ussi \u00e0 s&rsquo;imposer \u00e0 Nice. En\u00a02022, elles avaient arrach\u00e9 le match nul lors de la derni\u00e8re journ\u00e9e (26-26). L&rsquo;an dernier, elles s&rsquo;\u00e9taient inclin\u00e9es d&rsquo;un petit but (26-25).<\/p>\n<p>Pourront-elles inverser cette ann\u00e9e cette statistique, en sachant qu&rsquo;elles sont capables de trouver la solution puisqu&rsquo;elles se sont impos\u00e9es \u00e0 domicile ces trois derni\u00e8res saisons face \u00e0 cette solide formation. \u00ab\u00a0Sur le papier, on est outsider car elles perdent tr\u00e8s peu \u00e0 domicile. Mais on va partir avec de la confiance par rapport \u00e0 notre prestation contre Besan\u00e7on\u00a0\u00bb, souligne l&rsquo;entra\u00eeneur Ang\u00e9lique Spincer.<\/p>\n<p>Nice &#8211; Plan-de-Cuques<\/p>\n<p>LBE. 2e journ\u00e9e, \u00e0 20h.<\/p>\n<p>Le groupe\u00a0: Novellan, Schupbach &#8211; Martel (cap.), Loquay, Berrais, Kromoska, Antonissen, A. Demb\u00e9l\u00e9, Naal, Perret, Elisme, Mathon.<\/p>\n<p>Entra\u00eeneur\u00a0: Ang\u00e9lique Spincer.<\/p>\n","protected":false},"excerpt":{"rendered":"Depuis qu&rsquo;elles ont retrouv\u00e9 l&rsquo;\u00e9lite tricolore en\u00a02020, jamais les Plan-de-Cuquoises n&rsquo;ont r\u00e9ussi \u00e0 s&rsquo;imposer \u00e0 Nice. En\u00a02022, elles&hellip;\n","protected":false},"author":2,"featured_media":384835,"comment_status":"","ping_status":"","sticky":false,"template":"","format":"standard","meta":{"footnotes":""},"categories":[2819],"tags":[17,1111,11,394,11594,1777,674,1011,27,7683,1792,51757,12,2401,882,25,3711,60],"class_list":{"0":"post-384834","1":"post","2":"type-post","3":"status-publish","4":"format-standard","5":"has-post-thumbnail","7":"category-nice","8":"tag-17","9":"tag-actu","10":"tag-actualites","11":"tag-depuis","12":"tag-entree","13":"tag-eu","14":"tag-europe","15":"tag-fr","16":"tag-france","17":"tag-gagner","18":"tag-handball","19":"tag-incapable","20":"tag-news","21":"tag-nice","22":"tag-provence-alpes-cote-dazur","23":"tag-republique-francaise","24":"tag-son","25":"tag-sports"},"share_on_mastodon":{"url":"https:\/\/pubeurope.com\/@fr\/115190342840662441","error":""},"_links":{"self":[{"href":"https:\/\/www.europesays.com\/fr\/wp-json\/wp\/v2\/posts\/384834","targetHints":{"allow":["GET"]}}],"collection":[{"href":"https:\/\/www.europesays.com\/fr\/wp-json\/wp\/v2\/posts"}],"about":[{"href":"https:\/\/www.europesays.com\/fr\/wp-json\/wp\/v2\/types\/post"}],"author":[{"embeddable":true,"href":"https:\/\/www.europesays.com\/fr\/wp-json\/wp\/v2\/users\/2"}],"replies":[{"embeddable":true,"href":"https:\/\/www.europesays.com\/fr\/wp-json\/wp\/v2\/comments?post=384834"}],"version-history":[{"count":0,"href":"https:\/\/www.europesays.com\/fr\/wp-json\/wp\/v2\/posts\/384834\/revisions"}],"wp:featuredmedia":[{"embeddable":true,"href":"https:\/\/www.europesays.com\/fr\/wp-json\/wp\/v2\/media\/384835"}],"wp:attachment":[{"href":"https:\/\/www.europesays.com\/fr\/wp-json\/wp\/v2\/media?parent=384834"}],"wp:term":[{"taxonomy":"category","embeddable":true,"href":"https:\/\/www.europesays.com\/fr\/wp-json\/wp\/v2\/categories?post=384834"},{"taxonomy":"post_tag","embeddable":true,"href":"https:\/\/www.europesays.com\/fr\/wp-json\/wp\/v2\/tags?post=384834"}],"curies":[{"name":"wp","href":"https:\/\/api.w.org\/{rel}","templated":true}]}}