{"id":384836,"date":"2025-09-12T08:18:10","date_gmt":"2025-09-12T08:18:10","guid":{"rendered":"https:\/\/www.europesays.com\/fr\/384836\/"},"modified":"2025-09-12T08:18:10","modified_gmt":"2025-09-12T08:18:10","slug":"chu-de-nantes-une-nouvelle-unite-dhospitalisation-de-psychiatrie-pour-les-jeunes","status":"publish","type":"post","link":"https:\/\/www.europesays.com\/fr\/384836\/","title":{"rendered":"CHU de Nantes : une nouvelle unit\u00e9 d\u2019hospitalisation de psychiatrie pour les jeunes"},"content":{"rendered":"<p>\u00ab Nous sommes dans une situation probl\u00e9matique, avec une pr\u00e9sence r\u00e9guli\u00e8re de mineurs dans les services de psychiatrie adulte. 208 d&rsquo;entre eux ont \u00e9t\u00e9 concern\u00e9s en 2023 en Loire-Atlantique, alors qu&rsquo;ils devraient \u00eatre hospitalis\u00e9s avec leurs pairs. Il est tr\u00e8s important que les jeunes aient ce premier contact avec la psychiatrie dans de bonnes conditions (groupe de pairs, soins sp\u00e9cifiques). Si leur premier contact les renvoie \u00e0 des pathologies mentales av\u00e9r\u00e9es chroniques, cela leur donne une image extr\u00eamement lourde et stigmatisante de la maladie mentale. Cela peut renforcer le d\u00e9ni des troubles et aggraver le retard aux soins. Deuxi\u00e8mement, nous constatons une augmentation tr\u00e8s nette des jeunes qui sont en situation de d\u00e9tresse psychologique depuis la pand\u00e9mie, qui se traduit par une augmentation de 10%\u00a0 des 15-18 ans entre 2021 et 2023 aux urgences m\u00e9dico-psychologiques du CHU de Nantes. Troisi\u00e8mement, il s\u2019agit d\u2019une situation de perte de chances, car il faut le rappeler\u00a0: 80% des pathologies psychiatriques commencent entre 15 et 25 ans. Durant cette p\u00e9riode de vuln\u00e9rabilit\u00e9, malheureusement, seulement un quart des jeunes a recours aux soins, eu \u00e9gard \u00e0 une mauvaise repr\u00e9sentation de la maladie mentale et une difficult\u00e9 d\u2019acc\u00e8s aux soins. Il faut aussi savoir que la Loire-Atlantique est sous-dot\u00e9e en lits d&rsquo;hospitalisation. Cette unit\u00e9 r\u00e9pond donc \u00e0 un vrai besoin de sant\u00e9 publique. \u00bb<\/p>\n","protected":false},"excerpt":{"rendered":"\u00ab Nous sommes dans une situation probl\u00e9matique, avec une pr\u00e9sence r\u00e9guli\u00e8re de mineurs dans les services de psychiatrie&hellip;\n","protected":false},"author":2,"featured_media":384837,"comment_status":"","ping_status":"","sticky":false,"template":"","format":"standard","meta":{"footnotes":""},"categories":[2818],"tags":[1111,11,1777,674,1011,27,766,12,2636,25],"class_list":{"0":"post-384836","1":"post","2":"type-post","3":"status-publish","4":"format-standard","5":"has-post-thumbnail","7":"category-nantes","8":"tag-actu","9":"tag-actualites","10":"tag-eu","11":"tag-europe","12":"tag-fr","13":"tag-france","14":"tag-nantes","15":"tag-news","16":"tag-pays-de-la-loire","17":"tag-republique-francaise"},"share_on_mastodon":{"url":"https:\/\/pubeurope.com\/@fr\/115190346905701432","error":""},"_links":{"self":[{"href":"https:\/\/www.europesays.com\/fr\/wp-json\/wp\/v2\/posts\/384836","targetHints":{"allow":["GET"]}}],"collection":[{"href":"https:\/\/www.europesays.com\/fr\/wp-json\/wp\/v2\/posts"}],"about":[{"href":"https:\/\/www.europesays.com\/fr\/wp-json\/wp\/v2\/types\/post"}],"author":[{"embeddable":true,"href":"https:\/\/www.europesays.com\/fr\/wp-json\/wp\/v2\/users\/2"}],"replies":[{"embeddable":true,"href":"https:\/\/www.europesays.com\/fr\/wp-json\/wp\/v2\/comments?post=384836"}],"version-history":[{"count":0,"href":"https:\/\/www.europesays.com\/fr\/wp-json\/wp\/v2\/posts\/384836\/revisions"}],"wp:featuredmedia":[{"embeddable":true,"href":"https:\/\/www.europesays.com\/fr\/wp-json\/wp\/v2\/media\/384837"}],"wp:attachment":[{"href":"https:\/\/www.europesays.com\/fr\/wp-json\/wp\/v2\/media?parent=384836"}],"wp:term":[{"taxonomy":"category","embeddable":true,"href":"https:\/\/www.europesays.com\/fr\/wp-json\/wp\/v2\/categories?post=384836"},{"taxonomy":"post_tag","embeddable":true,"href":"https:\/\/www.europesays.com\/fr\/wp-json\/wp\/v2\/tags?post=384836"}],"curies":[{"name":"wp","href":"https:\/\/api.w.org\/{rel}","templated":true}]}}