{"id":384849,"date":"2025-09-12T08:26:10","date_gmt":"2025-09-12T08:26:10","guid":{"rendered":"https:\/\/www.europesays.com\/fr\/384849\/"},"modified":"2025-09-12T08:26:10","modified_gmt":"2025-09-12T08:26:10","slug":"trace-frequence-capacite-les-etudiants-de-saint-jerome-dezinguent-deja-le-nouveau-bus-b3","status":"publish","type":"post","link":"https:\/\/www.europesays.com\/fr\/384849\/","title":{"rendered":"Trac\u00e9, fr\u00e9quence, capacit\u00e9\u00a0: les \u00e9tudiants de Saint-J\u00e9r\u00f4me d\u00e9zinguent d\u00e9j\u00e0 le nouveau bus B3"},"content":{"rendered":"<p>\t    Trac\u00e9, fr\u00e9quence, capacit\u00e9\u00a0: les \u00e9tudiants de Saint-J\u00e9r\u00f4me d\u00e9zinguent d\u00e9j\u00e0 le nouveau bus B3 &#8211; Marsactu<\/p>\n<p>&#13;<br \/>\n\t\t&#13;<\/p>\n<p>Nous utilisons des cookies pour vous garantir la meilleure exp\u00e9rience sur notre site. Vous pouvez choisir de refuser les cookies.J&rsquo;accepteNonEn savoir plus<\/p>\n<p>\t\t&#13;<\/p>\n","protected":false},"excerpt":{"rendered":"Trac\u00e9, fr\u00e9quence, capacit\u00e9\u00a0: les \u00e9tudiants de Saint-J\u00e9r\u00f4me d\u00e9zinguent d\u00e9j\u00e0 le nouveau bus B3 &#8211; Marsactu &#13; &#13; Nous&hellip;\n","protected":false},"author":2,"featured_media":384850,"comment_status":"","ping_status":"","sticky":false,"template":"","format":"standard","meta":{"footnotes":""},"categories":[2814],"tags":[1111,11,51758,51759,7048,1777,674,1011,27,884,2800,12,882,2687,25,10783,4772],"class_list":{"0":"post-384849","1":"post","2":"type-post","3":"status-publish","4":"format-standard","5":"has-post-thumbnail","7":"category-marseille","8":"tag-actu","9":"tag-actualites","10":"tag-amu","11":"tag-b3","12":"tag-bus","13":"tag-eu","14":"tag-europe","15":"tag-fr","16":"tag-france","17":"tag-marseille","18":"tag-metropole","19":"tag-news","20":"tag-provence-alpes-cote-dazur","21":"tag-reportage","22":"tag-republique-francaise","23":"tag-rtm","24":"tag-zalu"},"share_on_mastodon":{"url":"https:\/\/pubeurope.com\/@fr\/115190378204066078","error":""},"_links":{"self":[{"href":"https:\/\/www.europesays.com\/fr\/wp-json\/wp\/v2\/posts\/384849","targetHints":{"allow":["GET"]}}],"collection":[{"href":"https:\/\/www.europesays.com\/fr\/wp-json\/wp\/v2\/posts"}],"about":[{"href":"https:\/\/www.europesays.com\/fr\/wp-json\/wp\/v2\/types\/post"}],"author":[{"embeddable":true,"href":"https:\/\/www.europesays.com\/fr\/wp-json\/wp\/v2\/users\/2"}],"replies":[{"embeddable":true,"href":"https:\/\/www.europesays.com\/fr\/wp-json\/wp\/v2\/comments?post=384849"}],"version-history":[{"count":0,"href":"https:\/\/www.europesays.com\/fr\/wp-json\/wp\/v2\/posts\/384849\/revisions"}],"wp:featuredmedia":[{"embeddable":true,"href":"https:\/\/www.europesays.com\/fr\/wp-json\/wp\/v2\/media\/384850"}],"wp:attachment":[{"href":"https:\/\/www.europesays.com\/fr\/wp-json\/wp\/v2\/media?parent=384849"}],"wp:term":[{"taxonomy":"category","embeddable":true,"href":"https:\/\/www.europesays.com\/fr\/wp-json\/wp\/v2\/categories?post=384849"},{"taxonomy":"post_tag","embeddable":true,"href":"https:\/\/www.europesays.com\/fr\/wp-json\/wp\/v2\/tags?post=384849"}],"curies":[{"name":"wp","href":"https:\/\/api.w.org\/{rel}","templated":true}]}}