{"id":384851,"date":"2025-09-12T08:27:10","date_gmt":"2025-09-12T08:27:10","guid":{"rendered":"https:\/\/www.europesays.com\/fr\/384851\/"},"modified":"2025-09-12T08:27:10","modified_gmt":"2025-09-12T08:27:10","slug":"la-grande-operation-de-depollution-demarre-dans-les-calanques-de-marseille","status":"publish","type":"post","link":"https:\/\/www.europesays.com\/fr\/384851\/","title":{"rendered":"La grande op\u00e9ration de d\u00e9pollution d\u00e9marre dans les calanques de Marseille"},"content":{"rendered":"<p class=\"paragraph text_align_left lp-f-body-02\">Plomb et arsenic essentiellement, mais aussi mercure, cuivre, zinc, cadmium ou nickel : sur 29 ha des concentrations massives de m\u00e9taux lourds dans des sols ont lourdement contamin\u00e9s 77 sites diss\u00e9min\u00e9s \u00e0 l\u2019entr\u00e9e du <a href=\"https:\/\/www.leparisien.fr\/bouches-du-rhone-13\/marseille-journee-sans-voiture-experimentee-pour-proteger-les-calanques-du-surtourisme-04-10-2024-AWSXTFVCTRHOVBQU2HTQ7SQYBM.php\" target=\"_blank\" rel=\"noreferrer noopener\">Parc national des calanques<\/a>, site embl\u00e9matique du tourisme marseillais.<\/p>\n<p class=\"paragraph text_align_left lp-f-body-02\">Ces paysages idylliques de la rade sud de Marseille (<a href=\"https:\/\/www.leparisien.fr\/bouches-du-rhone-13\/\" target=\"_blank\" rel=\"noreferrer noopener\">Bouches-du-Rh\u00f4ne<\/a>) cachent l\u2019h\u00e9ritage empoisonn\u00e9 de deux si\u00e8cles d\u2019activit\u00e9 industrielle et chimique sur cette portion du littoral devenue aujourd\u2019hui touristique et baln\u00e9aire.<\/p>\n","protected":false},"excerpt":{"rendered":"Plomb et arsenic essentiellement, mais aussi mercure, cuivre, zinc, cadmium ou nickel : sur 29 ha des concentrations&hellip;\n","protected":false},"author":2,"featured_media":384852,"comment_status":"","ping_status":"","sticky":false,"template":"","format":"standard","meta":{"footnotes":""},"categories":[2814],"tags":[1111,11,11004,459,1777,674,1011,27,3746,884,12,882,25],"class_list":{"0":"post-384851","1":"post","2":"type-post","3":"status-publish","4":"format-standard","5":"has-post-thumbnail","7":"category-marseille","8":"tag-actu","9":"tag-actualites","10":"tag-bouches-du-rhone-13","11":"tag-departements-horsidfo","12":"tag-eu","13":"tag-europe","14":"tag-fr","15":"tag-france","16":"tag-futurs","17":"tag-marseille","18":"tag-news","19":"tag-provence-alpes-cote-dazur","20":"tag-republique-francaise"},"share_on_mastodon":{"url":"https:\/\/pubeurope.com\/@fr\/115190382196200706","error":""},"_links":{"self":[{"href":"https:\/\/www.europesays.com\/fr\/wp-json\/wp\/v2\/posts\/384851","targetHints":{"allow":["GET"]}}],"collection":[{"href":"https:\/\/www.europesays.com\/fr\/wp-json\/wp\/v2\/posts"}],"about":[{"href":"https:\/\/www.europesays.com\/fr\/wp-json\/wp\/v2\/types\/post"}],"author":[{"embeddable":true,"href":"https:\/\/www.europesays.com\/fr\/wp-json\/wp\/v2\/users\/2"}],"replies":[{"embeddable":true,"href":"https:\/\/www.europesays.com\/fr\/wp-json\/wp\/v2\/comments?post=384851"}],"version-history":[{"count":0,"href":"https:\/\/www.europesays.com\/fr\/wp-json\/wp\/v2\/posts\/384851\/revisions"}],"wp:featuredmedia":[{"embeddable":true,"href":"https:\/\/www.europesays.com\/fr\/wp-json\/wp\/v2\/media\/384852"}],"wp:attachment":[{"href":"https:\/\/www.europesays.com\/fr\/wp-json\/wp\/v2\/media?parent=384851"}],"wp:term":[{"taxonomy":"category","embeddable":true,"href":"https:\/\/www.europesays.com\/fr\/wp-json\/wp\/v2\/categories?post=384851"},{"taxonomy":"post_tag","embeddable":true,"href":"https:\/\/www.europesays.com\/fr\/wp-json\/wp\/v2\/tags?post=384851"}],"curies":[{"name":"wp","href":"https:\/\/api.w.org\/{rel}","templated":true}]}}