{"id":384853,"date":"2025-09-12T08:28:15","date_gmt":"2025-09-12T08:28:15","guid":{"rendered":"https:\/\/www.europesays.com\/fr\/384853\/"},"modified":"2025-09-12T08:28:15","modified_gmt":"2025-09-12T08:28:15","slug":"la-violence-fasciste-reste-impunie","status":"publish","type":"post","link":"https:\/\/www.europesays.com\/fr\/384853\/","title":{"rendered":"La violence fasciste reste impunie"},"content":{"rendered":"<p itemprop=\"description\"><strong>Le 5 d\u00e9cembre 2022, des militants de la France Insoumise avaient \u00e9t\u00e9 agress\u00e9s par un groupe de cinq individus issus de la mouvance ultra-droite \u00e0 Lyon.<\/strong><\/p>\n<p>A la sortie du m\u00e9tro Vieux-Lyon, ils distribuaient des tracts pour r\u00e9clamer la fermeture des locaux des Remparts, depuis dissous, lorsqu&rsquo;ils avaient \u00e9t\u00e9 violemment attaqu\u00e9s.<\/p>\n<p>La semaine derni\u00e8re, l&rsquo;un des auteurs des faits a \u00e9t\u00e9 jug\u00e9 et condamn\u00e9 \u00e0 Lyon. Ce jeune homme originaire de Feyzin n&rsquo;avait pas \u00e9t\u00e9 le plus violent de sa bande, se contentant de participer \u00e0 la bousculade tandis que ses camarades s&rsquo;acharnaient. L&rsquo;un des insoumis avait \u00e9t\u00e9 violemment frapp\u00e9 au visage (voir photo) et avait obtenu 7 jours d&rsquo;ITT.<\/p>\n<p>Seul membre du groupe jug\u00e9, le Feyzinois a \u00e9cop\u00e9 de 4 mois de prison avec sursis. Il devra \u00e9galement suivre un stage de citoyennet\u00e9.<\/p>\n<p>Une peine qui a ulc\u00e9r\u00e9 la d\u00e9put\u00e9e LFI de Lyon <a href=\"https:\/\/www.lyonmag.com\/profil-personnalite-lyonnaise\/698\/anais-belouassa-cherifi\" target=\"_blank\" rel=\"noopener nofollow\">Ana\u00efs Belouassa-Cherifi<\/a>. Les faits s&rsquo;\u00e9tant d\u00e9roul\u00e9s sur sa circonscription, la probable candidate aux \u00e9lections municipales 2026 a d\u00e9clar\u00e9 que \u00ab\u00a0la violence fasciste reste impunie\u00a0\u00bb \u00e0 Lyon.<\/p>\n<p>Sur les r\u00e9seaux sociaux, elle critique \u00ab\u00a0une justice qui minimise l\u2019extr\u00eame droite\u00a0\u00bb et qui \u00ab\u00a0envoie un signal de tol\u00e9rance aux fascistes\u00a0\u00bb. Ce qui constituerait une \u00ab\u00a0double peine\u00a0\u00bb pour les victimes insoumises, \u00e0 savoir \u00ab\u00a0subir la violence puis lutter contre l\u2019impunit\u00e9\u00a0\u00bb.<\/p>\n<blockquote class=\"twitter-tweet\"><p>&#13;<\/p>\n<p dir=\"ltr\" lang=\"fr\">\u00c0 Lyon, des militants LFI frapp\u00e9s en plein tractage par l\u2019extr\u00eame droite en 2022. <\/p>\n<p>Arcade ouverte, dents cass\u00e9es, fracture du plancher orbital pour Cl\u00e9ment, 18 ans, militant insoumis. <\/p>\n<p>\u27a1\ufe0f 4 mois de sursis et un stage pour l\u2019agresseur. La violence fasciste reste impunie. <a href=\"https:\/\/t.co\/Wx7IqiE9H1\" rel=\"nofollow\">pic.twitter.com\/Wx7IqiE9H1<\/a><\/p>\n<p>&#13;<br \/>\n\u2014 Ana\u00efs Belouassa Cherifi (@BelouassaAnais) <a href=\"https:\/\/twitter.com\/BelouassaAnais\/status\/1966121965657399473?ref_src=twsrc%5Etfw\" rel=\"nofollow noopener\" target=\"_blank\">September 11, 2025<\/a><\/p><\/blockquote>\n<p>\t\t  <script async src=\"https:\/\/platform.twitter.com\/widgets.js\" charset=\"utf-8\"><\/script><\/p>\n","protected":false},"excerpt":{"rendered":"Le 5 d\u00e9cembre 2022, des militants de la France Insoumise avaient \u00e9t\u00e9 agress\u00e9s par un groupe de cinq&hellip;\n","protected":false},"author":2,"featured_media":384854,"comment_status":"","ping_status":"","sticky":false,"template":"","format":"standard","meta":{"footnotes":""},"categories":[1889],"tags":[1111,11,2813,2190,2430,1109,251,1112,2811,1777,674,118,1011,27,1922,1110,1114,2428,2810,12,241,316,25,2812,517,800],"class_list":{"0":"post-384853","1":"post","2":"type-post","3":"status-publish","4":"format-standard","5":"has-post-thumbnail","7":"category-lyon","8":"tag-actu","9":"tag-actualites","10":"tag-article","11":"tag-asvel","12":"tag-auvergne-rhone-alpes","13":"tag-breves","14":"tag-culture","15":"tag-depeches","16":"tag-economique","17":"tag-eu","18":"tag-europe","19":"tag-faits-divers","20":"tag-fr","21":"tag-france","22":"tag-info","23":"tag-informations","24":"tag-infos","25":"tag-lyon","26":"tag-lyonmag","27":"tag-news","28":"tag-ol","29":"tag-politique","30":"tag-republique-francaise","31":"tag-sociale","32":"tag-sport","33":"tag-transports"},"share_on_mastodon":{"url":"https:\/\/pubeurope.com\/@fr\/115190386124039618","error":""},"_links":{"self":[{"href":"https:\/\/www.europesays.com\/fr\/wp-json\/wp\/v2\/posts\/384853","targetHints":{"allow":["GET"]}}],"collection":[{"href":"https:\/\/www.europesays.com\/fr\/wp-json\/wp\/v2\/posts"}],"about":[{"href":"https:\/\/www.europesays.com\/fr\/wp-json\/wp\/v2\/types\/post"}],"author":[{"embeddable":true,"href":"https:\/\/www.europesays.com\/fr\/wp-json\/wp\/v2\/users\/2"}],"replies":[{"embeddable":true,"href":"https:\/\/www.europesays.com\/fr\/wp-json\/wp\/v2\/comments?post=384853"}],"version-history":[{"count":0,"href":"https:\/\/www.europesays.com\/fr\/wp-json\/wp\/v2\/posts\/384853\/revisions"}],"wp:featuredmedia":[{"embeddable":true,"href":"https:\/\/www.europesays.com\/fr\/wp-json\/wp\/v2\/media\/384854"}],"wp:attachment":[{"href":"https:\/\/www.europesays.com\/fr\/wp-json\/wp\/v2\/media?parent=384853"}],"wp:term":[{"taxonomy":"category","embeddable":true,"href":"https:\/\/www.europesays.com\/fr\/wp-json\/wp\/v2\/categories?post=384853"},{"taxonomy":"post_tag","embeddable":true,"href":"https:\/\/www.europesays.com\/fr\/wp-json\/wp\/v2\/tags?post=384853"}],"curies":[{"name":"wp","href":"https:\/\/api.w.org\/{rel}","templated":true}]}}